{"id":10821,"date":"2021-11-15T17:34:06","date_gmt":"2021-11-15T20:34:06","guid":{"rendered":"https:\/\/radiorevelacionfm.cl\/?p=10821"},"modified":"2021-11-15T17:34:06","modified_gmt":"2021-11-15T20:34:06","slug":"inician-obras-en-telecomunicaciones-para-mejorar-la-conectividad-en-islas-huichas","status":"publish","type":"post","link":"https:\/\/radiorevelacionfm.cl\/?p=10821","title":{"rendered":"Inician obras en telecomunicaciones para mejorar la conectividad en Islas Huichas"},"content":{"rendered":"<div class=\"flex_column av_one_full  flex_column_div av-zero-column-padding first  avia-builder-el-0  el_before_av_one_full  avia-builder-el-first  \" style='border-radius:0px; '><div  class='avia-image-container  av-styling-    avia-builder-el-1  avia-builder-el-no-sibling  avia-align-center '  itemprop=\"image\" itemscope=\"itemscope\" itemtype=\"https:\/\/schema.org\/ImageObject\"  ><div class='avia-image-container-inner'><div class='avia-image-overlay-wrap'><img decoding=\"async\" class='wp-image-10822 avia-img-lazy-loading-not-10822 avia_image' src=\"https:\/\/radiorevelacionfm.cl\/wp-content\/uploads\/2021\/11\/DSC_2139-1-1.jpg\" alt='' title='DSC_2139 (1) (1)' height=\"600\" width=\"903\"  itemprop=\"thumbnailUrl\" srcset=\"https:\/\/radiorevelacionfm.cl\/wp-content\/uploads\/2021\/11\/DSC_2139-1-1.jpg 903w, https:\/\/radiorevelacionfm.cl\/wp-content\/uploads\/2021\/11\/DSC_2139-1-1-300x199.jpg 300w, https:\/\/radiorevelacionfm.cl\/wp-content\/uploads\/2021\/11\/DSC_2139-1-1-768x510.jpg 768w, https:\/\/radiorevelacionfm.cl\/wp-content\/uploads\/2021\/11\/DSC_2139-1-1-705x468.jpg 705w, https:\/\/radiorevelacionfm.cl\/wp-content\/uploads\/2021\/11\/DSC_2139-1-1-600x399.jpg 600w\" sizes=\"(max-width: 903px) 100vw, 903px\" \/><\/div><\/div><\/div><\/div><div class=\"flex_column av_one_full  flex_column_div av-zero-column-padding first  avia-builder-el-2  el_after_av_one_full  el_before_av_one_full  column-top-margin\" style='border-radius:0px; '><section class=\"av_textblock_section \"  itemscope=\"itemscope\" itemtype=\"https:\/\/schema.org\/BlogPosting\" itemprop=\"blogPost\" ><div class='avia_textblock  '   itemprop=\"text\" ><p style=\"text-align: center;\"><strong><span style=\"font-size: 18pt;\">Inician obras en telecomunicaciones para mejorar la conectividad en Islas Huichas<\/span><\/strong><\/p>\n<div id=\"gtx-trans\" style=\"position: absolute; left: -50px; top: 4.31534px;\">\n<div class=\"gtx-trans-icon\"><\/div>\n<\/div>\n<\/div><\/section><\/div><div class=\"flex_column av_one_full  flex_column_div av-zero-column-padding first  avia-builder-el-4  el_after_av_one_full  el_before_av_hr  column-top-margin\" style='border-radius:0px; '><section class=\"av_textblock_section \"  itemscope=\"itemscope\" itemtype=\"https:\/\/schema.org\/BlogPosting\" itemprop=\"blogPost\" ><div class='avia_textblock  '   itemprop=\"text\" ><p style=\"font-weight: 400; text-align: justify;\">A fin de informar sobre las gestiones realizadas desde el Gobierno para mejorar la conectividad de localidades de la comuna de Ays\u00e9n, el seremiTT Fabi\u00e1n Rojas y diputada Aracely Leuqu\u00e9n se refirieron a las necesidades de conectividad que afectan particularmente a Islas Huichas y las obras solicitadas a la empresa privada para avanzar en esta materia.<\/p>\n<p style=\"font-weight: 400; text-align: justify;\">En este sentido, la autoridad sectorial declar\u00f3 que este 15 de noviembre la empresa concesionaria de servicios de telecomunicaciones en Islas Huichas, Entel, inici\u00f3 faenas para mejorar la infraestructura de telecomunicaciones en la zona y proveer un mejor servicio en un corto plazo:<\/p>\n<p style=\"font-weight: 400; text-align: justify;\">\u201cLa primera parte del compromiso que se cumpli\u00f3, fue aumentar la transmisi\u00f3n de datos. La segunda etapa de este trabajo que parte este 15 de noviembre, fecha que comprometi\u00f3 Entel, es el refuerzo de la estructura de la antena, que va a cambiar de 3G a 4G. Hay que hacer una serie de trabajos a partir de hoy desde el punto de vista de la infraestructura y de lo tecnol\u00f3gico, que van a permitir a los vecinos de Islas Huichas un cambio importante desde el punto de vista de las telecomunicaciones\u201d, anunci\u00f3 Rojas.<\/p>\n<p style=\"font-weight: 400; text-align: justify;\">Respecto a los reclamos que hicieron llegar los habitantes de Villa Ma\u00f1ihuales a fines de octubre, el seremiTT aclar\u00f3 que se trat\u00f3 de una falla puntual de la antena repetidora situada en Mano Negra, la cual ya fue resuelta por la empresa encargada de los servicios. Ante ello, Rojas reiter\u00f3 a los usuarios sobre la necesidad de realizar los reclamos para resolver a la brevedad estas contingencias.<\/p>\n<p style=\"font-weight: 400; text-align: justify;\">\u201cEsto es din\u00e1mico, no es la primera vez que vamos a tener un corte. Por eso es importante que cuando se den esas situaciones las comunidades den aviso inmediato, para que nosotros exijamos a la empresa soluciones r\u00e1pidas y concretas\u201d, explic\u00f3.<\/p>\n<p style=\"font-weight: 400; text-align: justify;\">Finalmente, la diputada Aracely Leuqu\u00e9n tambi\u00e9n destac\u00f3 el rol que juega la empresa privada como proveedores de estos servicios: \u201cEstamos en Puerto Ays\u00e9n en el marco de algunas solicitudes que se han hecho, producto de las complejidades de la conectividad m\u00f3vil en lugares como Puerto Aguirre. Tenemos al seremiTT que est\u00e1 muy preocupado por entregar una respuesta a estas problem\u00e1ticas que tienen estas localidades tan aisladas en la provincia de Ays\u00e9n. Por eso queremos escuchar cuales son las medidas de soluci\u00f3n que se han impulsado para resolver esta problem\u00e1tica\u201d.<\/p>\n<\/div><\/section><\/div><div  style='height:50px' class='hr hr-invisible   avia-builder-el-6  el_after_av_one_full  el_before_av_social_share '><span class='hr-inner ' ><span class='hr-inner-style'><\/span><\/span><\/div><\/p>\n<div  class='av-social-sharing-box  avia-builder-el-7  el_after_av_hr  el_before_av_hr  '><div class='av-share-box'><h5 class='av-share-link-description av-no-toc '>Compartir esta noticia<\/h5><ul class='av-share-box-list noLightbox'><li class='av-share-link av-social-link-facebook' ><a target=\"_blank\" aria-label=\"Compartir en Facebook\" href='https:\/\/www.facebook.com\/sharer.php?u=https:\/\/radiorevelacionfm.cl\/?p=10821&#038;t=Inician%20obras%20en%20telecomunicaciones%20para%20mejorar%20la%20conectividad%20en%20Islas%20Huichas' aria-hidden='false' data-av_icon='\ue8f3' data-av_iconfont='entypo-fontello' title='' data-avia-related-tooltip='Compartir en Facebook' rel=\"noopener\"><span class='avia_hidden_link_text'>Compartir en Facebook<\/span><\/a><\/li><li class='av-share-link av-social-link-twitter' ><a target=\"_blank\" aria-label=\"Compartir en Twitter\" href='https:\/\/twitter.com\/share?text=Inician%20obras%20en%20telecomunicaciones%20para%20mejorar%20la%20conectividad%20en%20Islas%20Huichas&#038;url=https:\/\/radiorevelacionfm.cl\/?p=10821' aria-hidden='false' data-av_icon='\ue8f1' data-av_iconfont='entypo-fontello' title='' data-avia-related-tooltip='Compartir en Twitter' rel=\"noopener\"><span class='avia_hidden_link_text'>Compartir en Twitter<\/span><\/a><\/li><li class='av-share-link av-social-link-whatsapp' ><a target=\"_blank\" aria-label=\"Compartir en Whatsapp\" href='https:\/\/api.whatsapp.com\/send?text=https:\/\/radiorevelacionfm.cl\/?p=10821' aria-hidden='false' data-av_icon='\uf232' data-av_iconfont='entypo-fontello' title='' data-avia-related-tooltip='Compartir en Whatsapp' rel=\"noopener\"><span class='avia_hidden_link_text'>Compartir en Whatsapp<\/span><\/a><\/li><li class='av-share-link av-social-link-linkedin' ><a target=\"_blank\" aria-label=\"Compartir en LinkedIn\" href='https:\/\/linkedin.com\/shareArticle?mini=true&#038;title=Inician%20obras%20en%20telecomunicaciones%20para%20mejorar%20la%20conectividad%20en%20Islas%20Huichas&#038;url=https:\/\/radiorevelacionfm.cl\/?p=10821' aria-hidden='false' data-av_icon='\ue8fc' data-av_iconfont='entypo-fontello' title='' data-avia-related-tooltip='Compartir en LinkedIn' rel=\"noopener\"><span class='avia_hidden_link_text'>Compartir en LinkedIn<\/span><\/a><\/li><li class='av-share-link av-social-link-mail' ><a  aria-label=\"Compartir por correo\" href='mailto:?subject=Inician%20obras%20en%20telecomunicaciones%20para%20mejorar%20la%20conectividad%20en%20Islas%20Huichas&#038;body=https:\/\/radiorevelacionfm.cl\/?p=10821' aria-hidden='false' data-av_icon='\ue805' data-av_iconfont='entypo-fontello' title='' data-avia-related-tooltip='Compartir por correo'><span class='avia_hidden_link_text'>Compartir por correo<\/span><\/a><\/li><\/ul><\/div><\/div>\n<div  style='height:50px' class='hr hr-invisible   avia-builder-el-8  el_after_av_social_share  el_before_av_comments_list '><span class='hr-inner ' ><span class='hr-inner-style'><\/span><\/span><\/div>\n<div  class='av-buildercomment  av-blog-meta-html-info-disabled av-blog-meta-tag-disabled  '><\/div>\n","protected":false},"excerpt":{"rendered":"","protected":false},"author":1,"featured_media":10822,"comment_status":"open","ping_status":"open","sticky":false,"template":"","format":"standard","meta":{"footnotes":""},"categories":[38],"tags":[],"class_list":["post-10821","post","type-post","status-publish","format-standard","has-post-thumbnail","hentry","category-regional"],"jetpack_featured_media_url":"https:\/\/radiorevelacionfm.cl\/wp-content\/uploads\/2021\/11\/DSC_2139-1-1.jpg","_links":{"self":[{"href":"https:\/\/radiorevelacionfm.cl\/index.php?rest_route=\/wp\/v2\/posts\/10821","targetHints":{"allow":["GET"]}}],"collection":[{"href":"https:\/\/radiorevelacionfm.cl\/index.php?rest_route=\/wp\/v2\/posts"}],"about":[{"href":"https:\/\/radiorevelacionfm.cl\/index.php?rest_route=\/wp\/v2\/types\/post"}],"author":[{"embeddable":true,"href":"https:\/\/radiorevelacionfm.cl\/index.php?rest_route=\/wp\/v2\/users\/1"}],"replies":[{"embeddable":true,"href":"https:\/\/radiorevelacionfm.cl\/index.php?rest_route=%2Fwp%2Fv2%2Fcomments&post=10821"}],"version-history":[{"count":2,"href":"https:\/\/radiorevelacionfm.cl\/index.php?rest_route=\/wp\/v2\/posts\/10821\/revisions"}],"predecessor-version":[{"id":10824,"href":"https:\/\/radiorevelacionfm.cl\/index.php?rest_route=\/wp\/v2\/posts\/10821\/revisions\/10824"}],"wp:featuredmedia":[{"embeddable":true,"href":"https:\/\/radiorevelacionfm.cl\/index.php?rest_route=\/wp\/v2\/media\/10822"}],"wp:attachment":[{"href":"https:\/\/radiorevelacionfm.cl\/index.php?rest_route=%2Fwp%2Fv2%2Fmedia&parent=10821"}],"wp:term":[{"taxonomy":"category","embeddable":true,"href":"https:\/\/radiorevelacionfm.cl\/index.php?rest_route=%2Fwp%2Fv2%2Fcategories&post=10821"},{"taxonomy":"post_tag","embeddable":true,"href":"https:\/\/radiorevelacionfm.cl\/index.php?rest_route=%2Fwp%2Fv2%2Ftags&post=10821"}],"curies":[{"name":"wp","href":"https:\/\/api.w.org\/{rel}","templated":true}]}}