{"id":10812,"date":"2021-11-15T15:55:01","date_gmt":"2021-11-15T18:55:01","guid":{"rendered":"https:\/\/radiorevelacionfm.cl\/?p=10812"},"modified":"2021-11-15T15:55:01","modified_gmt":"2021-11-15T18:55:01","slug":"consejeros-abello-y-campos-lamentablemente-en-villa-ohiggins-contamos-con-la-peor-telefonia-e-internet-de-la-region","status":"publish","type":"post","link":"https:\/\/radiorevelacionfm.cl\/?p=10812","title":{"rendered":"Consejeros Abello y Campos: \u201cLamentablemente en Villa O\u2019Higgins contamos con la peor Telefon\u00eda e Internet de la regi\u00f3n\u201d"},"content":{"rendered":"<div class=\"flex_column av_one_full  flex_column_div av-zero-column-padding first  avia-builder-el-0  el_before_av_one_full  avia-builder-el-first  \" style='border-radius:0px; '><div  class='avia-image-container  av-styling-    avia-builder-el-1  avia-builder-el-no-sibling  avia-align-center '  itemprop=\"image\" itemscope=\"itemscope\" itemtype=\"https:\/\/schema.org\/ImageObject\"  ><div class='avia-image-container-inner'><div class='avia-image-overlay-wrap'><img decoding=\"async\" class='wp-image-10813 avia-img-lazy-loading-not-10813 avia_image' src=\"https:\/\/radiorevelacionfm.cl\/wp-content\/uploads\/2021\/11\/IMG_7848-1-1.jpg\" alt='' title='IMG_7848 (1) (1)' height=\"600\" width=\"900\"  itemprop=\"thumbnailUrl\" srcset=\"https:\/\/radiorevelacionfm.cl\/wp-content\/uploads\/2021\/11\/IMG_7848-1-1.jpg 900w, https:\/\/radiorevelacionfm.cl\/wp-content\/uploads\/2021\/11\/IMG_7848-1-1-300x200.jpg 300w, https:\/\/radiorevelacionfm.cl\/wp-content\/uploads\/2021\/11\/IMG_7848-1-1-768x512.jpg 768w, https:\/\/radiorevelacionfm.cl\/wp-content\/uploads\/2021\/11\/IMG_7848-1-1-705x470.jpg 705w, https:\/\/radiorevelacionfm.cl\/wp-content\/uploads\/2021\/11\/IMG_7848-1-1-600x400.jpg 600w\" sizes=\"(max-width: 900px) 100vw, 900px\" \/><\/div><\/div><\/div><\/div><div class=\"flex_column av_one_full  flex_column_div av-zero-column-padding first  avia-builder-el-2  el_after_av_one_full  el_before_av_one_full  column-top-margin\" style='border-radius:0px; '><section class=\"av_textblock_section \"  itemscope=\"itemscope\" itemtype=\"https:\/\/schema.org\/BlogPosting\" itemprop=\"blogPost\" ><div class='avia_textblock  '   itemprop=\"text\" ><p style=\"text-align: center;\"><span style=\"font-size: 18pt;\"><strong>Consejeros Abello y Campos: \u201cLamentablemente en Villa O\u2019Higgins contamos con la peor Telefon\u00eda e Internet de la regi\u00f3n\u201d<\/strong><\/span><\/p>\n<div id=\"gtx-trans\" style=\"position: absolute; left: -50px; top: 4.31534px;\">\n<div class=\"gtx-trans-icon\"><\/div>\n<\/div>\n<\/div><\/section><\/div><div class=\"flex_column av_one_full  flex_column_div av-zero-column-padding first  avia-builder-el-4  el_after_av_one_full  el_before_av_hr  column-top-margin\" style='border-radius:0px; '><section class=\"av_textblock_section \"  itemscope=\"itemscope\" itemtype=\"https:\/\/schema.org\/BlogPosting\" itemprop=\"blogPost\" ><div class='avia_textblock  '   itemprop=\"text\" ><p style=\"text-align: justify;\">Hace m\u00e1s de un a\u00f1o que se trabaj\u00f3 y aprob\u00f3 el Plan de Zona de Rezago para la provincia Capit\u00e1n Prat, donde en el diagn\u00f3stico la comuna de O\u2019Higgins result\u00f3 tener el mayor \u00edndice de rezago regional que se explica por diferentes vulnerabilidades que frenan el desarrollo social y productivo de la poblaci\u00f3n, siendo uno de los aspectos a mejorar la conectividad digital, telefon\u00eda e internet. A la fecha no se ha avanzado, por lo tanto, existe frustraci\u00f3n en la comunidad y expectativas no cumplidas en la materia.<\/p>\n<p style=\"text-align: justify;\">Respecto a la falta de inversi\u00f3n en infraestructura de las telecomunicaciones para la comuna de O\u00b4Higgins, el Consejero Regional Jorge Abello comento \u201cel reclamo de la comunidad es v\u00e1lido y urgente de resolver, pese a que existen pol\u00edticas especiales como el plan de rezago, donde los proyectos debieran avanzar con mayor facilidad, lamentablemente ha ocurrido todo lo contrario, sumado a ello las empresas de telefon\u00eda prestan servicios muy b\u00e1sicos y limitados a los usuarios\u201d.<\/p>\n<p style=\"text-align: justify;\">Agrego adem\u00e1s el Consejero Abello que \u201cHay una posible mejora de muy corto plazo que depende s\u00f3lo de Entel, situaci\u00f3n que fue abordada en reuni\u00f3n con autoridades locales y la empresa, la cual esperamos se materialice prontamente y que b\u00e1sicamente es acceder a m\u00e1s megas desde plataforma satelital\u201d. Necesitamos que el gobierno a trav\u00e9s de Subtel avance de una vez por todas en concretar las iniciativas pendientes, una de ellas que es la Extensi\u00f3n de Red de Fibra \u00d3ptica desde Tortel proyecto de mayor relevancia, as\u00ed tambi\u00e9n concretar proyectos de 8 localidades, aprobado\u00a0 hace un tiempo por el Core pero no logra alcanzar la etapa de ejecuci\u00f3n y que entre otras localidades\u00a0 beneficiaria a\u00a0 familias del\u00a0 interior del\u00a0 Lago O\u2019Higgins\u201d.<\/p>\n<p style=\"text-align: justify;\">Para su parte el Consejero Regional Carlos Campos se\u00f1al\u00f3, que \u201cno ha existido voluntad para solucionar este grave problema de conectividad digital para los vecinos de Villa O\u2019Higgins. La autoridad pol\u00edtica del Ministerio de Transporte y Telecomunicaciones en la regi\u00f3n ha dejado muchas dudas en su gesti\u00f3n. Los problemas de conectividad hoy son una prioridad, estudiamos, pagamos impuestos, vendemos, compramos e innovamos en telemedicina por internet, la conectividad digital es hoy un servicio b\u00e1sico para los habitantes de la regi\u00f3n de Ays\u00e9n. Necesitamos que se avance con celeridad y dejar de dar explicaciones, o se obtienen resultados o se fracasa. Hoy, al parecer se ha fracasado en el ministerio de transporte, incendios por todos lados\u201d.<\/p>\n<p style=\"text-align: justify;\">Finalmente, los Consejeros Regionales de la provincia Capit\u00e1n Prat Jorge Abello y Carlos Campos, solicitaran una evaluaci\u00f3n del plan de rezago respecto de las iniciativas de telecomunicaciones, para lo cual plantearan a la gobernadora regional pueda solicitar la visita e intervenci\u00f3n de la Subsecretaria de Telecomunicaciones y de la Subsecretaria de Desarrollo Regional donde recae la g\u00e9nesis de los planes de rezago\u201d.<\/p>\n<\/div><\/section><\/div><div  style='height:50px' class='hr hr-invisible   avia-builder-el-6  el_after_av_one_full  el_before_av_social_share '><span class='hr-inner ' ><span class='hr-inner-style'><\/span><\/span><\/div><\/p>\n<div  class='av-social-sharing-box  avia-builder-el-7  el_after_av_hr  el_before_av_hr  '><div class='av-share-box'><h5 class='av-share-link-description av-no-toc '>Compartir esta noticia<\/h5><ul class='av-share-box-list noLightbox'><li class='av-share-link av-social-link-facebook' ><a target=\"_blank\" aria-label=\"Compartir en Facebook\" href='https:\/\/www.facebook.com\/sharer.php?u=https:\/\/radiorevelacionfm.cl\/?p=10812&#038;t=Consejeros%20Abello%20y%20Campos%3A%20%E2%80%9CLamentablemente%20en%20Villa%20O%E2%80%99Higgins%20contamos%20con%20la%20peor%20Telefon%C3%ADa%20e%20Internet%20de%20la%20regi%C3%B3n%E2%80%9D' aria-hidden='false' data-av_icon='\ue8f3' data-av_iconfont='entypo-fontello' title='' data-avia-related-tooltip='Compartir en Facebook' rel=\"noopener\"><span class='avia_hidden_link_text'>Compartir en Facebook<\/span><\/a><\/li><li class='av-share-link av-social-link-twitter' ><a target=\"_blank\" aria-label=\"Compartir en Twitter\" href='https:\/\/twitter.com\/share?text=Consejeros%20Abello%20y%20Campos%3A%20%E2%80%9CLamentablemente%20en%20Villa%20O%E2%80%99Higgins%20contamos%20con%20la%20peor%20Telefon%C3%ADa%20e%20Internet%20de%20la%20regi%C3%B3n%E2%80%9D&#038;url=https:\/\/radiorevelacionfm.cl\/?p=10812' aria-hidden='false' data-av_icon='\ue8f1' data-av_iconfont='entypo-fontello' title='' data-avia-related-tooltip='Compartir en Twitter' rel=\"noopener\"><span class='avia_hidden_link_text'>Compartir en Twitter<\/span><\/a><\/li><li class='av-share-link av-social-link-whatsapp' ><a target=\"_blank\" aria-label=\"Compartir en Whatsapp\" href='https:\/\/api.whatsapp.com\/send?text=https:\/\/radiorevelacionfm.cl\/?p=10812' aria-hidden='false' data-av_icon='\uf232' data-av_iconfont='entypo-fontello' title='' data-avia-related-tooltip='Compartir en Whatsapp' rel=\"noopener\"><span class='avia_hidden_link_text'>Compartir en Whatsapp<\/span><\/a><\/li><li class='av-share-link av-social-link-linkedin' ><a target=\"_blank\" aria-label=\"Compartir en LinkedIn\" href='https:\/\/linkedin.com\/shareArticle?mini=true&#038;title=Consejeros%20Abello%20y%20Campos%3A%20%E2%80%9CLamentablemente%20en%20Villa%20O%E2%80%99Higgins%20contamos%20con%20la%20peor%20Telefon%C3%ADa%20e%20Internet%20de%20la%20regi%C3%B3n%E2%80%9D&#038;url=https:\/\/radiorevelacionfm.cl\/?p=10812' aria-hidden='false' data-av_icon='\ue8fc' data-av_iconfont='entypo-fontello' title='' data-avia-related-tooltip='Compartir en LinkedIn' rel=\"noopener\"><span class='avia_hidden_link_text'>Compartir en LinkedIn<\/span><\/a><\/li><li class='av-share-link av-social-link-mail' ><a  aria-label=\"Compartir por correo\" href='mailto:?subject=Consejeros%20Abello%20y%20Campos%3A%20%E2%80%9CLamentablemente%20en%20Villa%20O%E2%80%99Higgins%20contamos%20con%20la%20peor%20Telefon%C3%ADa%20e%20Internet%20de%20la%20regi%C3%B3n%E2%80%9D&#038;body=https:\/\/radiorevelacionfm.cl\/?p=10812' aria-hidden='false' data-av_icon='\ue805' data-av_iconfont='entypo-fontello' title='' data-avia-related-tooltip='Compartir por correo'><span class='avia_hidden_link_text'>Compartir por correo<\/span><\/a><\/li><\/ul><\/div><\/div>\n<div  style='height:50px' class='hr hr-invisible   avia-builder-el-8  el_after_av_social_share  el_before_av_comments_list '><span class='hr-inner ' ><span class='hr-inner-style'><\/span><\/span><\/div>\n<div  class='av-buildercomment  av-blog-meta-html-info-disabled av-blog-meta-tag-disabled  '><\/div>\n","protected":false},"excerpt":{"rendered":"","protected":false},"author":1,"featured_media":10813,"comment_status":"open","ping_status":"open","sticky":false,"template":"","format":"standard","meta":{"footnotes":""},"categories":[38],"tags":[],"class_list":["post-10812","post","type-post","status-publish","format-standard","has-post-thumbnail","hentry","category-regional"],"jetpack_featured_media_url":"https:\/\/radiorevelacionfm.cl\/wp-content\/uploads\/2021\/11\/IMG_7848-1-1.jpg","_links":{"self":[{"href":"https:\/\/radiorevelacionfm.cl\/index.php?rest_route=\/wp\/v2\/posts\/10812","targetHints":{"allow":["GET"]}}],"collection":[{"href":"https:\/\/radiorevelacionfm.cl\/index.php?rest_route=\/wp\/v2\/posts"}],"about":[{"href":"https:\/\/radiorevelacionfm.cl\/index.php?rest_route=\/wp\/v2\/types\/post"}],"author":[{"embeddable":true,"href":"https:\/\/radiorevelacionfm.cl\/index.php?rest_route=\/wp\/v2\/users\/1"}],"replies":[{"embeddable":true,"href":"https:\/\/radiorevelacionfm.cl\/index.php?rest_route=%2Fwp%2Fv2%2Fcomments&post=10812"}],"version-history":[{"count":2,"href":"https:\/\/radiorevelacionfm.cl\/index.php?rest_route=\/wp\/v2\/posts\/10812\/revisions"}],"predecessor-version":[{"id":10815,"href":"https:\/\/radiorevelacionfm.cl\/index.php?rest_route=\/wp\/v2\/posts\/10812\/revisions\/10815"}],"wp:featuredmedia":[{"embeddable":true,"href":"https:\/\/radiorevelacionfm.cl\/index.php?rest_route=\/wp\/v2\/media\/10813"}],"wp:attachment":[{"href":"https:\/\/radiorevelacionfm.cl\/index.php?rest_route=%2Fwp%2Fv2%2Fmedia&parent=10812"}],"wp:term":[{"taxonomy":"category","embeddable":true,"href":"https:\/\/radiorevelacionfm.cl\/index.php?rest_route=%2Fwp%2Fv2%2Fcategories&post=10812"},{"taxonomy":"post_tag","embeddable":true,"href":"https:\/\/radiorevelacionfm.cl\/index.php?rest_route=%2Fwp%2Fv2%2Ftags&post=10812"}],"curies":[{"name":"wp","href":"https:\/\/api.w.org\/{rel}","templated":true}]}}