{"id":10804,"date":"2021-11-15T15:11:19","date_gmt":"2021-11-15T18:11:19","guid":{"rendered":"https:\/\/radiorevelacionfm.cl\/?p=10804"},"modified":"2021-11-15T15:11:19","modified_gmt":"2021-11-15T18:11:19","slug":"alcaldes-de-la-region-coordinan-reunion-con-constituyentes-de-aysen-para-el-19-de-noviembre","status":"publish","type":"post","link":"https:\/\/radiorevelacionfm.cl\/?p=10804","title":{"rendered":"Alcaldes de la regi\u00f3n coordinan reuni\u00f3n con constituyentes de Ays\u00e9n para el 19 de noviembre"},"content":{"rendered":"<div class=\"flex_column av_one_full  flex_column_div av-zero-column-padding first  avia-builder-el-0  el_before_av_one_full  avia-builder-el-first  \" style='border-radius:0px; '><div  class='avia-image-container  av-styling-    avia-builder-el-1  avia-builder-el-no-sibling  avia-align-center '  itemprop=\"image\" itemscope=\"itemscope\" itemtype=\"https:\/\/schema.org\/ImageObject\"  ><div class='avia-image-container-inner'><div class='avia-image-overlay-wrap'><img decoding=\"async\" class='wp-image-10805 avia-img-lazy-loading-not-10805 avia_image' src=\"https:\/\/radiorevelacionfm.cl\/wp-content\/uploads\/2021\/11\/Foto-referencial-1-1.jpeg\" alt='' title='Foto referencial (1) (1)' height=\"600\" width=\"800\"  itemprop=\"thumbnailUrl\" srcset=\"https:\/\/radiorevelacionfm.cl\/wp-content\/uploads\/2021\/11\/Foto-referencial-1-1.jpeg 800w, https:\/\/radiorevelacionfm.cl\/wp-content\/uploads\/2021\/11\/Foto-referencial-1-1-300x225.jpeg 300w, https:\/\/radiorevelacionfm.cl\/wp-content\/uploads\/2021\/11\/Foto-referencial-1-1-768x576.jpeg 768w, https:\/\/radiorevelacionfm.cl\/wp-content\/uploads\/2021\/11\/Foto-referencial-1-1-705x529.jpeg 705w, https:\/\/radiorevelacionfm.cl\/wp-content\/uploads\/2021\/11\/Foto-referencial-1-1-600x450.jpeg 600w\" sizes=\"(max-width: 800px) 100vw, 800px\" \/><\/div><\/div><\/div><\/div><div class=\"flex_column av_one_full  flex_column_div av-zero-column-padding first  avia-builder-el-2  el_after_av_one_full  el_before_av_one_full  column-top-margin\" style='border-radius:0px; '><section class=\"av_textblock_section \"  itemscope=\"itemscope\" itemtype=\"https:\/\/schema.org\/BlogPosting\" itemprop=\"blogPost\" ><div class='avia_textblock  '   itemprop=\"text\" ><p style=\"text-align: center;\"><span style=\"font-size: 18pt;\"><b><span lang=\"ES-MX\">Alcaldes de la regi\u00f3n coordinan reuni\u00f3n con constituyentes de Ays\u00e9n para el 19 de noviembre<\/span><\/b><\/span><\/p>\n<div id=\"gtx-trans\" style=\"position: absolute; left: -50px; top: 4.31534px;\">\n<div class=\"gtx-trans-icon\"><\/div>\n<\/div>\n<\/div><\/section><\/div><div class=\"flex_column av_one_full  flex_column_div av-zero-column-padding first  avia-builder-el-4  el_after_av_one_full  el_before_av_hr  column-top-margin\" style='border-radius:0px; '><section class=\"av_textblock_section \"  itemscope=\"itemscope\" itemtype=\"https:\/\/schema.org\/BlogPosting\" itemprop=\"blogPost\" ><div class='avia_textblock  '   itemprop=\"text\" ><p style=\"text-align: justify;\">Con el objetivo de tener mayor comunicaci\u00f3n, generar nuevos espacios para la ciudadan\u00eda y hacer un trabajo territorial, municipios de Ays\u00e9n, liderados por sus jefes comunales, acordaron reuni\u00f3n con Constituyentes de Ays\u00e9n para el 19 de noviembre.<\/p>\n<p style=\"text-align: justify;\">El encuentro ser\u00e1 efectuado en Coyhaique y es el comienzo para definir metodolog\u00edas de trabajo que permitan a los pobladores de la regi\u00f3n tener m\u00e1s instancias de participaci\u00f3n para la construcci\u00f3n de lo que ser\u00e1 la nueva constituci\u00f3n.<\/p>\n<p style=\"text-align: justify;\">Sobre esto, el presidente de la Asociaci\u00f3n de Municipios (AREMU), Marcelo Santana, coment\u00f3 que \u201ccreemos propicio generar una instancia donde todos los alcaldes y los constituyentes elegidos en la regi\u00f3n de Ays\u00e9n, podamos discutir en la fase que se encuentran hoy en d\u00eda los constituyentes, que tiene que ver con un trabajo territorial y como los municipios tambi\u00e9n pueden apoyar esta etapa\u201d.<\/p>\n<p style=\"text-align: justify;\">Por otra parte, asegur\u00f3 que \u201cnos importa mucho que los temas que son importantes para las municipalidades en cuanto a las atribuciones, financiamiento, a la importancia que tienen los municipios en cuanto al rol subsidiario del Estado, que puedan quedar tambi\u00e9n refrendadas en esta nueva constituci\u00f3n\u201d.<\/p>\n<p style=\"text-align: justify;\">Adem\u00e1s, el jefe comunal de R\u00edo Ib\u00e1\u00f1ez, agradeci\u00f3 el tiempo que se dar\u00e1n los convencionales y espera que esta reuni\u00f3n permita sostener acuerdos que beneficien a la ciudadan\u00eda.<\/p>\n<p style=\"text-align: justify;\">Por su parte, el alcalde de Coyhaique, Carlos Gatica profundiz\u00f3 que esto es un trabajo que nace de manera conjunta y transversal con todos los constituyentes de la regi\u00f3n. \u201cLa verdad es que esto es un ejercicio y una acci\u00f3n real a la profundizaci\u00f3n de la democracia, la descentralizaci\u00f3n, a que nuestros vecinos puedan ser escuchados de lo que quieren de este Chile, de que sea su mensaje llevado a trav\u00e9s de los constituyentes y nosotros como municipio generar la apertura, las instancias, para que los pobladores puedan ser escuchados y para que sus constituyentes los puedan escuchar\u201d, afirm\u00f3.<\/p>\n<p style=\"text-align: justify;\">Asimismo, la autoridad comunal asegur\u00f3 que este encuentro permitir\u00e1 posicionar los sue\u00f1os de los coyhaiquinos, de los ayseninos, en la convenci\u00f3n constituyentes del pa\u00eds.<\/p>\n<p style=\"text-align: justify;\"><strong>Reuni\u00f3n para definir el futuro<\/strong><\/p>\n<p style=\"text-align: justify;\">Los tres convencionales constituyentes de la regi\u00f3n de Ays\u00e9n participar\u00e1n de este encuentro que permitir\u00e1 definir el trabajo territorial que tendr\u00e1n con los municipios. Sobre esto, la convencional constituyente, Geoconda Navarrete, expres\u00f3 que \u201cla reuni\u00f3n que sostendremos con la AREMU, y los alcaldes de la regi\u00f3n,\u00a0es para m\u00ed de vital importancia para el trabajo que vamos a realizar. Saber sus sentires, sus visiones, sus expectativas, sobre todo siendo parte de la Comisi\u00f3n de Forma de Estado y de Centralizaci\u00f3n, que nos va a permitir plantear los puntos que son relevantes para mejorar y darle real autonom\u00eda y fortalecer los gobiernos locales\u201d.<\/p>\n<p style=\"text-align: justify;\">Adem\u00e1s, la autoridad explic\u00f3 que esta reuni\u00f3n les dar\u00e1 los \u201cinsumos necesarios de un trabajo continuo de qu\u00e9 se va a hacer durante todo el proceso constituyente, donde efectivamente logremos avances significativos en la norma constitucional que va a regir las municipalidades\u201d.<\/p>\n<p style=\"text-align: justify;\">Cabe destacar que este encuentro ser\u00e1 clave para conformar el trabajo asociativo que planean los jefes comunales y as\u00ed entregar sus posturas para que los municipios y los ciudadanos de Ays\u00e9n participen de manera activa en el proceso constituyente.<\/p>\n<\/div><\/section><\/div><div  style='height:50px' class='hr hr-invisible   avia-builder-el-6  el_after_av_one_full  el_before_av_social_share '><span class='hr-inner ' ><span class='hr-inner-style'><\/span><\/span><\/div><\/p>\n<div  class='av-social-sharing-box  avia-builder-el-7  el_after_av_hr  el_before_av_hr  '><div class='av-share-box'><h5 class='av-share-link-description av-no-toc '>Compartir esta noticia<\/h5><ul class='av-share-box-list noLightbox'><li class='av-share-link av-social-link-facebook' ><a target=\"_blank\" aria-label=\"Compartir en Facebook\" href='https:\/\/www.facebook.com\/sharer.php?u=https:\/\/radiorevelacionfm.cl\/?p=10804&#038;t=Alcaldes%20de%20la%20regi%C3%B3n%20coordinan%20reuni%C3%B3n%20con%20constituyentes%20de%20Ays%C3%A9n%20para%20el%2019%20de%20noviembre' aria-hidden='false' data-av_icon='\ue8f3' data-av_iconfont='entypo-fontello' title='' data-avia-related-tooltip='Compartir en Facebook' rel=\"noopener\"><span class='avia_hidden_link_text'>Compartir en Facebook<\/span><\/a><\/li><li class='av-share-link av-social-link-twitter' ><a target=\"_blank\" aria-label=\"Compartir en Twitter\" href='https:\/\/twitter.com\/share?text=Alcaldes%20de%20la%20regi%C3%B3n%20coordinan%20reuni%C3%B3n%20con%20constituyentes%20de%20Ays%C3%A9n%20para%20el%2019%20de%20noviembre&#038;url=https:\/\/radiorevelacionfm.cl\/?p=10804' aria-hidden='false' data-av_icon='\ue8f1' data-av_iconfont='entypo-fontello' title='' data-avia-related-tooltip='Compartir en Twitter' rel=\"noopener\"><span class='avia_hidden_link_text'>Compartir en Twitter<\/span><\/a><\/li><li class='av-share-link av-social-link-whatsapp' ><a target=\"_blank\" aria-label=\"Compartir en Whatsapp\" href='https:\/\/api.whatsapp.com\/send?text=https:\/\/radiorevelacionfm.cl\/?p=10804' aria-hidden='false' data-av_icon='\uf232' data-av_iconfont='entypo-fontello' title='' data-avia-related-tooltip='Compartir en Whatsapp' rel=\"noopener\"><span class='avia_hidden_link_text'>Compartir en Whatsapp<\/span><\/a><\/li><li class='av-share-link av-social-link-linkedin' ><a target=\"_blank\" aria-label=\"Compartir en LinkedIn\" href='https:\/\/linkedin.com\/shareArticle?mini=true&#038;title=Alcaldes%20de%20la%20regi%C3%B3n%20coordinan%20reuni%C3%B3n%20con%20constituyentes%20de%20Ays%C3%A9n%20para%20el%2019%20de%20noviembre&#038;url=https:\/\/radiorevelacionfm.cl\/?p=10804' aria-hidden='false' data-av_icon='\ue8fc' data-av_iconfont='entypo-fontello' title='' data-avia-related-tooltip='Compartir en LinkedIn' rel=\"noopener\"><span class='avia_hidden_link_text'>Compartir en LinkedIn<\/span><\/a><\/li><li class='av-share-link av-social-link-mail' ><a  aria-label=\"Compartir por correo\" href='mailto:?subject=Alcaldes%20de%20la%20regi%C3%B3n%20coordinan%20reuni%C3%B3n%20con%20constituyentes%20de%20Ays%C3%A9n%20para%20el%2019%20de%20noviembre&#038;body=https:\/\/radiorevelacionfm.cl\/?p=10804' aria-hidden='false' data-av_icon='\ue805' data-av_iconfont='entypo-fontello' title='' data-avia-related-tooltip='Compartir por correo'><span class='avia_hidden_link_text'>Compartir por correo<\/span><\/a><\/li><\/ul><\/div><\/div>\n<div  style='height:50px' class='hr hr-invisible   avia-builder-el-8  el_after_av_social_share  el_before_av_comments_list '><span class='hr-inner ' ><span class='hr-inner-style'><\/span><\/span><\/div>\n<div  class='av-buildercomment  av-blog-meta-html-info-disabled av-blog-meta-tag-disabled  '><\/div>\n","protected":false},"excerpt":{"rendered":"","protected":false},"author":1,"featured_media":10805,"comment_status":"open","ping_status":"open","sticky":false,"template":"","format":"standard","meta":{"footnotes":""},"categories":[38],"tags":[],"class_list":["post-10804","post","type-post","status-publish","format-standard","has-post-thumbnail","hentry","category-regional"],"jetpack_featured_media_url":"https:\/\/radiorevelacionfm.cl\/wp-content\/uploads\/2021\/11\/Foto-referencial-1-1.jpeg","_links":{"self":[{"href":"https:\/\/radiorevelacionfm.cl\/index.php?rest_route=\/wp\/v2\/posts\/10804","targetHints":{"allow":["GET"]}}],"collection":[{"href":"https:\/\/radiorevelacionfm.cl\/index.php?rest_route=\/wp\/v2\/posts"}],"about":[{"href":"https:\/\/radiorevelacionfm.cl\/index.php?rest_route=\/wp\/v2\/types\/post"}],"author":[{"embeddable":true,"href":"https:\/\/radiorevelacionfm.cl\/index.php?rest_route=\/wp\/v2\/users\/1"}],"replies":[{"embeddable":true,"href":"https:\/\/radiorevelacionfm.cl\/index.php?rest_route=%2Fwp%2Fv2%2Fcomments&post=10804"}],"version-history":[{"count":2,"href":"https:\/\/radiorevelacionfm.cl\/index.php?rest_route=\/wp\/v2\/posts\/10804\/revisions"}],"predecessor-version":[{"id":10811,"href":"https:\/\/radiorevelacionfm.cl\/index.php?rest_route=\/wp\/v2\/posts\/10804\/revisions\/10811"}],"wp:featuredmedia":[{"embeddable":true,"href":"https:\/\/radiorevelacionfm.cl\/index.php?rest_route=\/wp\/v2\/media\/10805"}],"wp:attachment":[{"href":"https:\/\/radiorevelacionfm.cl\/index.php?rest_route=%2Fwp%2Fv2%2Fmedia&parent=10804"}],"wp:term":[{"taxonomy":"category","embeddable":true,"href":"https:\/\/radiorevelacionfm.cl\/index.php?rest_route=%2Fwp%2Fv2%2Fcategories&post=10804"},{"taxonomy":"post_tag","embeddable":true,"href":"https:\/\/radiorevelacionfm.cl\/index.php?rest_route=%2Fwp%2Fv2%2Ftags&post=10804"}],"curies":[{"name":"wp","href":"https:\/\/api.w.org\/{rel}","templated":true}]}}