{"id":10800,"date":"2021-11-15T14:48:41","date_gmt":"2021-11-15T17:48:41","guid":{"rendered":"https:\/\/radiorevelacionfm.cl\/?p=10800"},"modified":"2021-11-15T14:48:41","modified_gmt":"2021-11-15T17:48:41","slug":"presentan-visor-territorial-con-toda-la-informacion-de-estas-elecciones-en-un-solo-lugar","status":"publish","type":"post","link":"https:\/\/radiorevelacionfm.cl\/?p=10800","title":{"rendered":"Presentan Visor Territorial con toda la informaci\u00f3n de estas elecciones en un solo lugar"},"content":{"rendered":"<div class=\"flex_column av_one_full  flex_column_div av-zero-column-padding first  avia-builder-el-0  el_before_av_one_full  avia-builder-el-first  \" style='border-radius:0px; '><div  class='avia-image-container  av-styling-    avia-builder-el-1  avia-builder-el-no-sibling  avia-align-center '  itemprop=\"image\" itemscope=\"itemscope\" itemtype=\"https:\/\/schema.org\/ImageObject\"  ><div class='avia-image-container-inner'><div class='avia-image-overlay-wrap'><img decoding=\"async\" class='wp-image-10801 avia-img-lazy-loading-not-10801 avia_image' src=\"https:\/\/radiorevelacionfm.cl\/wp-content\/uploads\/2021\/11\/ministro1-1-1.jpg\" alt='' title='ministro1 (1) (1)' height=\"600\" width=\"978\"  itemprop=\"thumbnailUrl\" srcset=\"https:\/\/radiorevelacionfm.cl\/wp-content\/uploads\/2021\/11\/ministro1-1-1.jpg 978w, https:\/\/radiorevelacionfm.cl\/wp-content\/uploads\/2021\/11\/ministro1-1-1-300x184.jpg 300w, https:\/\/radiorevelacionfm.cl\/wp-content\/uploads\/2021\/11\/ministro1-1-1-768x471.jpg 768w, https:\/\/radiorevelacionfm.cl\/wp-content\/uploads\/2021\/11\/ministro1-1-1-705x433.jpg 705w, https:\/\/radiorevelacionfm.cl\/wp-content\/uploads\/2021\/11\/ministro1-1-1-600x368.jpg 600w\" sizes=\"(max-width: 978px) 100vw, 978px\" \/><\/div><\/div><\/div><\/div><div class=\"flex_column av_one_full  flex_column_div av-zero-column-padding first  avia-builder-el-2  el_after_av_one_full  el_before_av_one_full  column-top-margin\" style='border-radius:0px; '><section class=\"av_textblock_section \"  itemscope=\"itemscope\" itemtype=\"https:\/\/schema.org\/BlogPosting\" itemprop=\"blogPost\" ><div class='avia_textblock  '   itemprop=\"text\" ><p style=\"text-align: center;\"><strong><span style=\"font-size: 18pt;\">Presentan Visor Territorial con toda la informaci\u00f3n de estas elecciones en un solo lugar <\/span><\/strong><\/p>\n<div id=\"gtx-trans\" style=\"position: absolute; left: -50px; top: 4.31534px;\">\n<div class=\"gtx-trans-icon\"><\/div>\n<\/div>\n<\/div><\/section><\/div><div class=\"flex_column av_one_full  flex_column_div av-zero-column-padding first  avia-builder-el-4  el_after_av_one_full  el_before_av_hr  column-top-margin\" style='border-radius:0px; '><section class=\"av_textblock_section \"  itemscope=\"itemscope\" itemtype=\"https:\/\/schema.org\/BlogPosting\" itemprop=\"blogPost\" ><div class='avia_textblock  '   itemprop=\"text\" ><p style=\"text-align: justify;\">El ministro de Bienes Nacionales, Julio Isamit, present\u00f3 la actualizaci\u00f3n del Visor Territorial de Elecciones, disponible para todos los votantes que este domingo participar\u00e1n de los comicios. Este visor permite conocer la \u201cgeograf\u00eda del voto\u201d para conocer con anticipaci\u00f3n las papeletas y votar m\u00e1s r\u00e1pido, buscar la georreferenciaci\u00f3n de los locales de votaci\u00f3n y c\u00f3mo llegar a ellos, e informarse sobre datos electorales y la situaci\u00f3n sanitaria de tu comuna.<\/p>\n<p style=\"text-align: justify;\">\u201cCuando Chile inicia un nuevo ciclo pol\u00edtico, que ser\u00e1 determinante para las pr\u00f3ximas d\u00e9cadas, las elecciones de este domingo, donde elegiremos Presidente, Senadores, Diputados y Cores, son absolutamente decisivas. Por eso, hemos puesto esta herramienta al servicio de la ciudadan\u00eda, para que todos puedan informarse de la mejor manera posible de este proceso y as\u00ed tener un proceso participativo donde se escuche la voz de todos\u201d, explic\u00f3 el Secretario de Estado.<\/p>\n<p style=\"text-align: justify;\">Al ingresar al visor, el usuario puede acceder a todos los datos referentes a la elecci\u00f3n en un solo sitio, donde se puede ver el n\u00famero de electores, mesas, locales de votaci\u00f3n, gr\u00e1fico de porcentajes de participaci\u00f3n en plebiscitos anteriores; y en el \u00e1mbito sanitario, indicadores de vacunados con esquema completo, casos activos y su evoluci\u00f3n, entre otros. Al seleccionar su comuna podr\u00e1 ver los distintos votos para las elecciones de Presidente, Senadores, Diputados y consejeros Regionales. Adem\u00e1s, podr\u00e1 buscar su local de votaci\u00f3n y seleccionar c\u00f3mo llegar usando Google Maps, bicicleta o la red de transporte p\u00fablico.<\/p>\n<p style=\"text-align: justify;\">\u201cEn las elecciones anteriores nuestros visores territoriales recibieron m\u00e1s de 900.000 visitas en una semana, y queremos que nuevamente \u00e9sta sea una herramienta \u00fatil para conocer la ubicaci\u00f3n de los locales de votaci\u00f3n, c\u00f3mo llegar a ellos, y la geograf\u00eda del voto, para conocer con anticipaci\u00f3n las papeletas, lo nos permitir\u00e1 votar con mayor rapidez y evitar aglomeraciones\u201d, destac\u00f3 el Ministro Isamit.<\/p>\n<p style=\"text-align: justify;\">Finalmente, el Secretario de Estado destac\u00f3 que el Ministerio de Bienes Nacionales recibi\u00f3 el premio\u00a0\u201cSpecial Achievement in GIS (SAG) 2021\u201d, reconocimiento que destaca a organizaciones a nivel mundial por su trabajo en materia de inteligencia territorial. La cartera ya ha implementado 8 visores que abarcan diversas materias como el apoyo a las pymes, la red de ciclov\u00edas, los parques nacionales y el visor #YoMeVacuno, que muestra la ubicaci\u00f3n georreferenciada de todos los vacunatorios a lo largo del pa\u00eds. Todos estos visores suman cerca de 6,3 millones de visitas a la fecha.<\/p>\n<p style=\"text-align: justify;\">En el visor encontrar\u00e1s:<\/p>\n<p><strong>Informaci\u00f3n electoral<\/strong><\/p>\n<p style=\"text-align: justify;\">Cantidad de electores, n\u00famero de locales de votaci\u00f3n y mesas, porcentaje de participaci\u00f3n en las \u00faltimas elecciones, tanto presidenciales, como el plebiscito y las elecciones de constituyentes.<\/p>\n<p><strong>Georreferenciaci\u00f3n de todos los locales de votaci\u00f3n y c\u00f3mo llegar a ellos.<\/strong><\/p>\n<p style=\"text-align: justify;\">D\u00f3nde est\u00e1n los locales, e incluso si accedemos a trav\u00e9s del celular sepamos c\u00f3mo llegar a ellos a trav\u00e9s de Google Maps, con auto o bicicleta. Si utilizamos el sistema Red de transporte p\u00fablico, el visor nos muestra, para las principales ciudades del pa\u00eds, todos los paraderos, qu\u00e9 buses pasan por ah\u00ed y las estaciones del Metro, Metrotren, Biotr\u00e9n, Merval m\u00e1s cercanos.<\/p>\n<p><strong>Geograf\u00eda del voto, para conocer con anticipaci\u00f3n las papeletas y votar m\u00e1s r\u00e1pido. <\/strong><\/p>\n<p style=\"text-align: justify;\">Todos hemos visto la gran cantidad de candidatos que hay en nuestros distritos, y tal como pas\u00f3 en la elecci\u00f3n de constituyentes, la papeleta puede llegar a ser muy grande.<\/p>\n<p style=\"text-align: justify;\">Y para conocer la \u201cgeograf\u00eda del voto\u201d, para que vayamos preparados y podamos votar m\u00e1s r\u00e1pido, hemos puesto un filtro, que nos permite elegir una regi\u00f3n e inmediatamente podremos ver la papeleta de votaci\u00f3n de los candidatos a Presidente y Senado, y si elegimos una comuna, nos aparecer\u00e1n los votos de los candidatos a Diputados y Consejeros Regionales.<\/p>\n<p><strong>Resumen de la situaci\u00f3n sanitaria<\/strong><\/p>\n<p style=\"text-align: justify;\">Con el fin de conocer sobre la situaci\u00f3n sanitaria al d\u00eda de la elecci\u00f3n, en el visor encontrar\u00e1s el n\u00famero de casos activos por comuna y la evoluci\u00f3n del proceso de vacunaci\u00f3n que, al d\u00eda de hoy lleva m\u00e1s del 90% de la poblaci\u00f3n objetivo con su esquema de vacunaci\u00f3n completo, equivalente a 13.750.000, y m\u00e1s de 7.250.000 con su dosis de refuerzo aplicada. Estos datos tambi\u00e9n los podremos conocer a nivel regional y comunal.<\/p>\n<p><strong>Acceso directo al Visor:<\/strong> https:\/\/elecciones.visorterritorial.cl\/<\/p>\n<\/div><\/section><\/div><div  style='height:50px' class='hr hr-invisible   avia-builder-el-6  el_after_av_one_full  el_before_av_social_share '><span class='hr-inner ' ><span class='hr-inner-style'><\/span><\/span><\/div><\/p>\n<div  class='av-social-sharing-box  avia-builder-el-7  el_after_av_hr  el_before_av_hr  '><div class='av-share-box'><h5 class='av-share-link-description av-no-toc '>Compartir esta noticia<\/h5><ul class='av-share-box-list noLightbox'><li class='av-share-link av-social-link-facebook' ><a target=\"_blank\" aria-label=\"Compartir en Facebook\" href='https:\/\/www.facebook.com\/sharer.php?u=https:\/\/radiorevelacionfm.cl\/?p=10800&#038;t=Presentan%20Visor%20Territorial%20con%20toda%20la%20informaci%C3%B3n%20de%20estas%20elecciones%20en%20un%20solo%20lugar' aria-hidden='false' data-av_icon='\ue8f3' data-av_iconfont='entypo-fontello' title='' data-avia-related-tooltip='Compartir en Facebook' rel=\"noopener\"><span class='avia_hidden_link_text'>Compartir en Facebook<\/span><\/a><\/li><li class='av-share-link av-social-link-twitter' ><a target=\"_blank\" aria-label=\"Compartir en Twitter\" href='https:\/\/twitter.com\/share?text=Presentan%20Visor%20Territorial%20con%20toda%20la%20informaci%C3%B3n%20de%20estas%20elecciones%20en%20un%20solo%20lugar&#038;url=https:\/\/radiorevelacionfm.cl\/?p=10800' aria-hidden='false' data-av_icon='\ue8f1' data-av_iconfont='entypo-fontello' title='' data-avia-related-tooltip='Compartir en Twitter' rel=\"noopener\"><span class='avia_hidden_link_text'>Compartir en Twitter<\/span><\/a><\/li><li class='av-share-link av-social-link-whatsapp' ><a target=\"_blank\" aria-label=\"Compartir en Whatsapp\" href='https:\/\/api.whatsapp.com\/send?text=https:\/\/radiorevelacionfm.cl\/?p=10800' aria-hidden='false' data-av_icon='\uf232' data-av_iconfont='entypo-fontello' title='' data-avia-related-tooltip='Compartir en Whatsapp' rel=\"noopener\"><span class='avia_hidden_link_text'>Compartir en Whatsapp<\/span><\/a><\/li><li class='av-share-link av-social-link-linkedin' ><a target=\"_blank\" aria-label=\"Compartir en LinkedIn\" href='https:\/\/linkedin.com\/shareArticle?mini=true&#038;title=Presentan%20Visor%20Territorial%20con%20toda%20la%20informaci%C3%B3n%20de%20estas%20elecciones%20en%20un%20solo%20lugar&#038;url=https:\/\/radiorevelacionfm.cl\/?p=10800' aria-hidden='false' data-av_icon='\ue8fc' data-av_iconfont='entypo-fontello' title='' data-avia-related-tooltip='Compartir en LinkedIn' rel=\"noopener\"><span class='avia_hidden_link_text'>Compartir en LinkedIn<\/span><\/a><\/li><li class='av-share-link av-social-link-mail' ><a  aria-label=\"Compartir por correo\" href='mailto:?subject=Presentan%20Visor%20Territorial%20con%20toda%20la%20informaci%C3%B3n%20de%20estas%20elecciones%20en%20un%20solo%20lugar&#038;body=https:\/\/radiorevelacionfm.cl\/?p=10800' aria-hidden='false' data-av_icon='\ue805' data-av_iconfont='entypo-fontello' title='' data-avia-related-tooltip='Compartir por correo'><span class='avia_hidden_link_text'>Compartir por correo<\/span><\/a><\/li><\/ul><\/div><\/div>\n<div  style='height:50px' class='hr hr-invisible   avia-builder-el-8  el_after_av_social_share  el_before_av_comments_list '><span class='hr-inner ' ><span class='hr-inner-style'><\/span><\/span><\/div>\n<div  class='av-buildercomment  av-blog-meta-html-info-disabled av-blog-meta-tag-disabled  '><\/div>\n","protected":false},"excerpt":{"rendered":"","protected":false},"author":1,"featured_media":10801,"comment_status":"open","ping_status":"open","sticky":false,"template":"","format":"standard","meta":{"footnotes":""},"categories":[35],"tags":[],"class_list":["post-10800","post","type-post","status-publish","format-standard","has-post-thumbnail","hentry","category-politica"],"jetpack_featured_media_url":"https:\/\/radiorevelacionfm.cl\/wp-content\/uploads\/2021\/11\/ministro1-1-1.jpg","_links":{"self":[{"href":"https:\/\/radiorevelacionfm.cl\/index.php?rest_route=\/wp\/v2\/posts\/10800","targetHints":{"allow":["GET"]}}],"collection":[{"href":"https:\/\/radiorevelacionfm.cl\/index.php?rest_route=\/wp\/v2\/posts"}],"about":[{"href":"https:\/\/radiorevelacionfm.cl\/index.php?rest_route=\/wp\/v2\/types\/post"}],"author":[{"embeddable":true,"href":"https:\/\/radiorevelacionfm.cl\/index.php?rest_route=\/wp\/v2\/users\/1"}],"replies":[{"embeddable":true,"href":"https:\/\/radiorevelacionfm.cl\/index.php?rest_route=%2Fwp%2Fv2%2Fcomments&post=10800"}],"version-history":[{"count":2,"href":"https:\/\/radiorevelacionfm.cl\/index.php?rest_route=\/wp\/v2\/posts\/10800\/revisions"}],"predecessor-version":[{"id":10803,"href":"https:\/\/radiorevelacionfm.cl\/index.php?rest_route=\/wp\/v2\/posts\/10800\/revisions\/10803"}],"wp:featuredmedia":[{"embeddable":true,"href":"https:\/\/radiorevelacionfm.cl\/index.php?rest_route=\/wp\/v2\/media\/10801"}],"wp:attachment":[{"href":"https:\/\/radiorevelacionfm.cl\/index.php?rest_route=%2Fwp%2Fv2%2Fmedia&parent=10800"}],"wp:term":[{"taxonomy":"category","embeddable":true,"href":"https:\/\/radiorevelacionfm.cl\/index.php?rest_route=%2Fwp%2Fv2%2Fcategories&post=10800"},{"taxonomy":"post_tag","embeddable":true,"href":"https:\/\/radiorevelacionfm.cl\/index.php?rest_route=%2Fwp%2Fv2%2Ftags&post=10800"}],"curies":[{"name":"wp","href":"https:\/\/api.w.org\/{rel}","templated":true}]}}