{"id":10763,"date":"2021-11-12T17:38:00","date_gmt":"2021-11-12T20:38:00","guid":{"rendered":"https:\/\/radiorevelacionfm.cl\/?p=10763"},"modified":"2021-11-12T17:38:00","modified_gmt":"2021-11-12T20:38:00","slug":"vialidad-informa-normalizacion-del-transito-en-la-ruta-7-sur-sector-cruce-a-bahia-murta","status":"publish","type":"post","link":"https:\/\/radiorevelacionfm.cl\/?p=10763","title":{"rendered":"Vialidad informa normalizaci\u00f3n del tr\u00e1nsito en la Ruta 7 Sur, sector cruce a Bah\u00eda Murta"},"content":{"rendered":"<div class=\"flex_column av_one_full  flex_column_div av-zero-column-padding first  avia-builder-el-0  el_before_av_one_full  avia-builder-el-first  \" style='border-radius:0px; '><div  class='avia-image-container  av-styling-    avia-builder-el-1  avia-builder-el-no-sibling  avia-align-center '  itemprop=\"image\" itemscope=\"itemscope\" itemtype=\"https:\/\/schema.org\/ImageObject\"  ><div class='avia-image-container-inner'><div class='avia-image-overlay-wrap'><img decoding=\"async\" class='wp-image-10765 avia-img-lazy-loading-not-10765 avia_image' src=\"https:\/\/radiorevelacionfm.cl\/wp-content\/uploads\/2021\/11\/seis-4-1_optimized.jpg\" alt='' title='seis-(4)-(1)_optimized' height=\"600\" width=\"994\"  itemprop=\"thumbnailUrl\" srcset=\"https:\/\/radiorevelacionfm.cl\/wp-content\/uploads\/2021\/11\/seis-4-1_optimized.jpg 994w, https:\/\/radiorevelacionfm.cl\/wp-content\/uploads\/2021\/11\/seis-4-1_optimized-300x181.jpg 300w, https:\/\/radiorevelacionfm.cl\/wp-content\/uploads\/2021\/11\/seis-4-1_optimized-768x464.jpg 768w, https:\/\/radiorevelacionfm.cl\/wp-content\/uploads\/2021\/11\/seis-4-1_optimized-705x426.jpg 705w, https:\/\/radiorevelacionfm.cl\/wp-content\/uploads\/2021\/11\/seis-4-1_optimized-600x362.jpg 600w\" sizes=\"(max-width: 994px) 100vw, 994px\" \/><\/div><\/div><\/div><\/div><div class=\"flex_column av_one_full  flex_column_div av-zero-column-padding first  avia-builder-el-2  el_after_av_one_full  el_before_av_one_full  column-top-margin\" style='border-radius:0px; '><section class=\"av_textblock_section \"  itemscope=\"itemscope\" itemtype=\"https:\/\/schema.org\/BlogPosting\" itemprop=\"blogPost\" ><div class='avia_textblock  '   itemprop=\"text\" ><p style=\"text-align: center;\"><strong><span style=\"font-size: 18pt;\">Vialidad informa normalizaci\u00f3n del tr\u00e1nsito en la Ruta 7 Sur, sector cruce a Bah\u00eda Murta<\/span><\/strong><\/p>\n<div id=\"gtx-trans\" style=\"position: absolute; left: -50px; top: 4.31534px;\">\n<div class=\"gtx-trans-icon\"><\/div>\n<\/div>\n<\/div><\/section><\/div><div class=\"flex_column av_one_full  flex_column_div av-zero-column-padding first  avia-builder-el-4  el_after_av_one_full  el_before_av_hr  column-top-margin\" style='border-radius:0px; '><section class=\"av_textblock_section \"  itemscope=\"itemscope\" itemtype=\"https:\/\/schema.org\/BlogPosting\" itemprop=\"blogPost\" ><div class='avia_textblock  '   itemprop=\"text\" ><p style=\"text-align: justify;\">El Secretario Regional Ministerial de Obras P\u00fablicas, N\u00e9stor Mera Mu\u00f1oz, inform\u00f3 que a partir de las 08:00 AM del viernes 12 de noviembre, el tr\u00e1nsito en la Ruta 7 Sur, sector cruce a Bah\u00eda Murta se encuentra normalizado, luego de que recientemente este camino fuera afectado por un importante frente clim\u00e1tico que origin\u00f3 una remoci\u00f3n en masa, que abarc\u00f3 500 metros y 15 mil metros c\u00fabicos de material, dejando sin conectividad esta\u00a0 zona de la regi\u00f3n de Ays\u00e9n.<\/p>\n<p style=\"text-align: justify;\">Consultado al respecto, el SEREMI del MOP indic\u00f3 \u201cluego de los an\u00e1lisis efectuados por la Mesa T\u00e9cnica en la que participan la Delegada Presidencial Regional Margarita Ossa, la Delegada Presidencial Provincial de General Carrera Vanessa V\u00e1squez, el Secretario Regional Ministerial de Transportes y Telecomunicaciones Fabi\u00e1n Rojas y el Director Regional de ONEMI Sidi Bravo junto a nuestro equipo de Vialidad, hemos decidido abrir el tr\u00e1nsito vehicular por la Ruta 7 Sur en el cruce a Bah\u00eda Murta, a partir de las 08:00 AM del viernes 12 de noviembre en forma permanente, debido a que se ha podido mejorar en forma notoria las condiciones del camino\u201d.<\/p>\n<p style=\"text-align: justify;\">Por su parte, la Delegada Presidencial Regional Margarita Ossa destac\u00f3 \u00abEsta reapertura anunciada por el MOP es muy importante para mejorar nuestras condiciones de transitabilidad terrestre. Es necesario reconocer todo el trabajo en conjunto del Gobierno, mediante el equipo de la Direcci\u00f3n de Vialidad del MOP y de empresas contratistas, quienes con un importante esfuerzo resguardando la seguridad, restauraron la conectividad y transitabilidad de la Ruta en un corto tiempo, permiti\u00e9ndonos hoy\u00a0 dejarla totalmente operativa\u00bb.<\/p>\n<p style=\"text-align: justify;\">La autoridad regional de Obras P\u00fablicas, tambi\u00e9n hizo un llamado a todas las personas que se desplacen a ese sector, al igual que en toda la Carretera Austral, a manejar con precauci\u00f3n, a lo que agreg\u00f3 \u201cadicionalmente hemos trabajado coordinadamente con Sernageomin quienes ya han efectuado la inspecci\u00f3n de este sector en dos oportunidades y esperamos durante las pr\u00f3ximas semanas contar con un informe definitivo respecto de las eventuales obras de mitigaci\u00f3n que se debieran generar en el futuro para devolver la condici\u00f3n original del camino en esta zona, por lo tanto nuestro equipo de Vialidad durante las pr\u00f3ximas semanas realizar\u00e1 trabajo de topograf\u00eda y estudio de suelos en este lugar y con todos estos antecedentes incluidas las indicaciones de Sernageomin esperamos el primer semestre del pr\u00f3ximo a\u00f1o licitar nuevas obras para este sector y durante el segundo semestre del a\u00f1o 2022 poder construir estas obras. De esta forma, hoy concluimos esta etapa con la entrega de un tr\u00e1nsito totalmente operativo y permanente en nuestra Carretera Austral Sur, Ruta que nos permite unir el norte y sur de la regi\u00f3n de Ays\u00e9n\u201d.<\/p>\n<\/div><\/section><\/div><div  style='height:50px' class='hr hr-invisible   avia-builder-el-6  el_after_av_one_full  el_before_av_social_share '><span class='hr-inner ' ><span class='hr-inner-style'><\/span><\/span><\/div><\/p>\n<div  class='av-social-sharing-box  avia-builder-el-7  el_after_av_hr  el_before_av_hr  '><div class='av-share-box'><h5 class='av-share-link-description av-no-toc '>Compartir esta noticia<\/h5><ul class='av-share-box-list noLightbox'><li class='av-share-link av-social-link-facebook' ><a target=\"_blank\" aria-label=\"Compartir en Facebook\" href='https:\/\/www.facebook.com\/sharer.php?u=https:\/\/radiorevelacionfm.cl\/?p=10763&#038;t=Vialidad%20informa%20normalizaci%C3%B3n%20del%20tr%C3%A1nsito%20en%20la%20Ruta%207%20Sur%2C%20sector%20cruce%20a%20Bah%C3%ADa%20Murta' aria-hidden='false' data-av_icon='\ue8f3' data-av_iconfont='entypo-fontello' title='' data-avia-related-tooltip='Compartir en Facebook' rel=\"noopener\"><span class='avia_hidden_link_text'>Compartir en Facebook<\/span><\/a><\/li><li class='av-share-link av-social-link-twitter' ><a target=\"_blank\" aria-label=\"Compartir en Twitter\" href='https:\/\/twitter.com\/share?text=Vialidad%20informa%20normalizaci%C3%B3n%20del%20tr%C3%A1nsito%20en%20la%20Ruta%207%20Sur%2C%20sector%20cruce%20a%20Bah%C3%ADa%20Murta&#038;url=https:\/\/radiorevelacionfm.cl\/?p=10763' aria-hidden='false' data-av_icon='\ue8f1' data-av_iconfont='entypo-fontello' title='' data-avia-related-tooltip='Compartir en Twitter' rel=\"noopener\"><span class='avia_hidden_link_text'>Compartir en Twitter<\/span><\/a><\/li><li class='av-share-link av-social-link-whatsapp' ><a target=\"_blank\" aria-label=\"Compartir en Whatsapp\" href='https:\/\/api.whatsapp.com\/send?text=https:\/\/radiorevelacionfm.cl\/?p=10763' aria-hidden='false' data-av_icon='\uf232' data-av_iconfont='entypo-fontello' title='' data-avia-related-tooltip='Compartir en Whatsapp' rel=\"noopener\"><span class='avia_hidden_link_text'>Compartir en Whatsapp<\/span><\/a><\/li><li class='av-share-link av-social-link-linkedin' ><a target=\"_blank\" aria-label=\"Compartir en LinkedIn\" href='https:\/\/linkedin.com\/shareArticle?mini=true&#038;title=Vialidad%20informa%20normalizaci%C3%B3n%20del%20tr%C3%A1nsito%20en%20la%20Ruta%207%20Sur%2C%20sector%20cruce%20a%20Bah%C3%ADa%20Murta&#038;url=https:\/\/radiorevelacionfm.cl\/?p=10763' aria-hidden='false' data-av_icon='\ue8fc' data-av_iconfont='entypo-fontello' title='' data-avia-related-tooltip='Compartir en LinkedIn' rel=\"noopener\"><span class='avia_hidden_link_text'>Compartir en LinkedIn<\/span><\/a><\/li><li class='av-share-link av-social-link-mail' ><a  aria-label=\"Compartir por correo\" href='mailto:?subject=Vialidad%20informa%20normalizaci%C3%B3n%20del%20tr%C3%A1nsito%20en%20la%20Ruta%207%20Sur%2C%20sector%20cruce%20a%20Bah%C3%ADa%20Murta&#038;body=https:\/\/radiorevelacionfm.cl\/?p=10763' aria-hidden='false' data-av_icon='\ue805' data-av_iconfont='entypo-fontello' title='' data-avia-related-tooltip='Compartir por correo'><span class='avia_hidden_link_text'>Compartir por correo<\/span><\/a><\/li><\/ul><\/div><\/div>\n<div  style='height:50px' class='hr hr-invisible   avia-builder-el-8  el_after_av_social_share  el_before_av_comments_list '><span class='hr-inner ' ><span class='hr-inner-style'><\/span><\/span><\/div>\n<div  class='av-buildercomment  av-blog-meta-html-info-disabled av-blog-meta-tag-disabled  '><\/div>\n","protected":false},"excerpt":{"rendered":"","protected":false},"author":1,"featured_media":10765,"comment_status":"open","ping_status":"open","sticky":false,"template":"","format":"standard","meta":{"footnotes":""},"categories":[38],"tags":[],"class_list":["post-10763","post","type-post","status-publish","format-standard","has-post-thumbnail","hentry","category-regional"],"jetpack_featured_media_url":"https:\/\/radiorevelacionfm.cl\/wp-content\/uploads\/2021\/11\/seis-4-1_optimized.jpg","_links":{"self":[{"href":"https:\/\/radiorevelacionfm.cl\/index.php?rest_route=\/wp\/v2\/posts\/10763","targetHints":{"allow":["GET"]}}],"collection":[{"href":"https:\/\/radiorevelacionfm.cl\/index.php?rest_route=\/wp\/v2\/posts"}],"about":[{"href":"https:\/\/radiorevelacionfm.cl\/index.php?rest_route=\/wp\/v2\/types\/post"}],"author":[{"embeddable":true,"href":"https:\/\/radiorevelacionfm.cl\/index.php?rest_route=\/wp\/v2\/users\/1"}],"replies":[{"embeddable":true,"href":"https:\/\/radiorevelacionfm.cl\/index.php?rest_route=%2Fwp%2Fv2%2Fcomments&post=10763"}],"version-history":[{"count":2,"href":"https:\/\/radiorevelacionfm.cl\/index.php?rest_route=\/wp\/v2\/posts\/10763\/revisions"}],"predecessor-version":[{"id":10767,"href":"https:\/\/radiorevelacionfm.cl\/index.php?rest_route=\/wp\/v2\/posts\/10763\/revisions\/10767"}],"wp:featuredmedia":[{"embeddable":true,"href":"https:\/\/radiorevelacionfm.cl\/index.php?rest_route=\/wp\/v2\/media\/10765"}],"wp:attachment":[{"href":"https:\/\/radiorevelacionfm.cl\/index.php?rest_route=%2Fwp%2Fv2%2Fmedia&parent=10763"}],"wp:term":[{"taxonomy":"category","embeddable":true,"href":"https:\/\/radiorevelacionfm.cl\/index.php?rest_route=%2Fwp%2Fv2%2Fcategories&post=10763"},{"taxonomy":"post_tag","embeddable":true,"href":"https:\/\/radiorevelacionfm.cl\/index.php?rest_route=%2Fwp%2Fv2%2Ftags&post=10763"}],"curies":[{"name":"wp","href":"https:\/\/api.w.org\/{rel}","templated":true}]}}