{"id":10759,"date":"2021-11-12T17:02:38","date_gmt":"2021-11-12T20:02:38","guid":{"rendered":"https:\/\/radiorevelacionfm.cl\/?p=10759"},"modified":"2021-11-12T17:02:38","modified_gmt":"2021-11-12T20:02:38","slug":"en-coyhaique-fosis-lanza-comunidad-virtual-e-invita-a-emprendedores-locales-a-sumarse","status":"publish","type":"post","link":"https:\/\/radiorevelacionfm.cl\/?p=10759","title":{"rendered":"En Coyhaique Fosis lanza comunidad virtual e invita a emprendedores locales a sumarse"},"content":{"rendered":"<div class=\"flex_column av_one_full  flex_column_div av-zero-column-padding first  avia-builder-el-0  el_before_av_one_full  avia-builder-el-first  \" style='border-radius:0px; '><div  class='avia-image-container  av-styling-    avia-builder-el-1  avia-builder-el-no-sibling  avia-align-center '  itemprop=\"image\" itemscope=\"itemscope\" itemtype=\"https:\/\/schema.org\/ImageObject\"  ><div class='avia-image-container-inner'><div class='avia-image-overlay-wrap'><img decoding=\"async\" class='wp-image-10760 avia-img-lazy-loading-not-10760 avia_image' src=\"https:\/\/radiorevelacionfm.cl\/wp-content\/uploads\/2021\/11\/cef1-1_optimized.jpg\" alt='' title='cef1-(1)_optimized' height=\"600\" width=\"980\"  itemprop=\"thumbnailUrl\" srcset=\"https:\/\/radiorevelacionfm.cl\/wp-content\/uploads\/2021\/11\/cef1-1_optimized.jpg 980w, https:\/\/radiorevelacionfm.cl\/wp-content\/uploads\/2021\/11\/cef1-1_optimized-300x184.jpg 300w, https:\/\/radiorevelacionfm.cl\/wp-content\/uploads\/2021\/11\/cef1-1_optimized-768x470.jpg 768w, https:\/\/radiorevelacionfm.cl\/wp-content\/uploads\/2021\/11\/cef1-1_optimized-705x432.jpg 705w, https:\/\/radiorevelacionfm.cl\/wp-content\/uploads\/2021\/11\/cef1-1_optimized-600x367.jpg 600w\" sizes=\"(max-width: 980px) 100vw, 980px\" \/><\/div><\/div><\/div><\/div><div class=\"flex_column av_one_full  flex_column_div av-zero-column-padding first  avia-builder-el-2  el_after_av_one_full  el_before_av_one_full  column-top-margin\" style='border-radius:0px; '><section class=\"av_textblock_section \"  itemscope=\"itemscope\" itemtype=\"https:\/\/schema.org\/BlogPosting\" itemprop=\"blogPost\" ><div class='avia_textblock  '   itemprop=\"text\" ><p style=\"text-align: center;\"><strong><span style=\"font-size: 18pt;\">En Coyhaique Fosis lanza comunidad virtual e invita a emprendedores locales a sumarse<\/span><\/strong><\/p>\n<div id=\"gtx-trans\" style=\"position: absolute; left: -50px; top: 4.31534px;\">\n<div class=\"gtx-trans-icon\"><\/div>\n<\/div>\n<\/div><\/section><\/div><div class=\"flex_column av_one_full  flex_column_div av-zero-column-padding first  avia-builder-el-4  el_after_av_one_full  el_before_av_hr  column-top-margin\" style='border-radius:0px; '><section class=\"av_textblock_section \"  itemscope=\"itemscope\" itemtype=\"https:\/\/schema.org\/BlogPosting\" itemprop=\"blogPost\" ><div class='avia_textblock  '   itemprop=\"text\" ><p style=\"text-align: justify;\">Hasta la Feria Artesanal de Coyhaique llegaron el Seremi de Desarrollo Social y Familia, junto a la Directora Regional del FOSIS, para hacer el lanzamiento oficial de la Comunidad Emprendedora FOSIS, un espacio virtual donde los emprendedores pueden acceder a capacitaciones, beneficios exclusivos e informaci\u00f3n.<\/p>\n<p style=\"text-align: justify;\">Las autoridades dieron a conocer esta iniciativa e invitaron a los artesanos locales a sumarse a esta comunidad que tiene abiertas sus inscripciones en la p\u00e1gina web del FOSIS (<a href=\"http:\/\/www.fosis.gob.cl\">www.fosis.gob.cl<\/a>), donde para inscribirse basta llenar el formulario online y contar con Registro Social de Hogares al d\u00eda.<\/p>\n<p style=\"text-align: justify;\">Claudia Flores, Artesana de Coyhaique, asegur\u00f3 que \u201cestuve revisando la p\u00e1gina y las capacitaciones est\u00e1n excelentes, fotograf\u00eda, ventas, despachos, de todo lo que a una se le ocurra. Cada vez que puedo trato de comentarle a mis compa\u00f1eros emprendedores que mejoren sus redes sociales, que resulta vender por internet. Invito a todos emprendedores y artesanos a revisar esta p\u00e1gina de Comunidad Emprendedora FOSIS, para que vean todos los beneficios, capacitaciones y clases que nos pueden servir a todos para mejorar nuestros negocios.\u201d<\/p>\n<p style=\"text-align: justify;\">\u201cEsta iniciativa viene a cubrir esta gran necesidad de generar ventas por parte de nuestros artesanos y emprendedores en la regi\u00f3n de Ays\u00e9n. Esta comunidad virtual la administra FOSIS y est\u00e1 en una plataforma que presenta un sinn\u00famero de alternativas, ideas para la comercializaci\u00f3n y capacitaciones muy beneficiosas. Invitamos a que se sumen y puedan visitar esta p\u00e1gina web para hacer uso de este gran instrumento que FOSIS est\u00e1 poniendo a disposici\u00f3n\u201d, se\u00f1al\u00f3 el Seremi de Desarrollo Social y Familia, Marcelo J\u00e9lvez.<\/p>\n<p style=\"text-align: justify;\">Por su parte, la Directora Regional del FOSIS, Dominique Br\u00e4utigam, destac\u00f3 que \u201cQueremos seguir fortaleciendo la digitalizaci\u00f3n de los emprendimientos y el trabajo colaborativo entre emprendedores, por esto los convocamos a ser parte de esta comunidad virtual, donde pueden conocer todas las charlas, capacitaciones, asesor\u00edas y beneficios disponibles. C\u00f3mo comercializar de mejor manera los productos en plataformas virtuales, c\u00f3mo potenciar el marketing digital, el env\u00edo y despacho de productos.\u201d<\/p>\n<p style=\"text-align: justify;\">La Comunidad Emprendedora FOSIS comenz\u00f3 a funcionar en junio del 2021 con una marcha blanca y ya cuenta con m\u00e1s de 40 mil personas inscritas a nivel nacional, donde podemos encontrar ex usuarios, usuarios y personas interesadas en los programas del FOSIS.<\/p>\n<\/div><\/section><\/div><div  style='height:50px' class='hr hr-invisible   avia-builder-el-6  el_after_av_one_full  el_before_av_social_share '><span class='hr-inner ' ><span class='hr-inner-style'><\/span><\/span><\/div><\/p>\n<div  class='av-social-sharing-box  avia-builder-el-7  el_after_av_hr  el_before_av_hr  '><div class='av-share-box'><h5 class='av-share-link-description av-no-toc '>Compartir esta noticia<\/h5><ul class='av-share-box-list noLightbox'><li class='av-share-link av-social-link-facebook' ><a target=\"_blank\" aria-label=\"Compartir en Facebook\" href='https:\/\/www.facebook.com\/sharer.php?u=https:\/\/radiorevelacionfm.cl\/?p=10759&#038;t=En%20Coyhaique%20Fosis%20lanza%20comunidad%20virtual%20e%20invita%20a%20emprendedores%20locales%20a%20sumarse' aria-hidden='false' data-av_icon='\ue8f3' data-av_iconfont='entypo-fontello' title='' data-avia-related-tooltip='Compartir en Facebook' rel=\"noopener\"><span class='avia_hidden_link_text'>Compartir en Facebook<\/span><\/a><\/li><li class='av-share-link av-social-link-twitter' ><a target=\"_blank\" aria-label=\"Compartir en Twitter\" href='https:\/\/twitter.com\/share?text=En%20Coyhaique%20Fosis%20lanza%20comunidad%20virtual%20e%20invita%20a%20emprendedores%20locales%20a%20sumarse&#038;url=https:\/\/radiorevelacionfm.cl\/?p=10759' aria-hidden='false' data-av_icon='\ue8f1' data-av_iconfont='entypo-fontello' title='' data-avia-related-tooltip='Compartir en Twitter' rel=\"noopener\"><span class='avia_hidden_link_text'>Compartir en Twitter<\/span><\/a><\/li><li class='av-share-link av-social-link-whatsapp' ><a target=\"_blank\" aria-label=\"Compartir en Whatsapp\" href='https:\/\/api.whatsapp.com\/send?text=https:\/\/radiorevelacionfm.cl\/?p=10759' aria-hidden='false' data-av_icon='\uf232' data-av_iconfont='entypo-fontello' title='' data-avia-related-tooltip='Compartir en Whatsapp' rel=\"noopener\"><span class='avia_hidden_link_text'>Compartir en Whatsapp<\/span><\/a><\/li><li class='av-share-link av-social-link-linkedin' ><a target=\"_blank\" aria-label=\"Compartir en LinkedIn\" href='https:\/\/linkedin.com\/shareArticle?mini=true&#038;title=En%20Coyhaique%20Fosis%20lanza%20comunidad%20virtual%20e%20invita%20a%20emprendedores%20locales%20a%20sumarse&#038;url=https:\/\/radiorevelacionfm.cl\/?p=10759' aria-hidden='false' data-av_icon='\ue8fc' data-av_iconfont='entypo-fontello' title='' data-avia-related-tooltip='Compartir en LinkedIn' rel=\"noopener\"><span class='avia_hidden_link_text'>Compartir en LinkedIn<\/span><\/a><\/li><li class='av-share-link av-social-link-mail' ><a  aria-label=\"Compartir por correo\" href='mailto:?subject=En%20Coyhaique%20Fosis%20lanza%20comunidad%20virtual%20e%20invita%20a%20emprendedores%20locales%20a%20sumarse&#038;body=https:\/\/radiorevelacionfm.cl\/?p=10759' aria-hidden='false' data-av_icon='\ue805' data-av_iconfont='entypo-fontello' title='' data-avia-related-tooltip='Compartir por correo'><span class='avia_hidden_link_text'>Compartir por correo<\/span><\/a><\/li><\/ul><\/div><\/div>\n<div  style='height:50px' class='hr hr-invisible   avia-builder-el-8  el_after_av_social_share  el_before_av_comments_list '><span class='hr-inner ' ><span class='hr-inner-style'><\/span><\/span><\/div>\n<div  class='av-buildercomment  av-blog-meta-html-info-disabled av-blog-meta-tag-disabled  '><\/div>\n","protected":false},"excerpt":{"rendered":"","protected":false},"author":1,"featured_media":10760,"comment_status":"open","ping_status":"open","sticky":false,"template":"","format":"standard","meta":{"footnotes":""},"categories":[38],"tags":[],"class_list":["post-10759","post","type-post","status-publish","format-standard","has-post-thumbnail","hentry","category-regional"],"jetpack_featured_media_url":"https:\/\/radiorevelacionfm.cl\/wp-content\/uploads\/2021\/11\/cef1-1_optimized.jpg","_links":{"self":[{"href":"https:\/\/radiorevelacionfm.cl\/index.php?rest_route=\/wp\/v2\/posts\/10759","targetHints":{"allow":["GET"]}}],"collection":[{"href":"https:\/\/radiorevelacionfm.cl\/index.php?rest_route=\/wp\/v2\/posts"}],"about":[{"href":"https:\/\/radiorevelacionfm.cl\/index.php?rest_route=\/wp\/v2\/types\/post"}],"author":[{"embeddable":true,"href":"https:\/\/radiorevelacionfm.cl\/index.php?rest_route=\/wp\/v2\/users\/1"}],"replies":[{"embeddable":true,"href":"https:\/\/radiorevelacionfm.cl\/index.php?rest_route=%2Fwp%2Fv2%2Fcomments&post=10759"}],"version-history":[{"count":2,"href":"https:\/\/radiorevelacionfm.cl\/index.php?rest_route=\/wp\/v2\/posts\/10759\/revisions"}],"predecessor-version":[{"id":10762,"href":"https:\/\/radiorevelacionfm.cl\/index.php?rest_route=\/wp\/v2\/posts\/10759\/revisions\/10762"}],"wp:featuredmedia":[{"embeddable":true,"href":"https:\/\/radiorevelacionfm.cl\/index.php?rest_route=\/wp\/v2\/media\/10760"}],"wp:attachment":[{"href":"https:\/\/radiorevelacionfm.cl\/index.php?rest_route=%2Fwp%2Fv2%2Fmedia&parent=10759"}],"wp:term":[{"taxonomy":"category","embeddable":true,"href":"https:\/\/radiorevelacionfm.cl\/index.php?rest_route=%2Fwp%2Fv2%2Fcategories&post=10759"},{"taxonomy":"post_tag","embeddable":true,"href":"https:\/\/radiorevelacionfm.cl\/index.php?rest_route=%2Fwp%2Fv2%2Ftags&post=10759"}],"curies":[{"name":"wp","href":"https:\/\/api.w.org\/{rel}","templated":true}]}}