{"id":10743,"date":"2021-11-12T13:55:11","date_gmt":"2021-11-12T16:55:11","guid":{"rendered":"https:\/\/radiorevelacionfm.cl\/?p=10743"},"modified":"2021-11-12T13:57:27","modified_gmt":"2021-11-12T16:57:27","slug":"comunidad-de-rio-ibanez-prepara-propuesta-para-declarar-el-primer-humedal-urbano-de-la-region-de-aysen","status":"publish","type":"post","link":"https:\/\/radiorevelacionfm.cl\/?p=10743","title":{"rendered":"Comunidad de R\u00edo Iba\u00f1ez prepara propuesta para declarar el primer humedal urbano de la regi\u00f3n de Ays\u00e9n"},"content":{"rendered":"<div class=\"flex_column av_one_full  flex_column_div av-zero-column-padding first  avia-builder-el-0  el_before_av_one_full  avia-builder-el-first  \" style='border-radius:0px; '><div  class='avia-image-container  av-styling-    avia-builder-el-1  avia-builder-el-no-sibling  avia-align-center '  itemprop=\"image\" itemscope=\"itemscope\" itemtype=\"https:\/\/schema.org\/ImageObject\"  ><div class='avia-image-container-inner'><div class='avia-image-overlay-wrap'><img decoding=\"async\" class='wp-image-10744 avia-img-lazy-loading-not-10744 avia_image' src=\"https:\/\/radiorevelacionfm.cl\/wp-content\/uploads\/2021\/11\/Humedal-1-1.jpg\" alt='' title='Humedal (1) (1)' height=\"600\" width=\"800\"  itemprop=\"thumbnailUrl\" srcset=\"https:\/\/radiorevelacionfm.cl\/wp-content\/uploads\/2021\/11\/Humedal-1-1.jpg 800w, https:\/\/radiorevelacionfm.cl\/wp-content\/uploads\/2021\/11\/Humedal-1-1-300x225.jpg 300w, https:\/\/radiorevelacionfm.cl\/wp-content\/uploads\/2021\/11\/Humedal-1-1-768x576.jpg 768w, https:\/\/radiorevelacionfm.cl\/wp-content\/uploads\/2021\/11\/Humedal-1-1-705x529.jpg 705w, https:\/\/radiorevelacionfm.cl\/wp-content\/uploads\/2021\/11\/Humedal-1-1-600x450.jpg 600w\" sizes=\"(max-width: 800px) 100vw, 800px\" \/><\/div><\/div><\/div><\/div><div class=\"flex_column av_one_full  flex_column_div av-zero-column-padding first  avia-builder-el-2  el_after_av_one_full  el_before_av_one_full  column-top-margin\" style='border-radius:0px; '><section class=\"av_textblock_section \"  itemscope=\"itemscope\" itemtype=\"https:\/\/schema.org\/BlogPosting\" itemprop=\"blogPost\" ><div class='avia_textblock  '   itemprop=\"text\" ><p style=\"text-align: center;\"><strong><span style=\"font-size: 18pt;\">Comunidad de R\u00edo Iba\u00f1ez prepara propuesta para declarar el primer humedal urbano de la regi\u00f3n de Ays\u00e9n<\/span><\/strong><\/p>\n<div id=\"gtx-trans\" style=\"position: absolute; left: -50px; top: 4.31534px;\">\n<div class=\"gtx-trans-icon\"><\/div>\n<\/div>\n<\/div><\/section><\/div><div class=\"flex_column av_one_full  flex_column_div av-zero-column-padding first  avia-builder-el-4  el_after_av_one_full  el_before_av_hr  column-top-margin\" style='border-radius:0px; '><section class=\"av_textblock_section \"  itemscope=\"itemscope\" itemtype=\"https:\/\/schema.org\/BlogPosting\" itemprop=\"blogPost\" ><div class='avia_textblock  '   itemprop=\"text\" ><p style=\"font-weight: 400; text-align: justify;\">Diversos estudios, reuniones y visitas en terreno han realizado equipos de la Municipalidad de R\u00edo Ib\u00e1\u00f1ez y pobladores de la comuna para concretar un sue\u00f1o: declarar a la costanera de Puerto Ib\u00e1\u00f1ez como el primer humedal urbano de la Regi\u00f3n de Ays\u00e9n.<\/p>\n<p style=\"font-weight: 400; text-align: justify;\">Esta propuesta fue levantada por residentes de la localidad y el alcalde de la comuna, que permitir\u00e1 generar un \u00e1rea de protecci\u00f3n y conservaci\u00f3n, adem\u00e1s de potenciar el entorno del humedal.<\/p>\n<p style=\"font-weight: 400; text-align: justify;\">Sobre esto, el jefe comunal de la Municipalidad de R\u00edo Ib\u00e1\u00f1ez, Marcelo Santana, expres\u00f3 que \u201ccomo municipio hemos iniciado un proceso con la comunidad, con algunas organizaciones importantes, como la Agrupaci\u00f3n de Turismo de Puerto Ib\u00e1\u00f1ez, agrupaci\u00f3n juvenil \u201cZonal Joyen\u201d, con los que hemos trabajado en una idea que podr\u00eda aportar al desarrollo de un \u00e1rea de conservaci\u00f3n en la costanera de Puerto Ib\u00e1\u00f1ez que permitir\u00eda declararla como el primer humedal urbano de la Regi\u00f3n de Ays\u00e9n y la comuna por supuesto\u201d.<\/p>\n<p style=\"font-weight: 400; text-align: justify;\">Asimismo, la autoridad local resalt\u00f3 su entusiasmo por esta iniciativa y destac\u00f3 que \u201ces un lugar que tiene un valor ecosist\u00e9mico importante donde es posible avistar m\u00e1s de 40 especies de aves, donde se han encontrado especies importantes de flamencos, hasta de distintas clases de cisnes. Nos llena de esperanza y entusiasmo este proyecto que nace de la comunidad y que nosotros como municipio vamos a apoyar fuertemente\u201d.<\/p>\n<p style=\"font-weight: 400; text-align: justify;\">Por otro lado, uno de los asistentes a la primera convocatoria, el presidente de la agrupaci\u00f3n juvenil \u201cZonal Joyen\u201d, Felipe Carrasco, manifest\u00f3 que \u201cestamos muy felices porque esta idea naci\u00f3 de diferentes encuentros con los j\u00f3venes al momento de realizar voluntariados de limpieza en nuestro pueblo. Esta es una oportunidad para seguir cuidando el entorno de Puerto Ingeniero Ib\u00e1\u00f1ez\u201d.<\/p>\n<p style=\"font-weight: 400; text-align: justify;\">Por su parte, seg\u00fan indica la SEREMI del Medio Ambiente, M\u00f3nica Sald\u00edas, el trabajo de los municipios en la concreci\u00f3n de la implementaci\u00f3n de Humedales Urbanos es fundamental, \u201ca trav\u00e9s de la solicitud expresa del municipio, nuestro Ministerio tiene la facultad de reconocer ciertos sectores como humedales urbanos, permitiendo as\u00ed la protecci\u00f3n de estos ecosistemas\u201d, explic\u00f3, agregando que es necesario que las entidades comunales identifiquen el pol\u00edgono del \u00e1rea propuesta, deslindes y especialmente las caracter\u00edsticas ecol\u00f3gicas que caracterizan a dicho humedal \u201cEstos nombramientos son sin duda importantes avances en la conservaci\u00f3n de espacios que en general est\u00e1 sometidos a diversas presiones y amenazas y que son sub valorados, lo que tiene por consecuencia la p\u00e9rdida de servicios ecosist\u00e9micos, deterioro del h\u00e1bitat de distintas especies\u201d, destac\u00f3 la autoridad ambiental, recordando que tanto el levantamiento del \u00e1rea, como su gesti\u00f3n requieren del compromiso de todos los actores de la comunidad, por cuanto provee un beneficio compartido al generar espacios propicios para contemplaci\u00f3n y recreaci\u00f3n en armon\u00eda con la protecci\u00f3n del medio ambiente.<\/p>\n<p style=\"font-weight: 400; text-align: justify;\">Respecto de los avances, la SEREMI indic\u00f3 que ya se han puesto a disposici\u00f3n del municipio de R\u00edo Ib\u00e1\u00f1ez para apoyar su propuesta en el proceso que deber\u00e1 ser sometido a consulta p\u00fablica, y en un lapso de 6 meses podr\u00eda contar con declaratoria y oficializaci\u00f3n.<\/p>\n<\/div><\/section><\/div><div  style='height:50px' class='hr hr-invisible   avia-builder-el-6  el_after_av_one_full  el_before_av_social_share '><span class='hr-inner ' ><span class='hr-inner-style'><\/span><\/span><\/div><\/p>\n<div  class='av-social-sharing-box  avia-builder-el-7  el_after_av_hr  el_before_av_hr  '><div class='av-share-box'><h5 class='av-share-link-description av-no-toc '>Compartir esta noticia<\/h5><ul class='av-share-box-list noLightbox'><li class='av-share-link av-social-link-facebook' ><a target=\"_blank\" aria-label=\"Compartir en Facebook\" href='https:\/\/www.facebook.com\/sharer.php?u=https:\/\/radiorevelacionfm.cl\/?p=10743&#038;t=Comunidad%20de%20R%C3%ADo%20Iba%C3%B1ez%20prepara%20propuesta%20para%20declarar%20el%20primer%20humedal%20urbano%20de%20la%20regi%C3%B3n%20de%20Ays%C3%A9n' aria-hidden='false' data-av_icon='\ue8f3' data-av_iconfont='entypo-fontello' title='' data-avia-related-tooltip='Compartir en Facebook' rel=\"noopener\"><span class='avia_hidden_link_text'>Compartir en Facebook<\/span><\/a><\/li><li class='av-share-link av-social-link-twitter' ><a target=\"_blank\" aria-label=\"Compartir en Twitter\" href='https:\/\/twitter.com\/share?text=Comunidad%20de%20R%C3%ADo%20Iba%C3%B1ez%20prepara%20propuesta%20para%20declarar%20el%20primer%20humedal%20urbano%20de%20la%20regi%C3%B3n%20de%20Ays%C3%A9n&#038;url=https:\/\/radiorevelacionfm.cl\/?p=10743' aria-hidden='false' data-av_icon='\ue8f1' data-av_iconfont='entypo-fontello' title='' data-avia-related-tooltip='Compartir en Twitter' rel=\"noopener\"><span class='avia_hidden_link_text'>Compartir en Twitter<\/span><\/a><\/li><li class='av-share-link av-social-link-whatsapp' ><a target=\"_blank\" aria-label=\"Compartir en Whatsapp\" href='https:\/\/api.whatsapp.com\/send?text=https:\/\/radiorevelacionfm.cl\/?p=10743' aria-hidden='false' data-av_icon='\uf232' data-av_iconfont='entypo-fontello' title='' data-avia-related-tooltip='Compartir en Whatsapp' rel=\"noopener\"><span class='avia_hidden_link_text'>Compartir en Whatsapp<\/span><\/a><\/li><li class='av-share-link av-social-link-linkedin' ><a target=\"_blank\" aria-label=\"Compartir en LinkedIn\" href='https:\/\/linkedin.com\/shareArticle?mini=true&#038;title=Comunidad%20de%20R%C3%ADo%20Iba%C3%B1ez%20prepara%20propuesta%20para%20declarar%20el%20primer%20humedal%20urbano%20de%20la%20regi%C3%B3n%20de%20Ays%C3%A9n&#038;url=https:\/\/radiorevelacionfm.cl\/?p=10743' aria-hidden='false' data-av_icon='\ue8fc' data-av_iconfont='entypo-fontello' title='' data-avia-related-tooltip='Compartir en LinkedIn' rel=\"noopener\"><span class='avia_hidden_link_text'>Compartir en LinkedIn<\/span><\/a><\/li><li class='av-share-link av-social-link-mail' ><a  aria-label=\"Compartir por correo\" href='mailto:?subject=Comunidad%20de%20R%C3%ADo%20Iba%C3%B1ez%20prepara%20propuesta%20para%20declarar%20el%20primer%20humedal%20urbano%20de%20la%20regi%C3%B3n%20de%20Ays%C3%A9n&#038;body=https:\/\/radiorevelacionfm.cl\/?p=10743' aria-hidden='false' data-av_icon='\ue805' data-av_iconfont='entypo-fontello' title='' data-avia-related-tooltip='Compartir por correo'><span class='avia_hidden_link_text'>Compartir por correo<\/span><\/a><\/li><\/ul><\/div><\/div>\n<div  style='height:50px' class='hr hr-invisible   avia-builder-el-8  el_after_av_social_share  el_before_av_comments_list '><span class='hr-inner ' ><span class='hr-inner-style'><\/span><\/span><\/div>\n<div  class='av-buildercomment  av-blog-meta-html-info-disabled av-blog-meta-tag-disabled  '><\/div>\n","protected":false},"excerpt":{"rendered":"","protected":false},"author":1,"featured_media":10744,"comment_status":"open","ping_status":"open","sticky":false,"template":"","format":"standard","meta":{"footnotes":""},"categories":[38],"tags":[],"class_list":["post-10743","post","type-post","status-publish","format-standard","has-post-thumbnail","hentry","category-regional"],"jetpack_featured_media_url":"https:\/\/radiorevelacionfm.cl\/wp-content\/uploads\/2021\/11\/Humedal-1-1.jpg","_links":{"self":[{"href":"https:\/\/radiorevelacionfm.cl\/index.php?rest_route=\/wp\/v2\/posts\/10743","targetHints":{"allow":["GET"]}}],"collection":[{"href":"https:\/\/radiorevelacionfm.cl\/index.php?rest_route=\/wp\/v2\/posts"}],"about":[{"href":"https:\/\/radiorevelacionfm.cl\/index.php?rest_route=\/wp\/v2\/types\/post"}],"author":[{"embeddable":true,"href":"https:\/\/radiorevelacionfm.cl\/index.php?rest_route=\/wp\/v2\/users\/1"}],"replies":[{"embeddable":true,"href":"https:\/\/radiorevelacionfm.cl\/index.php?rest_route=%2Fwp%2Fv2%2Fcomments&post=10743"}],"version-history":[{"count":2,"href":"https:\/\/radiorevelacionfm.cl\/index.php?rest_route=\/wp\/v2\/posts\/10743\/revisions"}],"predecessor-version":[{"id":10755,"href":"https:\/\/radiorevelacionfm.cl\/index.php?rest_route=\/wp\/v2\/posts\/10743\/revisions\/10755"}],"wp:featuredmedia":[{"embeddable":true,"href":"https:\/\/radiorevelacionfm.cl\/index.php?rest_route=\/wp\/v2\/media\/10744"}],"wp:attachment":[{"href":"https:\/\/radiorevelacionfm.cl\/index.php?rest_route=%2Fwp%2Fv2%2Fmedia&parent=10743"}],"wp:term":[{"taxonomy":"category","embeddable":true,"href":"https:\/\/radiorevelacionfm.cl\/index.php?rest_route=%2Fwp%2Fv2%2Fcategories&post=10743"},{"taxonomy":"post_tag","embeddable":true,"href":"https:\/\/radiorevelacionfm.cl\/index.php?rest_route=%2Fwp%2Fv2%2Ftags&post=10743"}],"curies":[{"name":"wp","href":"https:\/\/api.w.org\/{rel}","templated":true}]}}