{"id":10740,"date":"2021-11-12T13:53:57","date_gmt":"2021-11-12T16:53:57","guid":{"rendered":"https:\/\/radiorevelacionfm.cl\/?p=10740"},"modified":"2021-11-12T13:53:57","modified_gmt":"2021-11-12T16:53:57","slug":"alcalde-de-chile-chico-expone-ante-el-consejo-regional-el-plan-de-desarrollo-comunal","status":"publish","type":"post","link":"https:\/\/radiorevelacionfm.cl\/?p=10740","title":{"rendered":"Alcalde de Chile Chico expone ante el Consejo Regional el plan de desarrollo comunal"},"content":{"rendered":"<div class=\"flex_column av_one_full  flex_column_div av-zero-column-padding first  avia-builder-el-0  el_before_av_one_full  avia-builder-el-first  \" style='border-radius:0px; '><div  class='avia-image-container  av-styling-    avia-builder-el-1  avia-builder-el-no-sibling  avia-align-center '  itemprop=\"image\" itemscope=\"itemscope\" itemtype=\"https:\/\/schema.org\/ImageObject\"  ><div class='avia-image-container-inner'><div class='avia-image-overlay-wrap'><img decoding=\"async\" class='wp-image-10741 avia-img-lazy-loading-not-10741 avia_image' src=\"https:\/\/radiorevelacionfm.cl\/wp-content\/uploads\/2021\/11\/CHCH1-Image-2021-11-11-1-1.jpeg\" alt='' title='CHCH1 Image 2021-11-11 (1) (1)' height=\"600\" width=\"991\"  itemprop=\"thumbnailUrl\" srcset=\"https:\/\/radiorevelacionfm.cl\/wp-content\/uploads\/2021\/11\/CHCH1-Image-2021-11-11-1-1.jpeg 991w, https:\/\/radiorevelacionfm.cl\/wp-content\/uploads\/2021\/11\/CHCH1-Image-2021-11-11-1-1-300x182.jpeg 300w, https:\/\/radiorevelacionfm.cl\/wp-content\/uploads\/2021\/11\/CHCH1-Image-2021-11-11-1-1-768x465.jpeg 768w, https:\/\/radiorevelacionfm.cl\/wp-content\/uploads\/2021\/11\/CHCH1-Image-2021-11-11-1-1-705x427.jpeg 705w, https:\/\/radiorevelacionfm.cl\/wp-content\/uploads\/2021\/11\/CHCH1-Image-2021-11-11-1-1-600x363.jpeg 600w\" sizes=\"(max-width: 991px) 100vw, 991px\" \/><\/div><\/div><\/div><\/div><div class=\"flex_column av_one_full  flex_column_div av-zero-column-padding first  avia-builder-el-2  el_after_av_one_full  el_before_av_one_full  column-top-margin\" style='border-radius:0px; '><section class=\"av_textblock_section \"  itemscope=\"itemscope\" itemtype=\"https:\/\/schema.org\/BlogPosting\" itemprop=\"blogPost\" ><div class='avia_textblock  '   itemprop=\"text\" ><p style=\"text-align: center;\"><strong><span style=\"font-size: 18pt;\">Alcalde de Chile Chico expone ante el Consejo Regional el plan de desarrollo comunal <\/span><\/strong><\/p>\n<div id=\"gtx-trans\" style=\"position: absolute; left: -50px; top: 4.31534px;\">\n<div class=\"gtx-trans-icon\"><\/div>\n<\/div>\n<\/div><\/section><\/div><div class=\"flex_column av_one_full  flex_column_div av-zero-column-padding first  avia-builder-el-4  el_after_av_one_full  el_before_av_hr  column-top-margin\" style='border-radius:0px; '><section class=\"av_textblock_section \"  itemscope=\"itemscope\" itemtype=\"https:\/\/schema.org\/BlogPosting\" itemprop=\"blogPost\" ><div class='avia_textblock  '   itemprop=\"text\" ><p style=\"text-align: justify;\">Una extensa presentaci\u00f3n al Consejo Regional de Ays\u00e9n llev\u00f3 a cabo la I. Municipalidad de Chile Chico, para presentar los principales ejes rectores de lo que es su plan de desarrollo comunal para los pr\u00f3ximos 10 a\u00f1os.<\/p>\n<p style=\"text-align: justify;\">Con una comitiva encabezada por su alcalde Luperciano Mu\u00f1oz, las autoridades locales se refirieron a los desaf\u00edos de la comunidad en el futuro y todo lo que sue\u00f1an para el desarrollo integral de vecinos y vecinas.<\/p>\n<p style=\"text-align: justify;\">\u00abAtendimos a la solicitud de poder realizar esta sesi\u00f3n extraordinaria para poder conocer el Plan Rector que se tiene para la comuna de Chile Chico; un plan ambicioso, muy potente por lo dem\u00e1s, que da cuenta de un proceso que es muy necesario en todo el territorio y que tiene que ver con la planificaci\u00f3n efectiva, en c\u00f3mo vamos mirando el desarrollo de nuestros espacios a futuro, no en el corto plazo, no solo mirando desde una administraci\u00f3n, si no que como desde el rol que cada uno nos toca cumplir, vamos proyectando el desarrollo de nuestra regi\u00f3n\u00bb, afirm\u00f3 en la oportunidad la Gobernadora Regional Andrea Mac\u00edas Palma.<\/p>\n<p style=\"text-align: justify;\">Para el alcalde Mu\u00f1oz, la instancia fue bastante provechosa para que el Consejo conociera los sue\u00f1os de la comunidad. \u00abAntes que nada agradecerle a la Gobernadora Regional, la disposici\u00f3n que tuvo para esta sesi\u00f3n extraordinaria, a todos los Consejeros Regionales que estuvieron presentes y atentos a la exposici\u00f3n (&#8230;) Nos vamos con la misi\u00f3n cumplida, porque creemos que lo m\u00e1s lindo que le puede pasar a una persona, es que le escuchen sus sue\u00f1os. Estos sue\u00f1os son parte de una realidad, que como lo dec\u00eda la Gobernadora, se dieron en instancias de participaci\u00f3n ciudadana de las cuatro localidades\u00bb.<\/p>\n<p style=\"text-align: justify;\">Por su parte, los consejeros regionales de la Provincia valoraron el di\u00e1logo para poder conocer los \u00e9nfasis de la gesti\u00f3n y poder apoyarlos desde el Gobierno Regional. \u00abLa comuna de Chile Chico da el puntapi\u00e9 inicial en mostrar la hoja de ruta de los proyectos que se van a considerar para el desarrollo de \u00a0nuestros territorios, por lo tanto, es un ejemplo a seguir. Yo llamo al resto de los alcaldes de la regi\u00f3n de Ays\u00e9n para que puedan hacer lo mismo\u00bb, coment\u00f3 el consejero Washington Medina.<\/p>\n<p style=\"text-align: justify;\">Tambi\u00e9n para el consejero Carlos Quintul, lo relevante de la oportunidad fue conocer de primera fuente los desaf\u00edos comunales. \u00abEs importante, hoy en d\u00eda como Consejero, seguir trabajando por el bienestar de nuestra gente y seguir trabajando y el desarrollo de tantas localidades que necesitan siempre una mano para seguir avanzando juntos\u00bb, afirm\u00f3.<\/p>\n<p style=\"text-align: justify;\">El Plan Rector tiene su acento en la planificaci\u00f3n territorial arm\u00f3nica, resignificando a la ciudad para centrarla en sus potencialidades y en las personas.<\/p>\n<\/div><\/section><\/div><div  style='height:50px' class='hr hr-invisible   avia-builder-el-6  el_after_av_one_full  el_before_av_social_share '><span class='hr-inner ' ><span class='hr-inner-style'><\/span><\/span><\/div><\/p>\n<div  class='av-social-sharing-box  avia-builder-el-7  el_after_av_hr  el_before_av_hr  '><div class='av-share-box'><h5 class='av-share-link-description av-no-toc '>Compartir esta noticia<\/h5><ul class='av-share-box-list noLightbox'><li class='av-share-link av-social-link-facebook' ><a target=\"_blank\" aria-label=\"Compartir en Facebook\" href='https:\/\/www.facebook.com\/sharer.php?u=https:\/\/radiorevelacionfm.cl\/?p=10740&#038;t=Alcalde%20de%20Chile%20Chico%20expone%20ante%20el%20Consejo%20Regional%20el%20plan%20de%20desarrollo%20comunal' aria-hidden='false' data-av_icon='\ue8f3' data-av_iconfont='entypo-fontello' title='' data-avia-related-tooltip='Compartir en Facebook' rel=\"noopener\"><span class='avia_hidden_link_text'>Compartir en Facebook<\/span><\/a><\/li><li class='av-share-link av-social-link-twitter' ><a target=\"_blank\" aria-label=\"Compartir en Twitter\" href='https:\/\/twitter.com\/share?text=Alcalde%20de%20Chile%20Chico%20expone%20ante%20el%20Consejo%20Regional%20el%20plan%20de%20desarrollo%20comunal&#038;url=https:\/\/radiorevelacionfm.cl\/?p=10740' aria-hidden='false' data-av_icon='\ue8f1' data-av_iconfont='entypo-fontello' title='' data-avia-related-tooltip='Compartir en Twitter' rel=\"noopener\"><span class='avia_hidden_link_text'>Compartir en Twitter<\/span><\/a><\/li><li class='av-share-link av-social-link-whatsapp' ><a target=\"_blank\" aria-label=\"Compartir en Whatsapp\" href='https:\/\/api.whatsapp.com\/send?text=https:\/\/radiorevelacionfm.cl\/?p=10740' aria-hidden='false' data-av_icon='\uf232' data-av_iconfont='entypo-fontello' title='' data-avia-related-tooltip='Compartir en Whatsapp' rel=\"noopener\"><span class='avia_hidden_link_text'>Compartir en Whatsapp<\/span><\/a><\/li><li class='av-share-link av-social-link-linkedin' ><a target=\"_blank\" aria-label=\"Compartir en LinkedIn\" href='https:\/\/linkedin.com\/shareArticle?mini=true&#038;title=Alcalde%20de%20Chile%20Chico%20expone%20ante%20el%20Consejo%20Regional%20el%20plan%20de%20desarrollo%20comunal&#038;url=https:\/\/radiorevelacionfm.cl\/?p=10740' aria-hidden='false' data-av_icon='\ue8fc' data-av_iconfont='entypo-fontello' title='' data-avia-related-tooltip='Compartir en LinkedIn' rel=\"noopener\"><span class='avia_hidden_link_text'>Compartir en LinkedIn<\/span><\/a><\/li><li class='av-share-link av-social-link-mail' ><a  aria-label=\"Compartir por correo\" href='mailto:?subject=Alcalde%20de%20Chile%20Chico%20expone%20ante%20el%20Consejo%20Regional%20el%20plan%20de%20desarrollo%20comunal&#038;body=https:\/\/radiorevelacionfm.cl\/?p=10740' aria-hidden='false' data-av_icon='\ue805' data-av_iconfont='entypo-fontello' title='' data-avia-related-tooltip='Compartir por correo'><span class='avia_hidden_link_text'>Compartir por correo<\/span><\/a><\/li><\/ul><\/div><\/div>\n<div  style='height:50px' class='hr hr-invisible   avia-builder-el-8  el_after_av_social_share  el_before_av_comments_list '><span class='hr-inner ' ><span class='hr-inner-style'><\/span><\/span><\/div>\n<div  class='av-buildercomment  av-blog-meta-html-info-disabled av-blog-meta-tag-disabled  '><\/div>\n","protected":false},"excerpt":{"rendered":"","protected":false},"author":1,"featured_media":10741,"comment_status":"open","ping_status":"open","sticky":false,"template":"","format":"standard","meta":{"footnotes":""},"categories":[38],"tags":[],"class_list":["post-10740","post","type-post","status-publish","format-standard","has-post-thumbnail","hentry","category-regional"],"jetpack_featured_media_url":"https:\/\/radiorevelacionfm.cl\/wp-content\/uploads\/2021\/11\/CHCH1-Image-2021-11-11-1-1.jpeg","_links":{"self":[{"href":"https:\/\/radiorevelacionfm.cl\/index.php?rest_route=\/wp\/v2\/posts\/10740","targetHints":{"allow":["GET"]}}],"collection":[{"href":"https:\/\/radiorevelacionfm.cl\/index.php?rest_route=\/wp\/v2\/posts"}],"about":[{"href":"https:\/\/radiorevelacionfm.cl\/index.php?rest_route=\/wp\/v2\/types\/post"}],"author":[{"embeddable":true,"href":"https:\/\/radiorevelacionfm.cl\/index.php?rest_route=\/wp\/v2\/users\/1"}],"replies":[{"embeddable":true,"href":"https:\/\/radiorevelacionfm.cl\/index.php?rest_route=%2Fwp%2Fv2%2Fcomments&post=10740"}],"version-history":[{"count":2,"href":"https:\/\/radiorevelacionfm.cl\/index.php?rest_route=\/wp\/v2\/posts\/10740\/revisions"}],"predecessor-version":[{"id":10750,"href":"https:\/\/radiorevelacionfm.cl\/index.php?rest_route=\/wp\/v2\/posts\/10740\/revisions\/10750"}],"wp:featuredmedia":[{"embeddable":true,"href":"https:\/\/radiorevelacionfm.cl\/index.php?rest_route=\/wp\/v2\/media\/10741"}],"wp:attachment":[{"href":"https:\/\/radiorevelacionfm.cl\/index.php?rest_route=%2Fwp%2Fv2%2Fmedia&parent=10740"}],"wp:term":[{"taxonomy":"category","embeddable":true,"href":"https:\/\/radiorevelacionfm.cl\/index.php?rest_route=%2Fwp%2Fv2%2Fcategories&post=10740"},{"taxonomy":"post_tag","embeddable":true,"href":"https:\/\/radiorevelacionfm.cl\/index.php?rest_route=%2Fwp%2Fv2%2Ftags&post=10740"}],"curies":[{"name":"wp","href":"https:\/\/api.w.org\/{rel}","templated":true}]}}