{"id":10736,"date":"2021-11-12T13:05:48","date_gmt":"2021-11-12T16:05:48","guid":{"rendered":"https:\/\/radiorevelacionfm.cl\/?p=10736"},"modified":"2021-11-12T13:05:48","modified_gmt":"2021-11-12T16:05:48","slug":"parque-patagonia-jeinimeni-abre-oficialmente-sus-zonas-de-camping-a-los-visitantes","status":"publish","type":"post","link":"https:\/\/radiorevelacionfm.cl\/?p=10736","title":{"rendered":"Parque Patagonia: Jeinimeni abre oficialmente sus zonas de camping a los visitantes"},"content":{"rendered":"<div class=\"flex_column av_one_full  flex_column_div av-zero-column-padding first  avia-builder-el-0  el_before_av_one_full  avia-builder-el-first  \" style='border-radius:0px; '><div  class='avia-image-container  av-styling-    avia-builder-el-1  avia-builder-el-no-sibling  avia-align-center '  itemprop=\"image\" itemscope=\"itemscope\" itemtype=\"https:\/\/schema.org\/ImageObject\"  ><div class='avia-image-container-inner'><div class='avia-image-overlay-wrap'><img decoding=\"async\" class='wp-image-10737 avia-img-lazy-loading-not-10737 avia_image' src=\"https:\/\/radiorevelacionfm.cl\/wp-content\/uploads\/2021\/11\/PXL_2-1.jpg\" alt='' title='PXL_2 (1)' height=\"600\" width=\"800\"  itemprop=\"thumbnailUrl\" srcset=\"https:\/\/radiorevelacionfm.cl\/wp-content\/uploads\/2021\/11\/PXL_2-1.jpg 800w, https:\/\/radiorevelacionfm.cl\/wp-content\/uploads\/2021\/11\/PXL_2-1-300x225.jpg 300w, https:\/\/radiorevelacionfm.cl\/wp-content\/uploads\/2021\/11\/PXL_2-1-768x576.jpg 768w, https:\/\/radiorevelacionfm.cl\/wp-content\/uploads\/2021\/11\/PXL_2-1-705x529.jpg 705w, https:\/\/radiorevelacionfm.cl\/wp-content\/uploads\/2021\/11\/PXL_2-1-600x450.jpg 600w\" sizes=\"(max-width: 800px) 100vw, 800px\" \/><\/div><\/div><\/div><\/div><div class=\"flex_column av_one_full  flex_column_div av-zero-column-padding first  avia-builder-el-2  el_after_av_one_full  el_before_av_one_full  column-top-margin\" style='border-radius:0px; '><section class=\"av_textblock_section \"  itemscope=\"itemscope\" itemtype=\"https:\/\/schema.org\/BlogPosting\" itemprop=\"blogPost\" ><div class='avia_textblock  '   itemprop=\"text\" ><p style=\"text-align: center;\"><strong><span style=\"font-size: 18pt;\">Parque Patagonia: Jeinimeni abre oficialmente sus zonas de camping a los visitantes<\/span><\/strong><\/p>\n<div id=\"gtx-trans\" style=\"position: absolute; left: -50px; top: 4.31534px;\">\n<div class=\"gtx-trans-icon\"><\/div>\n<\/div>\n<\/div><\/section><\/div><div class=\"flex_column av_one_full  flex_column_div av-zero-column-padding first  avia-builder-el-4  el_after_av_one_full  el_before_av_hr  column-top-margin\" style='border-radius:0px; '><section class=\"av_textblock_section \"  itemscope=\"itemscope\" itemtype=\"https:\/\/schema.org\/BlogPosting\" itemprop=\"blogPost\" ><div class='avia_textblock  '   itemprop=\"text\" ><p style=\"text-align: justify;\">Un 100% de operatividad tiene ahora el sector Jeinimeni del Parque Nacional Patagonia, ya que en la quincena de septiembre este sector hab\u00eda abierto sus puertas, pero tan solo por el d\u00eda y al 50% de su capacidad. Sin embargo, esta semana volvi\u00f3 a estar operativo en su totalidad, incluyendo las zonas de camping.<\/p>\n<p style=\"text-align: justify;\">Evelyn Videla Cort\u00e9s, jefa provincial General Carrera, se mostr\u00f3 contenta de ver como se cumpli\u00f3 esta reapertura total, que cont\u00f3 con el compromiso de los trabajadores de la Corporaci\u00f3n Nacional Forestal (CONAF), donde no dejaron nada al azar, con tal de tener un espacio seguro para la comunidad y los turistas que desean disfrutar de las bondades de este sector de esta \u00e1rea protegida.<\/p>\n<p style=\"text-align: justify;\">\u201cEl sector Jeinimeni cuenta con todos los protocolos COVID, por lo que todos son bienvenidos y nuestros guardaparques est\u00e1n operativos para recibir al p\u00fablico. As\u00ed que es un tremendo panorama para poder visitar la comuna de Chile Chico y la provincia de General en todo su esplendor\u201d, se\u00f1al\u00f3 Videla.<\/p>\n<p style=\"text-align: justify;\">Tambi\u00e9n record\u00f3 que es muy importante que todos los que quieran disfrutar de las bondades del parque, deben registrarse a trav\u00e9s de la plataforma <a href=\"http:\/\/www.aspticket.cl\">www.aspticket.cl<\/a> y tener claro el uso responsable de las dependencias, como tambi\u00e9n el cuidado del medio ambiente, respetando todas las reglas vigentes para evitar, por ejemplo, un incendio forestal.<\/p>\n<p style=\"text-align: justify;\">Benjam\u00edn Molina, administrador de la unidad, manifest\u00f3 que \u201clos visitantes, al abrirse las zonas de camping, deben ser sumamente cautos con el uso del fuego, puesto que el escenario que menos queremos es un incendio forestal. Tambi\u00e9n es sumamente importante que se lleven su basura y utilicen solo los lugares habilitados para comer y pernoctar para as\u00ed respetar el espacio natural de la fauna nativa\u201d.<\/p>\n<p style=\"text-align: justify;\">Recordemos que el sector Jeinimeni funciona de lunes a domingo, incluyendo los feriados, desde las 9:00 a 17:00 horas y es obligaci\u00f3n de cada visitante llevar impreso o en foto el c\u00f3digo QR de su reserva.<\/p>\n<p style=\"text-align: justify;\">Tambi\u00e9n es importante destacar, un gran logro para la unidad, y es que \u00e9sta funciona en su totalidad con energ\u00eda 100% fotovoltaica, lo que marca un gran precedente en las \u00c1reas Silvestres a nivel regional.<\/p>\n<\/div><\/section><\/div><div  style='height:50px' class='hr hr-invisible   avia-builder-el-6  el_after_av_one_full  el_before_av_social_share '><span class='hr-inner ' ><span class='hr-inner-style'><\/span><\/span><\/div><\/p>\n<div  class='av-social-sharing-box  avia-builder-el-7  el_after_av_hr  el_before_av_hr  '><div class='av-share-box'><h5 class='av-share-link-description av-no-toc '>Compartir esta noticia<\/h5><ul class='av-share-box-list noLightbox'><li class='av-share-link av-social-link-facebook' ><a target=\"_blank\" aria-label=\"Compartir en Facebook\" href='https:\/\/www.facebook.com\/sharer.php?u=https:\/\/radiorevelacionfm.cl\/?p=10736&#038;t=Parque%20Patagonia%3A%20Jeinimeni%20abre%20oficialmente%20sus%20zonas%20de%20camping%20a%20los%20visitantes' aria-hidden='false' data-av_icon='\ue8f3' data-av_iconfont='entypo-fontello' title='' data-avia-related-tooltip='Compartir en Facebook' rel=\"noopener\"><span class='avia_hidden_link_text'>Compartir en Facebook<\/span><\/a><\/li><li class='av-share-link av-social-link-twitter' ><a target=\"_blank\" aria-label=\"Compartir en Twitter\" href='https:\/\/twitter.com\/share?text=Parque%20Patagonia%3A%20Jeinimeni%20abre%20oficialmente%20sus%20zonas%20de%20camping%20a%20los%20visitantes&#038;url=https:\/\/radiorevelacionfm.cl\/?p=10736' aria-hidden='false' data-av_icon='\ue8f1' data-av_iconfont='entypo-fontello' title='' data-avia-related-tooltip='Compartir en Twitter' rel=\"noopener\"><span class='avia_hidden_link_text'>Compartir en Twitter<\/span><\/a><\/li><li class='av-share-link av-social-link-whatsapp' ><a target=\"_blank\" aria-label=\"Compartir en Whatsapp\" href='https:\/\/api.whatsapp.com\/send?text=https:\/\/radiorevelacionfm.cl\/?p=10736' aria-hidden='false' data-av_icon='\uf232' data-av_iconfont='entypo-fontello' title='' data-avia-related-tooltip='Compartir en Whatsapp' rel=\"noopener\"><span class='avia_hidden_link_text'>Compartir en Whatsapp<\/span><\/a><\/li><li class='av-share-link av-social-link-linkedin' ><a target=\"_blank\" aria-label=\"Compartir en LinkedIn\" href='https:\/\/linkedin.com\/shareArticle?mini=true&#038;title=Parque%20Patagonia%3A%20Jeinimeni%20abre%20oficialmente%20sus%20zonas%20de%20camping%20a%20los%20visitantes&#038;url=https:\/\/radiorevelacionfm.cl\/?p=10736' aria-hidden='false' data-av_icon='\ue8fc' data-av_iconfont='entypo-fontello' title='' data-avia-related-tooltip='Compartir en LinkedIn' rel=\"noopener\"><span class='avia_hidden_link_text'>Compartir en LinkedIn<\/span><\/a><\/li><li class='av-share-link av-social-link-mail' ><a  aria-label=\"Compartir por correo\" href='mailto:?subject=Parque%20Patagonia%3A%20Jeinimeni%20abre%20oficialmente%20sus%20zonas%20de%20camping%20a%20los%20visitantes&#038;body=https:\/\/radiorevelacionfm.cl\/?p=10736' aria-hidden='false' data-av_icon='\ue805' data-av_iconfont='entypo-fontello' title='' data-avia-related-tooltip='Compartir por correo'><span class='avia_hidden_link_text'>Compartir por correo<\/span><\/a><\/li><\/ul><\/div><\/div>\n<div  style='height:50px' class='hr hr-invisible   avia-builder-el-8  el_after_av_social_share  el_before_av_comments_list '><span class='hr-inner ' ><span class='hr-inner-style'><\/span><\/span><\/div>\n<div  class='av-buildercomment  av-blog-meta-html-info-disabled av-blog-meta-tag-disabled  '><\/div>\n","protected":false},"excerpt":{"rendered":"","protected":false},"author":1,"featured_media":10737,"comment_status":"open","ping_status":"open","sticky":false,"template":"","format":"standard","meta":{"footnotes":""},"categories":[54],"tags":[],"class_list":["post-10736","post","type-post","status-publish","format-standard","has-post-thumbnail","hentry","category-turismo"],"jetpack_featured_media_url":"https:\/\/radiorevelacionfm.cl\/wp-content\/uploads\/2021\/11\/PXL_2-1.jpg","_links":{"self":[{"href":"https:\/\/radiorevelacionfm.cl\/index.php?rest_route=\/wp\/v2\/posts\/10736","targetHints":{"allow":["GET"]}}],"collection":[{"href":"https:\/\/radiorevelacionfm.cl\/index.php?rest_route=\/wp\/v2\/posts"}],"about":[{"href":"https:\/\/radiorevelacionfm.cl\/index.php?rest_route=\/wp\/v2\/types\/post"}],"author":[{"embeddable":true,"href":"https:\/\/radiorevelacionfm.cl\/index.php?rest_route=\/wp\/v2\/users\/1"}],"replies":[{"embeddable":true,"href":"https:\/\/radiorevelacionfm.cl\/index.php?rest_route=%2Fwp%2Fv2%2Fcomments&post=10736"}],"version-history":[{"count":2,"href":"https:\/\/radiorevelacionfm.cl\/index.php?rest_route=\/wp\/v2\/posts\/10736\/revisions"}],"predecessor-version":[{"id":10739,"href":"https:\/\/radiorevelacionfm.cl\/index.php?rest_route=\/wp\/v2\/posts\/10736\/revisions\/10739"}],"wp:featuredmedia":[{"embeddable":true,"href":"https:\/\/radiorevelacionfm.cl\/index.php?rest_route=\/wp\/v2\/media\/10737"}],"wp:attachment":[{"href":"https:\/\/radiorevelacionfm.cl\/index.php?rest_route=%2Fwp%2Fv2%2Fmedia&parent=10736"}],"wp:term":[{"taxonomy":"category","embeddable":true,"href":"https:\/\/radiorevelacionfm.cl\/index.php?rest_route=%2Fwp%2Fv2%2Fcategories&post=10736"},{"taxonomy":"post_tag","embeddable":true,"href":"https:\/\/radiorevelacionfm.cl\/index.php?rest_route=%2Fwp%2Fv2%2Ftags&post=10736"}],"curies":[{"name":"wp","href":"https:\/\/api.w.org\/{rel}","templated":true}]}}