{"id":10727,"date":"2021-11-12T10:27:43","date_gmt":"2021-11-12T13:27:43","guid":{"rendered":"https:\/\/radiorevelacionfm.cl\/?p=10727"},"modified":"2021-11-12T10:27:43","modified_gmt":"2021-11-12T13:27:43","slug":"municipio-invita-a-los-vecinos-a-participar-de-la-encuesta-origen-destino-en-puerto-aysen","status":"publish","type":"post","link":"https:\/\/radiorevelacionfm.cl\/?p=10727","title":{"rendered":"Municipio invita a los vecinos a participar de la encuesta Origen &#8211; Destino en Puerto Ays\u00e9n"},"content":{"rendered":"<div class=\"flex_column av_one_full  flex_column_div av-zero-column-padding first  avia-builder-el-0  el_before_av_one_full  avia-builder-el-first  \" style='border-radius:0px; '><div  class='avia-image-container  av-styling-    avia-builder-el-1  avia-builder-el-no-sibling  avia-align-center '  itemprop=\"image\" itemscope=\"itemscope\" itemtype=\"https:\/\/schema.org\/ImageObject\"  ><div class='avia-image-container-inner'><div class='avia-image-overlay-wrap'><img decoding=\"async\" class='wp-image-10728 avia-img-lazy-loading-not-10728 avia_image' src=\"https:\/\/radiorevelacionfm.cl\/wp-content\/uploads\/2021\/11\/img-origendestino1-1_optimized.jpeg\" alt='' title='img-origendestino1-(1)_optimized' height=\"600\" width=\"900\"  itemprop=\"thumbnailUrl\" srcset=\"https:\/\/radiorevelacionfm.cl\/wp-content\/uploads\/2021\/11\/img-origendestino1-1_optimized.jpeg 900w, https:\/\/radiorevelacionfm.cl\/wp-content\/uploads\/2021\/11\/img-origendestino1-1_optimized-300x200.jpeg 300w, https:\/\/radiorevelacionfm.cl\/wp-content\/uploads\/2021\/11\/img-origendestino1-1_optimized-768x512.jpeg 768w, https:\/\/radiorevelacionfm.cl\/wp-content\/uploads\/2021\/11\/img-origendestino1-1_optimized-705x470.jpeg 705w, https:\/\/radiorevelacionfm.cl\/wp-content\/uploads\/2021\/11\/img-origendestino1-1_optimized-600x400.jpeg 600w\" sizes=\"(max-width: 900px) 100vw, 900px\" \/><\/div><\/div><\/div><\/div><div class=\"flex_column av_one_full  flex_column_div av-zero-column-padding first  avia-builder-el-2  el_after_av_one_full  el_before_av_one_full  column-top-margin\" style='border-radius:0px; '><section class=\"av_textblock_section \"  itemscope=\"itemscope\" itemtype=\"https:\/\/schema.org\/BlogPosting\" itemprop=\"blogPost\" ><div class='avia_textblock  '   itemprop=\"text\" ><p style=\"text-align: center;\"><strong><span style=\"font-size: 18pt;\">Municipio invita a los vecinos a participar de la encuesta Origen &#8211; Destino en Puerto Ays\u00e9n <\/span><\/strong><\/p>\n<div id=\"gtx-trans\" style=\"position: absolute; left: -50px; top: 4.31534px;\">\n<div class=\"gtx-trans-icon\"><\/div>\n<\/div>\n<\/div><\/section><\/div><div class=\"flex_column av_one_full  flex_column_div av-zero-column-padding first  avia-builder-el-4  el_after_av_one_full  el_before_av_hr  column-top-margin\" style='border-radius:0px; '><section class=\"av_textblock_section \"  itemscope=\"itemscope\" itemtype=\"https:\/\/schema.org\/BlogPosting\" itemprop=\"blogPost\" ><div class='avia_textblock  '   itemprop=\"text\" ><p style=\"text-align: justify;\">Como parte de las acciones que realiza la Ilustre Municipalidad de Ays\u00e9n para generar nuevas condiciones de vida que puedan adaptar el funcionamiento de la ciudad a nuevos entornos sociales. La casa edilicia inici\u00f3 uno de los componentes del Plan de Gesti\u00f3n de Tr\u00e1nsito, adjudicado en el Gobierno Regional de Ays\u00e9n a trav\u00e9s del Fondo Nacional de Desarrollo Regional (FNDR) por casi 140 millones de pesos, denominado \u201cEncuesta Origen \u2013 Destino Hogares\u201d. Instancia orientada a conocer y reconocer la movilidad que poseen las familias ayseninas para generar instrumentos de planificaci\u00f3n que permitan tomar mejores decisiones en el gobierno local y que puedan atender a los requerimientos expresados por los vecinos en materia de transporte.<\/p>\n<p style=\"text-align: justify;\">En este sentido, el alcalde de Ays\u00e9n, Julio Uribe Alvarado, destac\u00f3 el contexto bajo el cual se realiza esta actividad \u201ctodos sabemos los diferentes cuellos de botella que tenemos en distintos puntos de nuestra ciudad, a variadas horas y eso es lo que esta encuesta pretende erradicar. Por lo tanto, es importante que la comunidad participe de este proceso, se van a entrevistar a m\u00e1s de 600 hogares con personas identificadas para que puedan recibirlos y contestar las preguntas que se le van a hacer. Para nosotros es muy importante lo que est\u00e1 ocurriendo y hacemos el llamado a la comunidad para que participe porque es un bien para todos\u201d expres\u00f3 el l\u00edder comunal.<\/p>\n<p style=\"text-align: justify;\">Por su parte, la directora de Tr\u00e1nsito y Transporte P\u00fablico de la I. Municipalidad de Ays\u00e9n, Mabel Vel\u00e1squez, explic\u00f3 que las familias seleccionadas para este instrumento podr\u00e1n contribuir activamente registrando sus viajes por un periodo de tiempo. Esto a fin de conocer el desplazamiento y la manera en que se realiza, lo que permitir\u00e1 generar proyectos de infraestructura relacionados al tr\u00e1nsito y la movilidad. Cabe destacar que los datos recopilados poseen car\u00e1cter de confidencial por lo que s\u00f3lo ser\u00e1 utilizados para fines estad\u00edsticos de la iniciativa.<\/p>\n<p style=\"text-align: justify;\">Asimismo, Vel\u00e1squez coment\u00f3 \u201cpor ello es importante que nos ayuden, reiterar que este estudio es parte de una actualizaci\u00f3n del Plan Maestro de Tr\u00e1nsito, nosotros contamos con uno, pero es del 2013. Desde esa fecha hasta ahora el parque automotriz ha crecido exponencialmente, se ve todos los d\u00edas, eso est\u00e1 a la vista en las calles. Tambi\u00e9n es importante agradecer al Gobierno Regional de Ays\u00e9n y su Consejo quienes fueron los que aportaron los 140 millones de pesos a trav\u00e9s de un FNDR y que finalmente financia este importante estudio y as\u00ed generar los insumos necesarios para la planificaci\u00f3n territorial en nuestra comuna\u201d expres\u00f3 la personera municipal.<\/p>\n<p style=\"text-align: justify;\">Esta actividad se suma a las que se encuentran ejecutando de manera paralela los profesionales municipales y que incluyen otras entrevistas de interceptaci\u00f3n vehicular en calles y avenidas de Puerto Ays\u00e9n. Por lo que, desde el municipio solicitaron la contribuci\u00f3n de la comunidad en esta materia.<\/p>\n<\/div><\/section><\/div><div  style='height:50px' class='hr hr-invisible   avia-builder-el-6  el_after_av_one_full  el_before_av_social_share '><span class='hr-inner ' ><span class='hr-inner-style'><\/span><\/span><\/div><\/p>\n<div  class='av-social-sharing-box  avia-builder-el-7  el_after_av_hr  el_before_av_hr  '><div class='av-share-box'><h5 class='av-share-link-description av-no-toc '>Compartir esta noticia<\/h5><ul class='av-share-box-list noLightbox'><li class='av-share-link av-social-link-facebook' ><a target=\"_blank\" aria-label=\"Compartir en Facebook\" href='https:\/\/www.facebook.com\/sharer.php?u=https:\/\/radiorevelacionfm.cl\/?p=10727&#038;t=Municipio%20invita%20a%20los%20vecinos%20a%20participar%20de%20la%20encuesta%20Origen%20%E2%80%93%20Destino%20en%20Puerto%20Ays%C3%A9n' aria-hidden='false' data-av_icon='\ue8f3' data-av_iconfont='entypo-fontello' title='' data-avia-related-tooltip='Compartir en Facebook' rel=\"noopener\"><span class='avia_hidden_link_text'>Compartir en Facebook<\/span><\/a><\/li><li class='av-share-link av-social-link-twitter' ><a target=\"_blank\" aria-label=\"Compartir en Twitter\" href='https:\/\/twitter.com\/share?text=Municipio%20invita%20a%20los%20vecinos%20a%20participar%20de%20la%20encuesta%20Origen%20%E2%80%93%20Destino%20en%20Puerto%20Ays%C3%A9n&#038;url=https:\/\/radiorevelacionfm.cl\/?p=10727' aria-hidden='false' data-av_icon='\ue8f1' data-av_iconfont='entypo-fontello' title='' data-avia-related-tooltip='Compartir en Twitter' rel=\"noopener\"><span class='avia_hidden_link_text'>Compartir en Twitter<\/span><\/a><\/li><li class='av-share-link av-social-link-whatsapp' ><a target=\"_blank\" aria-label=\"Compartir en Whatsapp\" href='https:\/\/api.whatsapp.com\/send?text=https:\/\/radiorevelacionfm.cl\/?p=10727' aria-hidden='false' data-av_icon='\uf232' data-av_iconfont='entypo-fontello' title='' data-avia-related-tooltip='Compartir en Whatsapp' rel=\"noopener\"><span class='avia_hidden_link_text'>Compartir en Whatsapp<\/span><\/a><\/li><li class='av-share-link av-social-link-linkedin' ><a target=\"_blank\" aria-label=\"Compartir en LinkedIn\" href='https:\/\/linkedin.com\/shareArticle?mini=true&#038;title=Municipio%20invita%20a%20los%20vecinos%20a%20participar%20de%20la%20encuesta%20Origen%20%E2%80%93%20Destino%20en%20Puerto%20Ays%C3%A9n&#038;url=https:\/\/radiorevelacionfm.cl\/?p=10727' aria-hidden='false' data-av_icon='\ue8fc' data-av_iconfont='entypo-fontello' title='' data-avia-related-tooltip='Compartir en LinkedIn' rel=\"noopener\"><span class='avia_hidden_link_text'>Compartir en LinkedIn<\/span><\/a><\/li><li class='av-share-link av-social-link-mail' ><a  aria-label=\"Compartir por correo\" href='mailto:?subject=Municipio%20invita%20a%20los%20vecinos%20a%20participar%20de%20la%20encuesta%20Origen%20%E2%80%93%20Destino%20en%20Puerto%20Ays%C3%A9n&#038;body=https:\/\/radiorevelacionfm.cl\/?p=10727' aria-hidden='false' data-av_icon='\ue805' data-av_iconfont='entypo-fontello' title='' data-avia-related-tooltip='Compartir por correo'><span class='avia_hidden_link_text'>Compartir por correo<\/span><\/a><\/li><\/ul><\/div><\/div>\n<div  style='height:50px' class='hr hr-invisible   avia-builder-el-8  el_after_av_social_share  el_before_av_comments_list '><span class='hr-inner ' ><span class='hr-inner-style'><\/span><\/span><\/div>\n<div  class='av-buildercomment  av-blog-meta-html-info-disabled av-blog-meta-tag-disabled  '><\/div>\n","protected":false},"excerpt":{"rendered":"","protected":false},"author":1,"featured_media":10728,"comment_status":"open","ping_status":"open","sticky":false,"template":"","format":"standard","meta":{"footnotes":""},"categories":[38],"tags":[],"class_list":["post-10727","post","type-post","status-publish","format-standard","has-post-thumbnail","hentry","category-regional"],"jetpack_featured_media_url":"https:\/\/radiorevelacionfm.cl\/wp-content\/uploads\/2021\/11\/img-origendestino1-1_optimized.jpeg","_links":{"self":[{"href":"https:\/\/radiorevelacionfm.cl\/index.php?rest_route=\/wp\/v2\/posts\/10727","targetHints":{"allow":["GET"]}}],"collection":[{"href":"https:\/\/radiorevelacionfm.cl\/index.php?rest_route=\/wp\/v2\/posts"}],"about":[{"href":"https:\/\/radiorevelacionfm.cl\/index.php?rest_route=\/wp\/v2\/types\/post"}],"author":[{"embeddable":true,"href":"https:\/\/radiorevelacionfm.cl\/index.php?rest_route=\/wp\/v2\/users\/1"}],"replies":[{"embeddable":true,"href":"https:\/\/radiorevelacionfm.cl\/index.php?rest_route=%2Fwp%2Fv2%2Fcomments&post=10727"}],"version-history":[{"count":2,"href":"https:\/\/radiorevelacionfm.cl\/index.php?rest_route=\/wp\/v2\/posts\/10727\/revisions"}],"predecessor-version":[{"id":10730,"href":"https:\/\/radiorevelacionfm.cl\/index.php?rest_route=\/wp\/v2\/posts\/10727\/revisions\/10730"}],"wp:featuredmedia":[{"embeddable":true,"href":"https:\/\/radiorevelacionfm.cl\/index.php?rest_route=\/wp\/v2\/media\/10728"}],"wp:attachment":[{"href":"https:\/\/radiorevelacionfm.cl\/index.php?rest_route=%2Fwp%2Fv2%2Fmedia&parent=10727"}],"wp:term":[{"taxonomy":"category","embeddable":true,"href":"https:\/\/radiorevelacionfm.cl\/index.php?rest_route=%2Fwp%2Fv2%2Fcategories&post=10727"},{"taxonomy":"post_tag","embeddable":true,"href":"https:\/\/radiorevelacionfm.cl\/index.php?rest_route=%2Fwp%2Fv2%2Ftags&post=10727"}],"curies":[{"name":"wp","href":"https:\/\/api.w.org\/{rel}","templated":true}]}}