{"id":10725,"date":"2021-11-15T10:26:10","date_gmt":"2021-11-15T13:26:10","guid":{"rendered":"https:\/\/radiorevelacionfm.cl\/?p=10725"},"modified":"2021-11-15T10:26:10","modified_gmt":"2021-11-15T13:26:10","slug":"anuncian-plan-de-refuerzo-para-duplicar-la-capacidad-de-renovaciones-de-cedulas-de-identidad","status":"publish","type":"post","link":"https:\/\/radiorevelacionfm.cl\/?p=10725","title":{"rendered":"Anuncian plan de refuerzo para duplicar la capacidad de renovaciones de c\u00e9dulas de identidad"},"content":{"rendered":"<div class=\"flex_column av_one_full  flex_column_div av-zero-column-padding first  avia-builder-el-0  el_before_av_one_full  avia-builder-el-first  \" style='border-radius:0px; '><div  class='avia-image-container  av-styling-    avia-builder-el-1  avia-builder-el-no-sibling  avia-align-center '  itemprop=\"image\" itemscope=\"itemscope\" itemtype=\"https:\/\/schema.org\/ImageObject\"  ><div class='avia-image-container-inner'><div class='avia-image-overlay-wrap'><img decoding=\"async\" class='wp-image-6299 avia-img-lazy-loading-not-6299 avia_image' src=\"https:\/\/radiorevelacionfm.cl\/wp-content\/uploads\/2021\/07\/plan-renovacion-de-cedulas-1-1.jpg\" alt='' title='plan renovaci\u00f3n de c\u00e9dulas (1) (1)' height=\"600\" width=\"900\"  itemprop=\"thumbnailUrl\" srcset=\"https:\/\/radiorevelacionfm.cl\/wp-content\/uploads\/2021\/07\/plan-renovacion-de-cedulas-1-1.jpg 900w, https:\/\/radiorevelacionfm.cl\/wp-content\/uploads\/2021\/07\/plan-renovacion-de-cedulas-1-1-300x200.jpg 300w, https:\/\/radiorevelacionfm.cl\/wp-content\/uploads\/2021\/07\/plan-renovacion-de-cedulas-1-1-768x512.jpg 768w, https:\/\/radiorevelacionfm.cl\/wp-content\/uploads\/2021\/07\/plan-renovacion-de-cedulas-1-1-705x470.jpg 705w, https:\/\/radiorevelacionfm.cl\/wp-content\/uploads\/2021\/07\/plan-renovacion-de-cedulas-1-1-600x400.jpg 600w\" sizes=\"(max-width: 900px) 100vw, 900px\" \/><\/div><\/div><\/div><\/div><div class=\"flex_column av_one_full  flex_column_div av-zero-column-padding first  avia-builder-el-2  el_after_av_one_full  el_before_av_one_full  column-top-margin\" style='border-radius:0px; '><section class=\"av_textblock_section \"  itemscope=\"itemscope\" itemtype=\"https:\/\/schema.org\/BlogPosting\" itemprop=\"blogPost\" ><div class='avia_textblock  '   itemprop=\"text\" ><p style=\"text-align: center;\"><strong><span style=\"font-size: 18pt;\">\u00a0Anuncian plan de refuerzo para duplicar la capacidad de renovaciones de c\u00e9dulas de identidad<\/span><\/strong><\/p>\n<div id=\"gtx-trans\" style=\"position: absolute; left: -50px; top: 4.31534px;\">\n<div class=\"gtx-trans-icon\"><\/div>\n<\/div>\n<\/div><\/section><\/div><div class=\"flex_column av_one_full  flex_column_div av-zero-column-padding first  avia-builder-el-4  el_after_av_one_full  el_before_av_hr  column-top-margin\" style='border-radius:0px; '><section class=\"av_textblock_section \"  itemscope=\"itemscope\" itemtype=\"https:\/\/schema.org\/BlogPosting\" itemprop=\"blogPost\" ><div class='avia_textblock  '   itemprop=\"text\" ><p style=\"text-align: justify;\">El gobierno anunci\u00f3 esta ma\u00f1ana un plan de refuerzo para la renovaci\u00f3n de c\u00e9dulas de identidad, complementario a lo anunciado en julio, que comenzar\u00e1 a operar el mi\u00e9rcoles 17 de noviembre, ante el pr\u00f3ximo vencimiento de m\u00e1s de dos millones de documentos.<\/p>\n<p style=\"text-align: justify;\">La iniciativa permitir\u00e1 duplicar el n\u00famero de atenciones que realiza Registro Civil en materia de renovaci\u00f3n de c\u00e9dulas, pasando de 256 mil, a 550 mil atenciones mensuales. El agendamiento en l\u00ednea se comenzar\u00e1 a extender a todas las oficinas del pa\u00eds. Adem\u00e1s, 156 nuevos funcionarios -recientemente contratados- empezar\u00e1n a dedicarse exclusivamente a la atenci\u00f3n a p\u00fablico, con foco en la renovaci\u00f3n de c\u00e9dulas. Se iniciar\u00e1 un plan nacional de atenciones en terreno, mediante los Civil M\u00f3vil que hay en cada regi\u00f3n.<\/p>\n<p style=\"text-align: justify;\">El sistema de agendamiento en l\u00ednea actualmente opera en 62 oficinas del pa\u00eds. Con el plan de refuerzo se sumar\u00e1n a este sistema 95 oficinas del Registro Civil, y luego, desde el mi\u00e9rcoles 24 de noviembre, har\u00e1n lo propio otras 245 oficinas. A trav\u00e9s de la p\u00e1gina web del Registro Civil, as\u00ed como por medio de las redes sociales de la instituci\u00f3n, se anunciar\u00e1 un plan nacional de atenciones en terreno, a trav\u00e9s del Civil M\u00f3vil, que se ubicar\u00e1 en diversos lugares de mayor afluencia de p\u00fablico, en todas las regiones de Chile.<\/p>\n<p style=\"text-align: justify;\">Es importante destacar que estas medidas vienen a reforzar las que se implementaron desde el mes de julio, cuando se anunci\u00f3 el nuevo sistema de agendamiento en l\u00ednea, con cupos para los pr\u00f3ximos seis meses, junto a la apertura de algunas sucursales los d\u00edas s\u00e1bados, precisamente porque se visualizaba una gran aglomeraci\u00f3n de renovaciones de c\u00e9dulas, debido a que muchas vencen a fin de a\u00f1o. En este sentido, en los primeros meses, el 20% de las primeras horas disponibles no eran utilizadas.<\/p>\n<\/div><\/section><\/div><div  style='height:50px' class='hr hr-invisible   avia-builder-el-6  el_after_av_one_full  el_before_av_social_share '><span class='hr-inner ' ><span class='hr-inner-style'><\/span><\/span><\/div><\/p>\n<div  class='av-social-sharing-box  avia-builder-el-7  el_after_av_hr  el_before_av_hr  '><div class='av-share-box'><h5 class='av-share-link-description av-no-toc '>Compartir esta noticia<\/h5><ul class='av-share-box-list noLightbox'><li class='av-share-link av-social-link-facebook' ><a target=\"_blank\" aria-label=\"Compartir en Facebook\" href='https:\/\/www.facebook.com\/sharer.php?u=https:\/\/radiorevelacionfm.cl\/?p=10725&#038;t=Anuncian%20plan%20de%20refuerzo%20para%20duplicar%20la%20capacidad%20de%20renovaciones%20de%20c%C3%A9dulas%20de%20identidad' aria-hidden='false' data-av_icon='\ue8f3' data-av_iconfont='entypo-fontello' title='' data-avia-related-tooltip='Compartir en Facebook' rel=\"noopener\"><span class='avia_hidden_link_text'>Compartir en Facebook<\/span><\/a><\/li><li class='av-share-link av-social-link-twitter' ><a target=\"_blank\" aria-label=\"Compartir en Twitter\" href='https:\/\/twitter.com\/share?text=Anuncian%20plan%20de%20refuerzo%20para%20duplicar%20la%20capacidad%20de%20renovaciones%20de%20c%C3%A9dulas%20de%20identidad&#038;url=https:\/\/radiorevelacionfm.cl\/?p=10725' aria-hidden='false' data-av_icon='\ue8f1' data-av_iconfont='entypo-fontello' title='' data-avia-related-tooltip='Compartir en Twitter' rel=\"noopener\"><span class='avia_hidden_link_text'>Compartir en Twitter<\/span><\/a><\/li><li class='av-share-link av-social-link-whatsapp' ><a target=\"_blank\" aria-label=\"Compartir en Whatsapp\" href='https:\/\/api.whatsapp.com\/send?text=https:\/\/radiorevelacionfm.cl\/?p=10725' aria-hidden='false' data-av_icon='\uf232' data-av_iconfont='entypo-fontello' title='' data-avia-related-tooltip='Compartir en Whatsapp' rel=\"noopener\"><span class='avia_hidden_link_text'>Compartir en Whatsapp<\/span><\/a><\/li><li class='av-share-link av-social-link-linkedin' ><a target=\"_blank\" aria-label=\"Compartir en LinkedIn\" href='https:\/\/linkedin.com\/shareArticle?mini=true&#038;title=Anuncian%20plan%20de%20refuerzo%20para%20duplicar%20la%20capacidad%20de%20renovaciones%20de%20c%C3%A9dulas%20de%20identidad&#038;url=https:\/\/radiorevelacionfm.cl\/?p=10725' aria-hidden='false' data-av_icon='\ue8fc' data-av_iconfont='entypo-fontello' title='' data-avia-related-tooltip='Compartir en LinkedIn' rel=\"noopener\"><span class='avia_hidden_link_text'>Compartir en LinkedIn<\/span><\/a><\/li><li class='av-share-link av-social-link-mail' ><a  aria-label=\"Compartir por correo\" href='mailto:?subject=Anuncian%20plan%20de%20refuerzo%20para%20duplicar%20la%20capacidad%20de%20renovaciones%20de%20c%C3%A9dulas%20de%20identidad&#038;body=https:\/\/radiorevelacionfm.cl\/?p=10725' aria-hidden='false' data-av_icon='\ue805' data-av_iconfont='entypo-fontello' title='' data-avia-related-tooltip='Compartir por correo'><span class='avia_hidden_link_text'>Compartir por correo<\/span><\/a><\/li><\/ul><\/div><\/div>\n<div  style='height:50px' class='hr hr-invisible   avia-builder-el-8  el_after_av_social_share  el_before_av_comments_list '><span class='hr-inner ' ><span class='hr-inner-style'><\/span><\/span><\/div>\n<div  class='av-buildercomment  av-blog-meta-html-info-disabled av-blog-meta-tag-disabled  '><\/div>\n","protected":false},"excerpt":{"rendered":"","protected":false},"author":1,"featured_media":6299,"comment_status":"open","ping_status":"open","sticky":false,"template":"","format":"standard","meta":{"footnotes":""},"categories":[61,38],"tags":[],"class_list":["post-10725","post","type-post","status-publish","format-standard","has-post-thumbnail","hentry","category-nacional","category-regional"],"jetpack_featured_media_url":"https:\/\/radiorevelacionfm.cl\/wp-content\/uploads\/2021\/07\/plan-renovacion-de-cedulas-1-1.jpg","_links":{"self":[{"href":"https:\/\/radiorevelacionfm.cl\/index.php?rest_route=\/wp\/v2\/posts\/10725","targetHints":{"allow":["GET"]}}],"collection":[{"href":"https:\/\/radiorevelacionfm.cl\/index.php?rest_route=\/wp\/v2\/posts"}],"about":[{"href":"https:\/\/radiorevelacionfm.cl\/index.php?rest_route=\/wp\/v2\/types\/post"}],"author":[{"embeddable":true,"href":"https:\/\/radiorevelacionfm.cl\/index.php?rest_route=\/wp\/v2\/users\/1"}],"replies":[{"embeddable":true,"href":"https:\/\/radiorevelacionfm.cl\/index.php?rest_route=%2Fwp%2Fv2%2Fcomments&post=10725"}],"version-history":[{"count":2,"href":"https:\/\/radiorevelacionfm.cl\/index.php?rest_route=\/wp\/v2\/posts\/10725\/revisions"}],"predecessor-version":[{"id":10792,"href":"https:\/\/radiorevelacionfm.cl\/index.php?rest_route=\/wp\/v2\/posts\/10725\/revisions\/10792"}],"wp:featuredmedia":[{"embeddable":true,"href":"https:\/\/radiorevelacionfm.cl\/index.php?rest_route=\/wp\/v2\/media\/6299"}],"wp:attachment":[{"href":"https:\/\/radiorevelacionfm.cl\/index.php?rest_route=%2Fwp%2Fv2%2Fmedia&parent=10725"}],"wp:term":[{"taxonomy":"category","embeddable":true,"href":"https:\/\/radiorevelacionfm.cl\/index.php?rest_route=%2Fwp%2Fv2%2Fcategories&post=10725"},{"taxonomy":"post_tag","embeddable":true,"href":"https:\/\/radiorevelacionfm.cl\/index.php?rest_route=%2Fwp%2Fv2%2Ftags&post=10725"}],"curies":[{"name":"wp","href":"https:\/\/api.w.org\/{rel}","templated":true}]}}