{"id":10713,"date":"2021-11-11T18:17:05","date_gmt":"2021-11-11T21:17:05","guid":{"rendered":"https:\/\/radiorevelacionfm.cl\/?p=10713"},"modified":"2021-11-11T18:17:05","modified_gmt":"2021-11-11T21:17:05","slug":"dirigentes-en-cisnes-exponen-inquietudes-a-subsecretaria-de-pesca-y-piden-mayor-fiscalizacion-por-embarcaciones-ilegales-de-otras-zonas","status":"publish","type":"post","link":"https:\/\/radiorevelacionfm.cl\/?p=10713","title":{"rendered":"Dirigentes en Cisnes exponen inquietudes a Subsecretaria de Pesca y piden mayor fiscalizaci\u00f3n por embarcaciones ilegales de otras zonas"},"content":{"rendered":"<div class=\"flex_column av_one_full  flex_column_div av-zero-column-padding first  avia-builder-el-0  el_before_av_one_full  avia-builder-el-first  \" style='border-radius:0px; '><div  class='avia-image-container  av-styling-    avia-builder-el-1  avia-builder-el-no-sibling  avia-align-center '  itemprop=\"image\" itemscope=\"itemscope\" itemtype=\"https:\/\/schema.org\/ImageObject\"  ><div class='avia-image-container-inner'><div class='avia-image-overlay-wrap'><img decoding=\"async\" class='wp-image-10714 avia-img-lazy-loading-not-10714 avia_image' src=\"https:\/\/radiorevelacionfm.cl\/wp-content\/uploads\/2021\/11\/SUBPESCA-CISNES-2-1-1.jpg\" alt='' title='SUBPESCA CISNES 2 (1) (1)' height=\"600\" width=\"900\"  itemprop=\"thumbnailUrl\" srcset=\"https:\/\/radiorevelacionfm.cl\/wp-content\/uploads\/2021\/11\/SUBPESCA-CISNES-2-1-1.jpg 900w, https:\/\/radiorevelacionfm.cl\/wp-content\/uploads\/2021\/11\/SUBPESCA-CISNES-2-1-1-300x200.jpg 300w, https:\/\/radiorevelacionfm.cl\/wp-content\/uploads\/2021\/11\/SUBPESCA-CISNES-2-1-1-768x512.jpg 768w, https:\/\/radiorevelacionfm.cl\/wp-content\/uploads\/2021\/11\/SUBPESCA-CISNES-2-1-1-705x470.jpg 705w, https:\/\/radiorevelacionfm.cl\/wp-content\/uploads\/2021\/11\/SUBPESCA-CISNES-2-1-1-600x400.jpg 600w\" sizes=\"(max-width: 900px) 100vw, 900px\" \/><\/div><\/div><\/div><\/div><div class=\"flex_column av_one_full  flex_column_div av-zero-column-padding first  avia-builder-el-2  el_after_av_one_full  el_before_av_one_full  column-top-margin\" style='border-radius:0px; '><section class=\"av_textblock_section \"  itemscope=\"itemscope\" itemtype=\"https:\/\/schema.org\/BlogPosting\" itemprop=\"blogPost\" ><div class='avia_textblock  '   itemprop=\"text\" ><p style=\"text-align: center;\"><strong><span style=\"font-size: 18pt;\">Dirigentes en Cisnes exponen inquietudes a Subsecretaria de Pesca y piden mayor fiscalizaci\u00f3n por embarcaciones ilegales de otras zonas<\/span><\/strong><\/p>\n<div id=\"gtx-trans\" style=\"position: absolute; left: -50px; top: 4.31534px;\">\n<div class=\"gtx-trans-icon\"><\/div>\n<\/div>\n<\/div><\/section><\/div><div class=\"flex_column av_one_full  flex_column_div av-zero-column-padding first  avia-builder-el-4  el_after_av_one_full  el_before_av_hr  column-top-margin\" style='border-radius:0px; '><section class=\"av_textblock_section \"  itemscope=\"itemscope\" itemtype=\"https:\/\/schema.org\/BlogPosting\" itemprop=\"blogPost\" ><div class='avia_textblock  '   itemprop=\"text\" ><p style=\"text-align: justify;\">Una importante reuni\u00f3n sostuvo la Subsecretaria de Pesca y Acuicultura, Alicia Gallardo, el Alcalde Francisco Roncagliolo Lepio, Concejales y representantes de la pesca artesanal de Puerto Cisnes, Puerto Gala, Puerto Gaviota, Puerto Ra\u00fal Mar\u00edn Balmaceda y Puerto Puyuhuapi. Ocasi\u00f3n en la que los trabajadores del mar pudieron plantear sus inquietudes a la autoridad sectorial.<\/p>\n<p style=\"text-align: justify;\">Al finalizar el encuentro, el Alcalde Francisco Roncagliolo, destac\u00f3 la instancia de dialogo y los consensos a los que se arribaron con la presencia tambi\u00e9n de los representantes de la industria y el turismo.<\/p>\n<p style=\"text-align: justify;\">\u201cEstamos muy contentos como comuna de Cisnes por esta reuni\u00f3n que sostuvimos con la Subsecretaria de Pesca y Acuicultura, porque no solamente pudimos conversar con los distintos representantes de la pesca artesanal y tambi\u00e9n representantes de las empresas acu\u00edcolas y del \u00e1rea tur\u00edstica. Tambi\u00e9n pudimos llegar a ciertos consensos en base a los diagn\u00f3sticos que hicimos en esta mesa de reuni\u00f3n, as\u00ed es que, por lo mismo ya se empezaron a elaborar las mesas de trabajo, fiscalizaci\u00f3n, tecnol\u00f3gica, pensando en la gente del litoral. Adem\u00e1s, estamos buscando resolver situaciones espec\u00edficas de fiscalizaci\u00f3n, que es un tema muy delicado que tenemos en la comuna, por la presencia de embarcaciones ilegales de la d\u00e9cima regi\u00f3n\u201d.<\/p>\n<p style=\"text-align: justify;\">En base a la necesidad de mejorar las fiscalizaciones y contar la presencia de Sernapesca en Puerto Cisnes y la Armada en Ra\u00fal Mar\u00edn Balmaceda, el Alcalde Roncagliolo, asegur\u00f3 que desde el Municipio existe la posibilidad de colaborar con recursos y gestiones para que ello pueda ser una realidad.<\/p>\n<p style=\"text-align: justify;\">\u201cPara la presencia de la Armada de Chile y Sernapesca, nosotros como Municipalidad hemos comprometido la posibilidad de recursos para apoyar la instalaci\u00f3n y las gestiones necesarias, para que esto se pueda llevar adelante. Es muy necesario tener instancias de fiscalizaci\u00f3n mayores en la comuna para cuidar los recursos, porque lo hemos dicho siempre, cada vez que la regi\u00f3n de Ays\u00e9n dice vamos a negociar recursos mar\u00edtimos de la regi\u00f3n, lo que se est\u00e1 haciendo es negociar recursos de la comuna de Cisnes. Entonces, para nosotros es muy importante que nuestra gente tenga la tranquilidad, tenga la claridad y tenga tambi\u00e9n la seguridad de que vamos a hacer todos los esfuerzos humanamente posibles para resguardar nuestros recursos naturales\u201d.<\/p>\n<p style=\"text-align: justify;\">El Concejal Larry Letcher, particip\u00f3 de la reuni\u00f3n y planteo que otra de las materias necesarias en la comuna de Cisnes a su juicio es, un laboratorio de marea roja. \u201cSe plante\u00f3 el tema de la regionalizaci\u00f3n de los recursos, se plante\u00f3 el tema de fiscalizaci\u00f3n y el tema que queda pendiente es lo relacionado a la posibilidad de instalar en Cisnes un laboratorio de marea roja\u201d.<\/p>\n<p style=\"text-align: justify;\">Por su parte, Jorge Hern\u00e1ndez, del sindicato \u201cAmparo 2\u201d de Puerto Gaviota, valor\u00f3 la instancia de conversaci\u00f3n y acuerdos en pro de la pesca artesanal. \u201cYo nunca hab\u00eda asistido a una reuni\u00f3n amplia como esta, pero me gust\u00f3, porque todas las inquietudes que ten\u00edamos nosotros fueron relacionadas con el trabajo que tenemos como es la pesca artesanal, que es lo que m\u00e1s se desarrolla all\u00e1 en Gaviota\u201d.<\/p>\n<p style=\"text-align: justify;\">Tanto autoridades como dirigentes, relevaron la instancia de dialogo y donde pudieron poner sobre la mesa temas tan importantes, tan preocupantes como la fiscalizaci\u00f3n en el litoral de la regi\u00f3n de Ays\u00e9n, particularmente de la comuna de Cisnes.<\/p>\n<\/div><\/section><\/div><div  style='height:50px' class='hr hr-invisible   avia-builder-el-6  el_after_av_one_full  el_before_av_social_share '><span class='hr-inner ' ><span class='hr-inner-style'><\/span><\/span><\/div><\/p>\n<div  class='av-social-sharing-box  avia-builder-el-7  el_after_av_hr  el_before_av_hr  '><div class='av-share-box'><h5 class='av-share-link-description av-no-toc '>Compartir esta noticia<\/h5><ul class='av-share-box-list noLightbox'><li class='av-share-link av-social-link-facebook' ><a target=\"_blank\" aria-label=\"Compartir en Facebook\" href='https:\/\/www.facebook.com\/sharer.php?u=https:\/\/radiorevelacionfm.cl\/?p=10713&#038;t=Dirigentes%20en%20Cisnes%20exponen%20inquietudes%20a%20Subsecretaria%20de%20Pesca%20y%20piden%20mayor%20fiscalizaci%C3%B3n%20por%20embarcaciones%20ilegales%20de%20otras%20zonas' aria-hidden='false' data-av_icon='\ue8f3' data-av_iconfont='entypo-fontello' title='' data-avia-related-tooltip='Compartir en Facebook' rel=\"noopener\"><span class='avia_hidden_link_text'>Compartir en Facebook<\/span><\/a><\/li><li class='av-share-link av-social-link-twitter' ><a target=\"_blank\" aria-label=\"Compartir en Twitter\" href='https:\/\/twitter.com\/share?text=Dirigentes%20en%20Cisnes%20exponen%20inquietudes%20a%20Subsecretaria%20de%20Pesca%20y%20piden%20mayor%20fiscalizaci%C3%B3n%20por%20embarcaciones%20ilegales%20de%20otras%20zonas&#038;url=https:\/\/radiorevelacionfm.cl\/?p=10713' aria-hidden='false' data-av_icon='\ue8f1' data-av_iconfont='entypo-fontello' title='' data-avia-related-tooltip='Compartir en Twitter' rel=\"noopener\"><span class='avia_hidden_link_text'>Compartir en Twitter<\/span><\/a><\/li><li class='av-share-link av-social-link-whatsapp' ><a target=\"_blank\" aria-label=\"Compartir en Whatsapp\" href='https:\/\/api.whatsapp.com\/send?text=https:\/\/radiorevelacionfm.cl\/?p=10713' aria-hidden='false' data-av_icon='\uf232' data-av_iconfont='entypo-fontello' title='' data-avia-related-tooltip='Compartir en Whatsapp' rel=\"noopener\"><span class='avia_hidden_link_text'>Compartir en Whatsapp<\/span><\/a><\/li><li class='av-share-link av-social-link-linkedin' ><a target=\"_blank\" aria-label=\"Compartir en LinkedIn\" href='https:\/\/linkedin.com\/shareArticle?mini=true&#038;title=Dirigentes%20en%20Cisnes%20exponen%20inquietudes%20a%20Subsecretaria%20de%20Pesca%20y%20piden%20mayor%20fiscalizaci%C3%B3n%20por%20embarcaciones%20ilegales%20de%20otras%20zonas&#038;url=https:\/\/radiorevelacionfm.cl\/?p=10713' aria-hidden='false' data-av_icon='\ue8fc' data-av_iconfont='entypo-fontello' title='' data-avia-related-tooltip='Compartir en LinkedIn' rel=\"noopener\"><span class='avia_hidden_link_text'>Compartir en LinkedIn<\/span><\/a><\/li><li class='av-share-link av-social-link-mail' ><a  aria-label=\"Compartir por correo\" href='mailto:?subject=Dirigentes%20en%20Cisnes%20exponen%20inquietudes%20a%20Subsecretaria%20de%20Pesca%20y%20piden%20mayor%20fiscalizaci%C3%B3n%20por%20embarcaciones%20ilegales%20de%20otras%20zonas&#038;body=https:\/\/radiorevelacionfm.cl\/?p=10713' aria-hidden='false' data-av_icon='\ue805' data-av_iconfont='entypo-fontello' title='' data-avia-related-tooltip='Compartir por correo'><span class='avia_hidden_link_text'>Compartir por correo<\/span><\/a><\/li><\/ul><\/div><\/div>\n<div  style='height:50px' class='hr hr-invisible   avia-builder-el-8  el_after_av_social_share  el_before_av_comments_list '><span class='hr-inner ' ><span class='hr-inner-style'><\/span><\/span><\/div>\n<div  class='av-buildercomment  av-blog-meta-html-info-disabled av-blog-meta-tag-disabled  '><\/div>\n","protected":false},"excerpt":{"rendered":"","protected":false},"author":1,"featured_media":10714,"comment_status":"open","ping_status":"open","sticky":false,"template":"","format":"standard","meta":{"footnotes":""},"categories":[38],"tags":[],"class_list":["post-10713","post","type-post","status-publish","format-standard","has-post-thumbnail","hentry","category-regional"],"jetpack_featured_media_url":"https:\/\/radiorevelacionfm.cl\/wp-content\/uploads\/2021\/11\/SUBPESCA-CISNES-2-1-1.jpg","_links":{"self":[{"href":"https:\/\/radiorevelacionfm.cl\/index.php?rest_route=\/wp\/v2\/posts\/10713","targetHints":{"allow":["GET"]}}],"collection":[{"href":"https:\/\/radiorevelacionfm.cl\/index.php?rest_route=\/wp\/v2\/posts"}],"about":[{"href":"https:\/\/radiorevelacionfm.cl\/index.php?rest_route=\/wp\/v2\/types\/post"}],"author":[{"embeddable":true,"href":"https:\/\/radiorevelacionfm.cl\/index.php?rest_route=\/wp\/v2\/users\/1"}],"replies":[{"embeddable":true,"href":"https:\/\/radiorevelacionfm.cl\/index.php?rest_route=%2Fwp%2Fv2%2Fcomments&post=10713"}],"version-history":[{"count":2,"href":"https:\/\/radiorevelacionfm.cl\/index.php?rest_route=\/wp\/v2\/posts\/10713\/revisions"}],"predecessor-version":[{"id":10716,"href":"https:\/\/radiorevelacionfm.cl\/index.php?rest_route=\/wp\/v2\/posts\/10713\/revisions\/10716"}],"wp:featuredmedia":[{"embeddable":true,"href":"https:\/\/radiorevelacionfm.cl\/index.php?rest_route=\/wp\/v2\/media\/10714"}],"wp:attachment":[{"href":"https:\/\/radiorevelacionfm.cl\/index.php?rest_route=%2Fwp%2Fv2%2Fmedia&parent=10713"}],"wp:term":[{"taxonomy":"category","embeddable":true,"href":"https:\/\/radiorevelacionfm.cl\/index.php?rest_route=%2Fwp%2Fv2%2Fcategories&post=10713"},{"taxonomy":"post_tag","embeddable":true,"href":"https:\/\/radiorevelacionfm.cl\/index.php?rest_route=%2Fwp%2Fv2%2Ftags&post=10713"}],"curies":[{"name":"wp","href":"https:\/\/api.w.org\/{rel}","templated":true}]}}