{"id":10709,"date":"2021-11-11T17:46:18","date_gmt":"2021-11-11T20:46:18","guid":{"rendered":"https:\/\/radiorevelacionfm.cl\/?p=10709"},"modified":"2021-11-11T17:46:18","modified_gmt":"2021-11-11T20:46:18","slug":"lago-verde-unica-comuna-en-la-region-que-se-adjudico-programa-pequenas-localidades","status":"publish","type":"post","link":"https:\/\/radiorevelacionfm.cl\/?p=10709","title":{"rendered":"Lago Verde \u00fanica comuna en la regi\u00f3n que se adjudic\u00f3 programa \u201cpeque\u00f1as localidades\u201d"},"content":{"rendered":"<div class=\"flex_column av_one_full  flex_column_div av-zero-column-padding first  avia-builder-el-0  el_before_av_one_full  avia-builder-el-first  \" style='border-radius:0px; '><div  class='avia-image-container  av-styling-    avia-builder-el-1  avia-builder-el-no-sibling  avia-align-center '  itemprop=\"image\" itemscope=\"itemscope\" itemtype=\"https:\/\/schema.org\/ImageObject\"  ><div class='avia-image-container-inner'><div class='avia-image-overlay-wrap'><img decoding=\"async\" class='wp-image-10710 avia-img-lazy-loading-not-10710 avia_image' src=\"https:\/\/radiorevelacionfm.cl\/wp-content\/uploads\/2021\/11\/municipalidad-lago-verde-2-1_optimized.jpg\" alt='' title='municipalidad-lago-verde-2-(1)_optimized' height=\"600\" width=\"800\"  itemprop=\"thumbnailUrl\" srcset=\"https:\/\/radiorevelacionfm.cl\/wp-content\/uploads\/2021\/11\/municipalidad-lago-verde-2-1_optimized.jpg 800w, https:\/\/radiorevelacionfm.cl\/wp-content\/uploads\/2021\/11\/municipalidad-lago-verde-2-1_optimized-300x225.jpg 300w, https:\/\/radiorevelacionfm.cl\/wp-content\/uploads\/2021\/11\/municipalidad-lago-verde-2-1_optimized-768x576.jpg 768w, https:\/\/radiorevelacionfm.cl\/wp-content\/uploads\/2021\/11\/municipalidad-lago-verde-2-1_optimized-705x529.jpg 705w, https:\/\/radiorevelacionfm.cl\/wp-content\/uploads\/2021\/11\/municipalidad-lago-verde-2-1_optimized-600x450.jpg 600w\" sizes=\"(max-width: 800px) 100vw, 800px\" \/><\/div><\/div><\/div><\/div><div class=\"flex_column av_one_full  flex_column_div av-zero-column-padding first  avia-builder-el-2  el_after_av_one_full  el_before_av_one_full  column-top-margin\" style='border-radius:0px; '><section class=\"av_textblock_section \"  itemscope=\"itemscope\" itemtype=\"https:\/\/schema.org\/BlogPosting\" itemprop=\"blogPost\" ><div class='avia_textblock  '   itemprop=\"text\" ><p style=\"text-align: center;\"><strong><span style=\"font-size: 18pt;\">Lago Verde \u00fanica comuna en la regi\u00f3n que se adjudic\u00f3 programa \u201cpeque\u00f1as localidades\u201d<\/span><\/strong><\/p>\n<div id=\"gtx-trans\" style=\"position: absolute; left: -50px; top: 4.31534px;\">\n<div class=\"gtx-trans-icon\"><\/div>\n<\/div>\n<\/div><\/section><\/div><div class=\"flex_column av_one_full  flex_column_div av-zero-column-padding first  avia-builder-el-4  el_after_av_one_full  el_before_av_hr  column-top-margin\" style='border-radius:0px; '><section class=\"av_textblock_section \"  itemscope=\"itemscope\" itemtype=\"https:\/\/schema.org\/BlogPosting\" itemprop=\"blogPost\" ><div class='avia_textblock  '   itemprop=\"text\" ><p style=\"text-align: justify;\">Una gran y positiva noticia es la que recibi\u00f3 en las \u00faltimas horas el Alcalde de la comuna de Lago Verde, Nelson Opazo L\u00f3pez, ya que, este territorio fue el \u00fanico en la regi\u00f3n en adjudicarse el programa \u201cpeque\u00f1as localidades\u201d del Ministerio de Vivienda y Urbanismo. Esto le permitir\u00e1 al Municipio respaldar iniciativas habitacionales, crear y mejorar espacios p\u00fablicos, infraestructura tur\u00edstica, entre otros.<\/p>\n<p style=\"text-align: justify;\">El jefe comunal, se mostr\u00f3 contento de que sea la comuna de Lago Verde, la que haya logrado ser la beneficiada con el programa del Minvu, que est\u00e1 destinado a comunas con menos de 20 mil habitantes.<\/p>\n<p style=\"text-align: justify;\">\u201cEsta programa va en apoyo directo desde recursos para proyectos de vivienda, como tambi\u00e9n para proyectos de infraestructura tur\u00edstica, proyectos de infraestructura en general de los territorios. En esta ocasi\u00f3n fue una dif\u00edcil tarea de postulaci\u00f3n, donde varias comunas m\u00e1s de la regi\u00f3n buscaban materializar este programa en sus territorios. As\u00ed es que, el que nos hayan informado oficialmente que somos la comuna favorecida en la regi\u00f3n de Ays\u00e9n con el programa peque\u00f1as localidades del Ministerio de Vivienda, por un monto de 1.500 millones de pesos nos tiene muy contentos. De estos recursos, el mayor porcentaje est\u00e1 enfocado justamente en proyectos de vivienda e infraestructura y de este gran programa de iniciativas que tenemos en cartera para nuestra comuna y comprometido con nuestros vecinos\u201d.<\/p>\n<p style=\"text-align: justify;\">El Alcalde Nelson Opazo, relev\u00f3 el gran trabajo del equipo de Secplan de la Municipalidad de Lago Verde, sumado al apoyo de la Fundaci\u00f3n 99, lo que permiti\u00f3 tener una alta evaluaci\u00f3n y ser quienes se adjudican el programa peque\u00f1as localidades.<\/p>\n<p style=\"text-align: justify;\">\u201cLa verdad es que estoy feliz, feliz por nuestra gente, feliz tambi\u00e9n por el trabajo gigante desarrollado por nuestro equipo de Secplan, el trabajo important\u00edsimo efectuado tambi\u00e9n por la Fundaci\u00f3n 99, con quien firmamos convenio hace un par de meses en Santiago. Esto aport\u00f3 significativamente para que obtengamos en la evaluaci\u00f3n t\u00e9cnica 98 puntos de 100, as\u00ed es que, casi puntaje perfecto desde el punto de vista t\u00e9cnico, que nos permite claramente hoy ser favorecidos. Lo que nos va a generar un enorme impacto en el territorio por un monto de 1.500 millones de pesos, que para nuestra comuna es casi un presupuesto anual\u201d.<\/p>\n<p style=\"text-align: justify;\">El Alcalde de la comuna de Lago Verde, Nelson Opazo, quiso agradecer el gran trabajo del Ministerio de Vivienda y Urbanismo, a los directores que votaron favorablemente la iniciativa, al Ministro Felipe Ward y su equipo que trabajaron siempre en coordinaci\u00f3n con Rosario Ruiz, como as\u00ed tambi\u00e9n, puso en valor el constante apoyo y gestiones en beneficio del territorio del Senador David Sandoval Plaza.<\/p>\n<\/div><\/section><\/div><div  style='height:50px' class='hr hr-invisible   avia-builder-el-6  el_after_av_one_full  el_before_av_social_share '><span class='hr-inner ' ><span class='hr-inner-style'><\/span><\/span><\/div><\/p>\n<div  class='av-social-sharing-box  avia-builder-el-7  el_after_av_hr  el_before_av_hr  '><div class='av-share-box'><h5 class='av-share-link-description av-no-toc '>Compartir esta noticia<\/h5><ul class='av-share-box-list noLightbox'><li class='av-share-link av-social-link-facebook' ><a target=\"_blank\" aria-label=\"Compartir en Facebook\" href='https:\/\/www.facebook.com\/sharer.php?u=https:\/\/radiorevelacionfm.cl\/?p=10709&#038;t=Lago%20Verde%20%C3%BAnica%20comuna%20en%20la%20regi%C3%B3n%20que%20se%20adjudic%C3%B3%20programa%20%E2%80%9Cpeque%C3%B1as%20localidades%E2%80%9D' aria-hidden='false' data-av_icon='\ue8f3' data-av_iconfont='entypo-fontello' title='' data-avia-related-tooltip='Compartir en Facebook' rel=\"noopener\"><span class='avia_hidden_link_text'>Compartir en Facebook<\/span><\/a><\/li><li class='av-share-link av-social-link-twitter' ><a target=\"_blank\" aria-label=\"Compartir en Twitter\" href='https:\/\/twitter.com\/share?text=Lago%20Verde%20%C3%BAnica%20comuna%20en%20la%20regi%C3%B3n%20que%20se%20adjudic%C3%B3%20programa%20%E2%80%9Cpeque%C3%B1as%20localidades%E2%80%9D&#038;url=https:\/\/radiorevelacionfm.cl\/?p=10709' aria-hidden='false' data-av_icon='\ue8f1' data-av_iconfont='entypo-fontello' title='' data-avia-related-tooltip='Compartir en Twitter' rel=\"noopener\"><span class='avia_hidden_link_text'>Compartir en Twitter<\/span><\/a><\/li><li class='av-share-link av-social-link-whatsapp' ><a target=\"_blank\" aria-label=\"Compartir en Whatsapp\" href='https:\/\/api.whatsapp.com\/send?text=https:\/\/radiorevelacionfm.cl\/?p=10709' aria-hidden='false' data-av_icon='\uf232' data-av_iconfont='entypo-fontello' title='' data-avia-related-tooltip='Compartir en Whatsapp' rel=\"noopener\"><span class='avia_hidden_link_text'>Compartir en Whatsapp<\/span><\/a><\/li><li class='av-share-link av-social-link-linkedin' ><a target=\"_blank\" aria-label=\"Compartir en LinkedIn\" href='https:\/\/linkedin.com\/shareArticle?mini=true&#038;title=Lago%20Verde%20%C3%BAnica%20comuna%20en%20la%20regi%C3%B3n%20que%20se%20adjudic%C3%B3%20programa%20%E2%80%9Cpeque%C3%B1as%20localidades%E2%80%9D&#038;url=https:\/\/radiorevelacionfm.cl\/?p=10709' aria-hidden='false' data-av_icon='\ue8fc' data-av_iconfont='entypo-fontello' title='' data-avia-related-tooltip='Compartir en LinkedIn' rel=\"noopener\"><span class='avia_hidden_link_text'>Compartir en LinkedIn<\/span><\/a><\/li><li class='av-share-link av-social-link-mail' ><a  aria-label=\"Compartir por correo\" href='mailto:?subject=Lago%20Verde%20%C3%BAnica%20comuna%20en%20la%20regi%C3%B3n%20que%20se%20adjudic%C3%B3%20programa%20%E2%80%9Cpeque%C3%B1as%20localidades%E2%80%9D&#038;body=https:\/\/radiorevelacionfm.cl\/?p=10709' aria-hidden='false' data-av_icon='\ue805' data-av_iconfont='entypo-fontello' title='' data-avia-related-tooltip='Compartir por correo'><span class='avia_hidden_link_text'>Compartir por correo<\/span><\/a><\/li><\/ul><\/div><\/div>\n<div  style='height:50px' class='hr hr-invisible   avia-builder-el-8  el_after_av_social_share  el_before_av_comments_list '><span class='hr-inner ' ><span class='hr-inner-style'><\/span><\/span><\/div>\n<div  class='av-buildercomment  av-blog-meta-html-info-disabled av-blog-meta-tag-disabled  '><\/div>\n","protected":false},"excerpt":{"rendered":"","protected":false},"author":1,"featured_media":10710,"comment_status":"open","ping_status":"open","sticky":false,"template":"","format":"standard","meta":{"footnotes":""},"categories":[38],"tags":[],"class_list":["post-10709","post","type-post","status-publish","format-standard","has-post-thumbnail","hentry","category-regional"],"jetpack_featured_media_url":"https:\/\/radiorevelacionfm.cl\/wp-content\/uploads\/2021\/11\/municipalidad-lago-verde-2-1_optimized.jpg","_links":{"self":[{"href":"https:\/\/radiorevelacionfm.cl\/index.php?rest_route=\/wp\/v2\/posts\/10709","targetHints":{"allow":["GET"]}}],"collection":[{"href":"https:\/\/radiorevelacionfm.cl\/index.php?rest_route=\/wp\/v2\/posts"}],"about":[{"href":"https:\/\/radiorevelacionfm.cl\/index.php?rest_route=\/wp\/v2\/types\/post"}],"author":[{"embeddable":true,"href":"https:\/\/radiorevelacionfm.cl\/index.php?rest_route=\/wp\/v2\/users\/1"}],"replies":[{"embeddable":true,"href":"https:\/\/radiorevelacionfm.cl\/index.php?rest_route=%2Fwp%2Fv2%2Fcomments&post=10709"}],"version-history":[{"count":2,"href":"https:\/\/radiorevelacionfm.cl\/index.php?rest_route=\/wp\/v2\/posts\/10709\/revisions"}],"predecessor-version":[{"id":10712,"href":"https:\/\/radiorevelacionfm.cl\/index.php?rest_route=\/wp\/v2\/posts\/10709\/revisions\/10712"}],"wp:featuredmedia":[{"embeddable":true,"href":"https:\/\/radiorevelacionfm.cl\/index.php?rest_route=\/wp\/v2\/media\/10710"}],"wp:attachment":[{"href":"https:\/\/radiorevelacionfm.cl\/index.php?rest_route=%2Fwp%2Fv2%2Fmedia&parent=10709"}],"wp:term":[{"taxonomy":"category","embeddable":true,"href":"https:\/\/radiorevelacionfm.cl\/index.php?rest_route=%2Fwp%2Fv2%2Fcategories&post=10709"},{"taxonomy":"post_tag","embeddable":true,"href":"https:\/\/radiorevelacionfm.cl\/index.php?rest_route=%2Fwp%2Fv2%2Ftags&post=10709"}],"curies":[{"name":"wp","href":"https:\/\/api.w.org\/{rel}","templated":true}]}}