{"id":10704,"date":"2021-11-12T10:40:21","date_gmt":"2021-11-12T13:40:21","guid":{"rendered":"https:\/\/radiorevelacionfm.cl\/?p=10704"},"modified":"2021-11-12T10:40:21","modified_gmt":"2021-11-12T13:40:21","slug":"mineduc-entrega-sello-de-autorizacion-de-funcionamiento-a-jardines-particulares-de-coyhaique-y-puerto-aysen","status":"publish","type":"post","link":"https:\/\/radiorevelacionfm.cl\/?p=10704","title":{"rendered":"Mineduc entrega sello de autorizaci\u00f3n de funcionamiento a jardines particulares de Coyhaique y Puerto Ays\u00e9n"},"content":{"rendered":"<div class=\"flex_column av_one_full  flex_column_div av-zero-column-padding first  avia-builder-el-0  el_before_av_one_full  avia-builder-el-first  \" style='border-radius:0px; '><div  class='avia-image-container  av-styling-    avia-builder-el-1  avia-builder-el-no-sibling  avia-align-center '  itemprop=\"image\" itemscope=\"itemscope\" itemtype=\"https:\/\/schema.org\/ImageObject\"  ><div class='avia-image-container-inner'><div class='avia-image-overlay-wrap'><img decoding=\"async\" class='wp-image-10706 avia-img-lazy-loading-not-10706 avia_image' src=\"https:\/\/radiorevelacionfm.cl\/wp-content\/uploads\/2021\/11\/jardin-aysen-1-1.jpeg\" alt='' title='jard\u00edn aysen (1) (1)' height=\"600\" width=\"800\"  itemprop=\"thumbnailUrl\" srcset=\"https:\/\/radiorevelacionfm.cl\/wp-content\/uploads\/2021\/11\/jardin-aysen-1-1.jpeg 800w, https:\/\/radiorevelacionfm.cl\/wp-content\/uploads\/2021\/11\/jardin-aysen-1-1-300x225.jpeg 300w, https:\/\/radiorevelacionfm.cl\/wp-content\/uploads\/2021\/11\/jardin-aysen-1-1-768x576.jpeg 768w, https:\/\/radiorevelacionfm.cl\/wp-content\/uploads\/2021\/11\/jardin-aysen-1-1-705x529.jpeg 705w, https:\/\/radiorevelacionfm.cl\/wp-content\/uploads\/2021\/11\/jardin-aysen-1-1-600x450.jpeg 600w\" sizes=\"(max-width: 800px) 100vw, 800px\" \/><\/div><\/div><\/div><\/div><div class=\"flex_column av_one_full  flex_column_div av-zero-column-padding first  avia-builder-el-2  el_after_av_one_full  el_before_av_one_full  column-top-margin\" style='border-radius:0px; '><section class=\"av_textblock_section \"  itemscope=\"itemscope\" itemtype=\"https:\/\/schema.org\/BlogPosting\" itemprop=\"blogPost\" ><div class='avia_textblock  '   itemprop=\"text\" ><p style=\"text-align: center;\"><strong><span style=\"font-size: 18pt;\">Mineduc entrega sello de autorizaci\u00f3n de funcionamiento a jardines particulares de Coyhaique y Puerto Ays\u00e9n<\/span><\/strong><\/p>\n<div id=\"gtx-trans\" style=\"position: absolute; left: -50px; top: 4.31534px;\">\n<div class=\"gtx-trans-icon\"><\/div>\n<\/div>\n<\/div><\/section><\/div><div class=\"flex_column av_one_full  flex_column_div av-zero-column-padding first  avia-builder-el-4  el_after_av_one_full  el_before_av_hr  column-top-margin\" style='border-radius:0px; '><section class=\"av_textblock_section \"  itemscope=\"itemscope\" itemtype=\"https:\/\/schema.org\/BlogPosting\" itemprop=\"blogPost\" ><div class='avia_textblock  '   itemprop=\"text\" ><p class=\"v1MsoNormal\" style=\"text-align: justify;\">Esta semana el Seremi de Educaci\u00f3n de Ays\u00e9n Sergio Becerra Mera particip\u00f3 en la entrega del sello de Autorizaci\u00f3n de Funcionamiento a los jardines particulares Mimos de Coyhaique y\u00a0<span lang=\"ES\">Sala Cuna y Jard\u00edn Infantil Hospital\u00a0<\/span>Mi Mundo de Puerto Ays\u00e9n.<\/p>\n<p class=\"v1MsoNormal\" style=\"text-align: justify;\">Lo anterior, en la l\u00ednea de relevar la importancia de los primeros a\u00f1os de los ni\u00f1os y ni\u00f1as para su desarrollo futuro. La primera infancia constituye la base de las capacidades cognitivas, emocionales y sociales de las personas, en la que influyen de forma importante las experiencias durante la infancia temprana, las que ser\u00edan fundamentales en las oportunidades futuras de aprendizaje, salud f\u00edsica y mental. Por ello la estimulaci\u00f3n, cuidado y educaci\u00f3n durante esta etapa debe ser de alta calidad.<\/p>\n<p class=\"v1MsoNormal\" style=\"text-align: justify;\">La evidencia indica que asistir a un centro de educaci\u00f3n parvularia de calidad tiene efectos positivos, tanto en el desarrollo cognitivo como socioemocional de los ni\u00f1os, especialmente para aquellos que provienen de familias de mayor vulnerabilidad social. Por el contrario, la evidencia tambi\u00e9n nos advierte que la asistencia a centros de educaci\u00f3n parvularia de baja calidad puede tener un efecto negativo en los menores, que es dif\u00edcil de revertir.<\/p>\n<p class=\"v1MsoNormal\" style=\"text-align: justify;\">Considerando lo anterior, la nueva institucionalidad de Educaci\u00f3n Parvularia, exige a todos los centros educacionales que entreguen educaci\u00f3n integral a ni\u00f1os desde su nacimiento hasta el ingreso a la educaci\u00f3n b\u00e1sica, contar con una certificaci\u00f3n del Ministerio de Educaci\u00f3n para poder funcionar. En efecto, aquellos que requiera recibir aportes del Estado deben contar con Reconocimiento Oficial, mientras que todos los dem\u00e1s, deben obtener Autorizaci\u00f3n de Funcionamiento.<br \/>\nCon ello, el Ministerio de Educaci\u00f3n fortalece su rol rector y articulador en educaci\u00f3n, elaborando las pol\u00edticas p\u00fablicas del \u00e1rea y otorgando la Autorizaci\u00f3n de Funcionamiento o Reconocimiento Oficial, seg\u00fan corresponda, a los establecimientos que imparten educaci\u00f3n parvularia.<\/p>\n<p class=\"v1MsoNormal\" style=\"text-align: justify;\">\u201cA la fecha como regi\u00f3n tenemos un avance superior al 50 por ciento de Certificaci\u00f3n de las salas cunas y jardines infantiles; tanto en Reconocimiento Oficial (RO) a establecimientos que reciben recursos del Estado, como jardines infantiles Junji de administraci\u00f3n directa, y administraci\u00f3n V\u00eda Transferencia de Fondos (VTF),\u00a0 y jardines infantiles de Fundaci\u00f3n Integra; y en la Autorizaci\u00f3n de Funcionamiento (AF) a jard\u00ednes infantiles y salas cunas particulares pagados\u201d, detall\u00f3 la autoridad regional.<\/p>\n<p class=\"v1MsoNormal\" style=\"text-align: justify;\">Sergio Becerra destac\u00f3 la importancia que tiene este proceso de certificaci\u00f3n de establecimientos de educaci\u00f3n parvularia.<\/p>\n<p class=\"v1MsoNormal\" style=\"text-align: justify;\">\u201cEste es un compromiso del Gobierno del Presidente Sebasti\u00e1n Pi\u00f1era de avanzar con decisi\u00f3n en la tarea de certificar a todos los jardines infantiles de Chile, porque con ello avanzan los ni\u00f1os y ni\u00f1as de Chile en su derecho a contar con educaci\u00f3n de calidad, acerc\u00e1ndonos cada vez m\u00e1s a igualar las condiciones educativas desde la sala cuna. Continuamos avanzando en esta l\u00ednea para dar tranquilidad a las familias de que sus hijos est\u00e1n recibiendo educaci\u00f3n temprana en recintos id\u00f3neos y con el personal profesional competentes\u201d.<\/p>\n<p class=\"v1MsoNormal\" style=\"text-align: justify;\">En el caso de la Sala Cuna y Jard\u00edn Infantil Mi Mundo de Puerto Ays\u00e9n, este establecimiento funciona en dependencias del Hospital de Puerto Ays\u00e9n y brinda atenci\u00f3n a los hijos\/as de funcionarios del recinto asistencial.<\/p>\n<p class=\"v1MsoNormal\" style=\"text-align: justify;\">El director del hospital Dr. Claudio Arriagada valor\u00f3 esta autorizaci\u00f3n se\u00f1alando: \u201cPara nosotros es muy importante porque acredita contar con todos los requisitos formativos y de infraestructura para darle la tranquilidad a nuestros funcionarios que laboran d\u00eda a d\u00eda este hospital de que sus hijos est\u00e1n bien atendido y reciben educaci\u00f3n de calidad\u201d.<\/p>\n<p class=\"v1MsoNormal\" style=\"text-align: justify;\">Por su parte, la directora del jard\u00edn infantil Maribel Hern\u00e1ndez se\u00f1al\u00f3 \u201cEs trascendental esta autorizaci\u00f3n de funcionamiento que nos entrega garant\u00edas a los padres de que este recinto sala cuna entrega un servicio educativo de calidad y asegurando el bienestar de los p\u00e1rvulos\u201d.<\/p>\n<p class=\"v1MsoNormal\" style=\"text-align: justify;\">La delegada presidencial provincial de Ays\u00e9n(s) Tatiana Fontecha expres\u00f3: Estamos contentos de acompa\u00f1ar a la directora, funcionarias y padres y madres beneficiadas con el funcionamiento de esta sala cuna jard\u00edn infantil Mi Mundo. Cuando hablamos de emparejar la cancha y disminuir las brechas educativas, como gobierno lo tomamos muy en serio y hoy apoyamos esta iniciativa. Cuando hay calidad en la infraestructura y personal id\u00f3neo y les damos garant\u00edas a las familias que sus hijos est\u00e1n recibiendo educaci\u00f3n de calidad desde temprana edad, estamos efectivamente disminuyendo esas brechas\u201d.<\/p>\n<p class=\"v1MsoNormal\" style=\"text-align: justify;\">En Coyhaique fue descubierta la placa de Autorizaci\u00f3n de Funcionamiento del Jard\u00edn Infantil Mimos, cuya sostenedora y directora Andrea Monsalve Navarrete expres\u00f3: \u201cPara nosotros como Sociedad educativa Mimos estamos contentos por este reconocimiento porque con ello hay una valoraci\u00f3n del trabajo que realizamos, cumpliendo toda la normativa vigente, no solo en el \u00e1mbito de infraestructura y equipamiento, sino que en el \u00e1mbito t\u00e9cnico pedag\u00f3gico\u201d.<\/p>\n<p class=\"v1MsoNormal\" style=\"text-align: justify;\">El Seremi de Educaci\u00f3n hizo un llamado a las familias, madres, padres y apoderados es a informarse sobre si su jard\u00edn infantil y sala cuna cuenta con el Reconocimiento Oficial o Autorizaci\u00f3n de Funcionamiento del Ministerio de Educaci\u00f3n, asegurando condiciones de calidad.<\/p>\n<\/div><\/section><\/div><div  style='height:50px' class='hr hr-invisible   avia-builder-el-6  el_after_av_one_full  el_before_av_social_share '><span class='hr-inner ' ><span class='hr-inner-style'><\/span><\/span><\/div><\/p>\n<div  class='av-social-sharing-box  avia-builder-el-7  el_after_av_hr  el_before_av_hr  '><div class='av-share-box'><h5 class='av-share-link-description av-no-toc '>Compartir esta noticia<\/h5><ul class='av-share-box-list noLightbox'><li class='av-share-link av-social-link-facebook' ><a target=\"_blank\" aria-label=\"Compartir en Facebook\" href='https:\/\/www.facebook.com\/sharer.php?u=https:\/\/radiorevelacionfm.cl\/?p=10704&#038;t=Mineduc%20entrega%20sello%20de%20autorizaci%C3%B3n%20de%20funcionamiento%20a%20jardines%20particulares%20de%20Coyhaique%20y%20Puerto%20Ays%C3%A9n' aria-hidden='false' data-av_icon='\ue8f3' data-av_iconfont='entypo-fontello' title='' data-avia-related-tooltip='Compartir en Facebook' rel=\"noopener\"><span class='avia_hidden_link_text'>Compartir en Facebook<\/span><\/a><\/li><li class='av-share-link av-social-link-twitter' ><a target=\"_blank\" aria-label=\"Compartir en Twitter\" href='https:\/\/twitter.com\/share?text=Mineduc%20entrega%20sello%20de%20autorizaci%C3%B3n%20de%20funcionamiento%20a%20jardines%20particulares%20de%20Coyhaique%20y%20Puerto%20Ays%C3%A9n&#038;url=https:\/\/radiorevelacionfm.cl\/?p=10704' aria-hidden='false' data-av_icon='\ue8f1' data-av_iconfont='entypo-fontello' title='' data-avia-related-tooltip='Compartir en Twitter' rel=\"noopener\"><span class='avia_hidden_link_text'>Compartir en Twitter<\/span><\/a><\/li><li class='av-share-link av-social-link-whatsapp' ><a target=\"_blank\" aria-label=\"Compartir en Whatsapp\" href='https:\/\/api.whatsapp.com\/send?text=https:\/\/radiorevelacionfm.cl\/?p=10704' aria-hidden='false' data-av_icon='\uf232' data-av_iconfont='entypo-fontello' title='' data-avia-related-tooltip='Compartir en Whatsapp' rel=\"noopener\"><span class='avia_hidden_link_text'>Compartir en Whatsapp<\/span><\/a><\/li><li class='av-share-link av-social-link-linkedin' ><a target=\"_blank\" aria-label=\"Compartir en LinkedIn\" href='https:\/\/linkedin.com\/shareArticle?mini=true&#038;title=Mineduc%20entrega%20sello%20de%20autorizaci%C3%B3n%20de%20funcionamiento%20a%20jardines%20particulares%20de%20Coyhaique%20y%20Puerto%20Ays%C3%A9n&#038;url=https:\/\/radiorevelacionfm.cl\/?p=10704' aria-hidden='false' data-av_icon='\ue8fc' data-av_iconfont='entypo-fontello' title='' data-avia-related-tooltip='Compartir en LinkedIn' rel=\"noopener\"><span class='avia_hidden_link_text'>Compartir en LinkedIn<\/span><\/a><\/li><li class='av-share-link av-social-link-mail' ><a  aria-label=\"Compartir por correo\" href='mailto:?subject=Mineduc%20entrega%20sello%20de%20autorizaci%C3%B3n%20de%20funcionamiento%20a%20jardines%20particulares%20de%20Coyhaique%20y%20Puerto%20Ays%C3%A9n&#038;body=https:\/\/radiorevelacionfm.cl\/?p=10704' aria-hidden='false' data-av_icon='\ue805' data-av_iconfont='entypo-fontello' title='' data-avia-related-tooltip='Compartir por correo'><span class='avia_hidden_link_text'>Compartir por correo<\/span><\/a><\/li><\/ul><\/div><\/div>\n<div  style='height:50px' class='hr hr-invisible   avia-builder-el-8  el_after_av_social_share  el_before_av_comments_list '><span class='hr-inner ' ><span class='hr-inner-style'><\/span><\/span><\/div>\n<div  class='av-buildercomment  av-blog-meta-html-info-disabled av-blog-meta-tag-disabled  '><\/div>\n","protected":false},"excerpt":{"rendered":"","protected":false},"author":1,"featured_media":10706,"comment_status":"open","ping_status":"open","sticky":false,"template":"","format":"standard","meta":{"footnotes":""},"categories":[49],"tags":[],"class_list":["post-10704","post","type-post","status-publish","format-standard","has-post-thumbnail","hentry","category-educacion"],"jetpack_featured_media_url":"https:\/\/radiorevelacionfm.cl\/wp-content\/uploads\/2021\/11\/jardin-aysen-1-1.jpeg","_links":{"self":[{"href":"https:\/\/radiorevelacionfm.cl\/index.php?rest_route=\/wp\/v2\/posts\/10704","targetHints":{"allow":["GET"]}}],"collection":[{"href":"https:\/\/radiorevelacionfm.cl\/index.php?rest_route=\/wp\/v2\/posts"}],"about":[{"href":"https:\/\/radiorevelacionfm.cl\/index.php?rest_route=\/wp\/v2\/types\/post"}],"author":[{"embeddable":true,"href":"https:\/\/radiorevelacionfm.cl\/index.php?rest_route=\/wp\/v2\/users\/1"}],"replies":[{"embeddable":true,"href":"https:\/\/radiorevelacionfm.cl\/index.php?rest_route=%2Fwp%2Fv2%2Fcomments&post=10704"}],"version-history":[{"count":2,"href":"https:\/\/radiorevelacionfm.cl\/index.php?rest_route=\/wp\/v2\/posts\/10704\/revisions"}],"predecessor-version":[{"id":10731,"href":"https:\/\/radiorevelacionfm.cl\/index.php?rest_route=\/wp\/v2\/posts\/10704\/revisions\/10731"}],"wp:featuredmedia":[{"embeddable":true,"href":"https:\/\/radiorevelacionfm.cl\/index.php?rest_route=\/wp\/v2\/media\/10706"}],"wp:attachment":[{"href":"https:\/\/radiorevelacionfm.cl\/index.php?rest_route=%2Fwp%2Fv2%2Fmedia&parent=10704"}],"wp:term":[{"taxonomy":"category","embeddable":true,"href":"https:\/\/radiorevelacionfm.cl\/index.php?rest_route=%2Fwp%2Fv2%2Fcategories&post=10704"},{"taxonomy":"post_tag","embeddable":true,"href":"https:\/\/radiorevelacionfm.cl\/index.php?rest_route=%2Fwp%2Fv2%2Ftags&post=10704"}],"curies":[{"name":"wp","href":"https:\/\/api.w.org\/{rel}","templated":true}]}}