{"id":10702,"date":"2021-11-12T09:34:08","date_gmt":"2021-11-12T12:34:08","guid":{"rendered":"https:\/\/radiorevelacionfm.cl\/?p=10702"},"modified":"2021-11-12T09:34:08","modified_gmt":"2021-11-12T12:34:08","slug":"invitan-a-las-familias-de-aysen-a-postular-al-programa-casa-solar","status":"publish","type":"post","link":"https:\/\/radiorevelacionfm.cl\/?p=10702","title":{"rendered":"Invitan a las familias de Ays\u00e9n a postular al Programa Casa Solar"},"content":{"rendered":"<div class=\"flex_column av_one_full  flex_column_div av-zero-column-padding first  avia-builder-el-0  el_before_av_one_full  avia-builder-el-first  \" style='border-radius:0px; '><div  class='avia-image-container  av-styling-    avia-builder-el-1  avia-builder-el-no-sibling  avia-align-center '  itemprop=\"image\" itemscope=\"itemscope\" itemtype=\"https:\/\/schema.org\/ImageObject\"  ><div class='avia-image-container-inner'><div class='avia-image-overlay-wrap'><img decoding=\"async\" class='wp-image-6422 avia-img-lazy-loading-not-6422 avia_image' src=\"https:\/\/radiorevelacionfm.cl\/wp-content\/uploads\/2021\/07\/casasolar2-1_optimized.jpeg\" alt='' title='casasolar2-(1)_optimized' height=\"600\" width=\"900\"  itemprop=\"thumbnailUrl\" srcset=\"https:\/\/radiorevelacionfm.cl\/wp-content\/uploads\/2021\/07\/casasolar2-1_optimized.jpeg 900w, https:\/\/radiorevelacionfm.cl\/wp-content\/uploads\/2021\/07\/casasolar2-1_optimized-300x200.jpeg 300w, https:\/\/radiorevelacionfm.cl\/wp-content\/uploads\/2021\/07\/casasolar2-1_optimized-768x512.jpeg 768w, https:\/\/radiorevelacionfm.cl\/wp-content\/uploads\/2021\/07\/casasolar2-1_optimized-705x470.jpeg 705w, https:\/\/radiorevelacionfm.cl\/wp-content\/uploads\/2021\/07\/casasolar2-1_optimized-600x400.jpeg 600w\" sizes=\"(max-width: 900px) 100vw, 900px\" \/><\/div><\/div><\/div><\/div><div class=\"flex_column av_one_full  flex_column_div av-zero-column-padding first  avia-builder-el-2  el_after_av_one_full  el_before_av_one_full  column-top-margin\" style='border-radius:0px; '><section class=\"av_textblock_section \"  itemscope=\"itemscope\" itemtype=\"https:\/\/schema.org\/BlogPosting\" itemprop=\"blogPost\" ><div class='avia_textblock  '   itemprop=\"text\" ><p style=\"text-align: center;\"><strong><span style=\"font-size: 18pt;\">Invitan a las familias de Ays\u00e9n a postular al Programa Casa Solar<\/span><\/strong><\/p>\n<div id=\"gtx-trans\" style=\"position: absolute; left: -50px; top: 4.31534px;\">\n<div class=\"gtx-trans-icon\"><\/div>\n<\/div>\n<\/div><\/section><\/div><div class=\"flex_column av_one_full  flex_column_div av-zero-column-padding first  avia-builder-el-4  el_after_av_one_full  el_before_av_hr  column-top-margin\" style='border-radius:0px; '><section class=\"av_textblock_section \"  itemscope=\"itemscope\" itemtype=\"https:\/\/schema.org\/BlogPosting\" itemprop=\"blogPost\" ><div class='avia_textblock  '   itemprop=\"text\" ><p style=\"text-align: justify;\">El Seremi de Energ\u00eda de la regi\u00f3n de Ays\u00e9n, Juan Luis Amen\u00e1bar, hizo un llamado a postular a la nueva convocatoria del Programa Casa Solar, iniciativa del Ministerio de Energ\u00eda ejecutada por la Agencia de Sostenibilidad Energ\u00e9tica, que busca fomentar el acceso a sistemas solares fotovoltaicos en los hogares de Chile.<\/p>\n<p style=\"text-align: justify;\">Al respecto la autoridad regional de Energ\u00eda se\u00f1al\u00f3 que \u201cel programa Casa Solar es una iniciativa que busca acercar las energ\u00edas renovables a las familias de Ays\u00e9n para que puedan autogenerar energ\u00eda limpia, disminuir sus gastos de electricidad y aportar al cuidado del medio ambiente. Esto nos permitir\u00e1 mejorar la calidad de vida de las personas y avanzar en la diversificaci\u00f3n de la matriz energ\u00e9tica regional\u201d.<\/p>\n<p style=\"text-align: justify;\">La compra agregada de los sistemas solares fotovoltaicos permitir\u00e1 reducir al menos en un 25% su costo respecto del valor unitario de mercado. Complementariamente, el Ministerio de Energ\u00eda aportar\u00e1 un cofinanciamiento a la implementaci\u00f3n de dichos sistemas, el que depender\u00e1 del aval\u00fao fiscal de la vivienda.<\/p>\n<p style=\"text-align: justify;\">Al respecto el Seremi Amen\u00e1bar explic\u00f3 que \u201cpor ejemplo una familia cuya vivienda posea un avalu\u00f3 fiscal m\u00e1ximo de 1000 UF, pagar\u00e1 $850.000 para sistemas de 1 kWp y $1.250.000 para los de 2 kWp. Esto corresponde a cerca de un 60% de descuento en relaci\u00f3n con una compra sin cofinanciamiento estatal. Adem\u00e1s, los sistemas que se adquieran contar\u00e1n con suministro de equipos, instalaci\u00f3n, declaraci\u00f3n el\u00e9ctrica y puesta en operaci\u00f3n. Esta es una gran oportunidad para las familias de Ays\u00e9n, por ello queremos motivarlos para que postulen y se sumen a las energ\u00edas limpias\u201d.<\/p>\n<p style=\"text-align: justify;\">La primera versi\u00f3n del Programa de Casa Solar en la regi\u00f3n de Ays\u00e9n adjudic\u00f3 57 proyectos de la comuna de Coyhaique. En esta ocasi\u00f3n la convocatoria es abierta a todas las comunas que re\u00fanan al menos 100 postulaciones viables en su territorio.<\/p>\n<p style=\"text-align: justify;\">Las postulaciones al presente llamado se encontrar\u00e1n abiertas hasta el pr\u00f3ximo 09 de diciembre o hasta agotar los 3.500 cupos disponibles. Los interesados pueden revisar los detalles e inscribirse a trav\u00e9s de la p\u00e1gina <a href=\"http:\/\/www.casasolar.cl\">www.casasolar.cl<\/a>.<\/p>\n<\/div><\/section><\/div><div  style='height:50px' class='hr hr-invisible   avia-builder-el-6  el_after_av_one_full  el_before_av_social_share '><span class='hr-inner ' ><span class='hr-inner-style'><\/span><\/span><\/div><\/p>\n<div  class='av-social-sharing-box  avia-builder-el-7  el_after_av_hr  el_before_av_hr  '><div class='av-share-box'><h5 class='av-share-link-description av-no-toc '>Compartir esta noticia<\/h5><ul class='av-share-box-list noLightbox'><li class='av-share-link av-social-link-facebook' ><a target=\"_blank\" aria-label=\"Compartir en Facebook\" href='https:\/\/www.facebook.com\/sharer.php?u=https:\/\/radiorevelacionfm.cl\/?p=10702&#038;t=Invitan%20a%20las%20familias%20de%20Ays%C3%A9n%20a%20postular%20al%20Programa%20Casa%20Solar' aria-hidden='false' data-av_icon='\ue8f3' data-av_iconfont='entypo-fontello' title='' data-avia-related-tooltip='Compartir en Facebook' rel=\"noopener\"><span class='avia_hidden_link_text'>Compartir en Facebook<\/span><\/a><\/li><li class='av-share-link av-social-link-twitter' ><a target=\"_blank\" aria-label=\"Compartir en Twitter\" href='https:\/\/twitter.com\/share?text=Invitan%20a%20las%20familias%20de%20Ays%C3%A9n%20a%20postular%20al%20Programa%20Casa%20Solar&#038;url=https:\/\/radiorevelacionfm.cl\/?p=10702' aria-hidden='false' data-av_icon='\ue8f1' data-av_iconfont='entypo-fontello' title='' data-avia-related-tooltip='Compartir en Twitter' rel=\"noopener\"><span class='avia_hidden_link_text'>Compartir en Twitter<\/span><\/a><\/li><li class='av-share-link av-social-link-whatsapp' ><a target=\"_blank\" aria-label=\"Compartir en Whatsapp\" href='https:\/\/api.whatsapp.com\/send?text=https:\/\/radiorevelacionfm.cl\/?p=10702' aria-hidden='false' data-av_icon='\uf232' data-av_iconfont='entypo-fontello' title='' data-avia-related-tooltip='Compartir en Whatsapp' rel=\"noopener\"><span class='avia_hidden_link_text'>Compartir en Whatsapp<\/span><\/a><\/li><li class='av-share-link av-social-link-linkedin' ><a target=\"_blank\" aria-label=\"Compartir en LinkedIn\" href='https:\/\/linkedin.com\/shareArticle?mini=true&#038;title=Invitan%20a%20las%20familias%20de%20Ays%C3%A9n%20a%20postular%20al%20Programa%20Casa%20Solar&#038;url=https:\/\/radiorevelacionfm.cl\/?p=10702' aria-hidden='false' data-av_icon='\ue8fc' data-av_iconfont='entypo-fontello' title='' data-avia-related-tooltip='Compartir en LinkedIn' rel=\"noopener\"><span class='avia_hidden_link_text'>Compartir en LinkedIn<\/span><\/a><\/li><li class='av-share-link av-social-link-mail' ><a  aria-label=\"Compartir por correo\" href='mailto:?subject=Invitan%20a%20las%20familias%20de%20Ays%C3%A9n%20a%20postular%20al%20Programa%20Casa%20Solar&#038;body=https:\/\/radiorevelacionfm.cl\/?p=10702' aria-hidden='false' data-av_icon='\ue805' data-av_iconfont='entypo-fontello' title='' data-avia-related-tooltip='Compartir por correo'><span class='avia_hidden_link_text'>Compartir por correo<\/span><\/a><\/li><\/ul><\/div><\/div>\n<div  style='height:50px' class='hr hr-invisible   avia-builder-el-8  el_after_av_social_share  el_before_av_comments_list '><span class='hr-inner ' ><span class='hr-inner-style'><\/span><\/span><\/div>\n<div  class='av-buildercomment  av-blog-meta-html-info-disabled av-blog-meta-tag-disabled  '><\/div>\n","protected":false},"excerpt":{"rendered":"","protected":false},"author":1,"featured_media":6422,"comment_status":"open","ping_status":"open","sticky":false,"template":"","format":"standard","meta":{"footnotes":""},"categories":[38],"tags":[],"class_list":["post-10702","post","type-post","status-publish","format-standard","has-post-thumbnail","hentry","category-regional"],"jetpack_featured_media_url":"https:\/\/radiorevelacionfm.cl\/wp-content\/uploads\/2021\/07\/casasolar2-1_optimized.jpeg","_links":{"self":[{"href":"https:\/\/radiorevelacionfm.cl\/index.php?rest_route=\/wp\/v2\/posts\/10702","targetHints":{"allow":["GET"]}}],"collection":[{"href":"https:\/\/radiorevelacionfm.cl\/index.php?rest_route=\/wp\/v2\/posts"}],"about":[{"href":"https:\/\/radiorevelacionfm.cl\/index.php?rest_route=\/wp\/v2\/types\/post"}],"author":[{"embeddable":true,"href":"https:\/\/radiorevelacionfm.cl\/index.php?rest_route=\/wp\/v2\/users\/1"}],"replies":[{"embeddable":true,"href":"https:\/\/radiorevelacionfm.cl\/index.php?rest_route=%2Fwp%2Fv2%2Fcomments&post=10702"}],"version-history":[{"count":2,"href":"https:\/\/radiorevelacionfm.cl\/index.php?rest_route=\/wp\/v2\/posts\/10702\/revisions"}],"predecessor-version":[{"id":10724,"href":"https:\/\/radiorevelacionfm.cl\/index.php?rest_route=\/wp\/v2\/posts\/10702\/revisions\/10724"}],"wp:featuredmedia":[{"embeddable":true,"href":"https:\/\/radiorevelacionfm.cl\/index.php?rest_route=\/wp\/v2\/media\/6422"}],"wp:attachment":[{"href":"https:\/\/radiorevelacionfm.cl\/index.php?rest_route=%2Fwp%2Fv2%2Fmedia&parent=10702"}],"wp:term":[{"taxonomy":"category","embeddable":true,"href":"https:\/\/radiorevelacionfm.cl\/index.php?rest_route=%2Fwp%2Fv2%2Fcategories&post=10702"},{"taxonomy":"post_tag","embeddable":true,"href":"https:\/\/radiorevelacionfm.cl\/index.php?rest_route=%2Fwp%2Fv2%2Ftags&post=10702"}],"curies":[{"name":"wp","href":"https:\/\/api.w.org\/{rel}","templated":true}]}}