{"id":10698,"date":"2021-11-11T16:20:21","date_gmt":"2021-11-11T19:20:21","guid":{"rendered":"https:\/\/radiorevelacionfm.cl\/?p=10698"},"modified":"2021-11-11T16:20:21","modified_gmt":"2021-11-11T19:20:21","slug":"mejor-ninez-integrantes-de-la-mesa-interinstitucional-por-la-infancia-de-coyhaique-conocen-operatividad-del-servicio","status":"publish","type":"post","link":"https:\/\/radiorevelacionfm.cl\/?p=10698","title":{"rendered":"Mejor Ni\u00f1ez: Integrantes de la mesa interinstitucional por la infancia de Coyhaique conocen operatividad del servicio"},"content":{"rendered":"<div class=\"flex_column av_one_full  flex_column_div av-zero-column-padding first  avia-builder-el-0  el_before_av_one_full  avia-builder-el-first  \" style='border-radius:0px; '><div  class='avia-image-container  av-styling-    avia-builder-el-1  avia-builder-el-no-sibling  avia-align-center '  itemprop=\"image\" itemscope=\"itemscope\" itemtype=\"https:\/\/schema.org\/ImageObject\"  ><div class='avia-image-container-inner'><div class='avia-image-overlay-wrap'><img decoding=\"async\" class='wp-image-10699 avia-img-lazy-loading-not-10699 avia_image' src=\"https:\/\/radiorevelacionfm.cl\/wp-content\/uploads\/2021\/11\/foto-01-mesa-1_optimized.jpg\" alt='' title='foto-01-mesa--(1)_optimized' height=\"600\" width=\"873\"  itemprop=\"thumbnailUrl\" srcset=\"https:\/\/radiorevelacionfm.cl\/wp-content\/uploads\/2021\/11\/foto-01-mesa-1_optimized.jpg 873w, https:\/\/radiorevelacionfm.cl\/wp-content\/uploads\/2021\/11\/foto-01-mesa-1_optimized-300x206.jpg 300w, https:\/\/radiorevelacionfm.cl\/wp-content\/uploads\/2021\/11\/foto-01-mesa-1_optimized-768x528.jpg 768w, https:\/\/radiorevelacionfm.cl\/wp-content\/uploads\/2021\/11\/foto-01-mesa-1_optimized-705x485.jpg 705w, https:\/\/radiorevelacionfm.cl\/wp-content\/uploads\/2021\/11\/foto-01-mesa-1_optimized-600x412.jpg 600w\" sizes=\"(max-width: 873px) 100vw, 873px\" \/><\/div><\/div><\/div><\/div><div class=\"flex_column av_one_full  flex_column_div av-zero-column-padding first  avia-builder-el-2  el_after_av_one_full  el_before_av_one_full  column-top-margin\" style='border-radius:0px; '><section class=\"av_textblock_section \"  itemscope=\"itemscope\" itemtype=\"https:\/\/schema.org\/BlogPosting\" itemprop=\"blogPost\" ><div class='avia_textblock  '   itemprop=\"text\" ><p style=\"text-align: center;\"><strong><span style=\"font-size: 18pt;\">Mejor Ni\u00f1ez: Integrantes de la mesa interinstitucional por la infancia de Coyhaique conocen operatividad del servicio<\/span><\/strong><\/p>\n<div id=\"gtx-trans\" style=\"position: absolute; left: -50px; top: 4.31534px;\">\n<div class=\"gtx-trans-icon\"><\/div>\n<\/div>\n<\/div><\/section><\/div><div class=\"flex_column av_one_full  flex_column_div av-zero-column-padding first  avia-builder-el-4  el_after_av_one_full  el_before_av_hr  column-top-margin\" style='border-radius:0px; '><section class=\"av_textblock_section \"  itemscope=\"itemscope\" itemtype=\"https:\/\/schema.org\/BlogPosting\" itemprop=\"blogPost\" ><div class='avia_textblock  '   itemprop=\"text\" ><p class=\"v1MsoNormal\" style=\"text-align: justify;\">A poco m\u00e1s de un mes de la entrada en vigencia de la Ley 21.302, que instaur\u00f3 al nuevo Servicio Nacional de Protecci\u00f3n Especializada de la Ni\u00f1ez y Adolescencia, la mesa interinstitucional por la Infancia de Coyhaique en su -quinta sesi\u00f3n del a\u00f1o- conoci\u00f3 su proceso de instalaci\u00f3n y trabajo mancomunado con otras entidades como la Defensor\u00eda de la Ni\u00f1ez.<\/p>\n<p class=\"v1MsoNormal\" style=\"text-align: justify;\">La actividad, realizada el pasado martes 9 de noviembre, fue encabezada por la presidenta de la Corte de Apelaciones, ministra Natalia Rencoret; la directora regional de Sename Carmen Bahamonde, la directora regional de Mejor Ni\u00f1ez, Gabriela Opazo y Fabiola Burgos coordinadora de la macrozona sur de la Defensor\u00eda de la Ni\u00f1ez, adem\u00e1s de jueces, secretarios y funcionarios del \u00e1mbito de familia de la jurisdicci\u00f3n, como tambi\u00e9n representantes del programa Mi Abogado y profesionales del \u00e1rea de la salud.<\/p>\n<p class=\"v1MsoNormal\" style=\"text-align: justify;\">\u00abNos encontramos a poco m\u00e1s de un mes del comienzo de funcionamiento del nuevo servicio nacional de protecci\u00f3n especializada a la ni\u00f1ez y adolescencia \u00abMejor Ni\u00f1ez\u00bb, cuya misi\u00f3n es garantizar en todo el pa\u00eds la protecci\u00f3n de los ni\u00f1os, ni\u00f1as y adolescentes que han sido amenazados o gravemente vulnerados en sus derechos\u00bb, sostuvo la ministra Rencoret Oliva.<\/p>\n<p class=\"v1MsoNormal\" style=\"text-align: justify;\">A\u00f1adi\u00f3 que: \u00abComo Corte de Apelaciones y mesa interinstitucional hemos considerado relevante conocer la forma en que se ha desarrollado este proceso en la jurisdicci\u00f3n, teniendo claro que esta mesa t\u00e9cnica, es precisamente la instancia de coordinaci\u00f3n adecuada para discutir y conocer todos aquellos aspectos que puedan fortalecerse o incluso buenas pr\u00e1cticas que puedan mantenerse o replicarse. Agradezco a Gabriela Opazo Directora Regional subrogante de Mejor Ni\u00f1ez\u00a0 su presencia y exposici\u00f3n\u00bb.<\/p>\n<p class=\"v1MsoNormal\" style=\"text-align: justify;\">\u00abTodo cambio trae consigo un proceso de adaptaci\u00f3n y de ajustes donde se necesita de la disposici\u00f3n de todos para sacarlo adelante\u00bb, indic\u00f3.<\/p>\n<p class=\"v1MsoNormal\" style=\"text-align: justify;\">En la instancia de car\u00e1cter virtual, Fabiola Burgos coordinadora de la macrozona sur de la Defensor\u00eda de la Ni\u00f1ez, realiz\u00f3 una presentaci\u00f3n respecto a su visi\u00f3n y al trabajo de coordinaci\u00f3n con el nuevo servicio \u00abMejor Ni\u00f1ez\u00bb. Exposici\u00f3n y visi\u00f3n a la que se sumaron los consejeros t\u00e9cnicos y magistrados del \u00e1mbito de familia de la jurisdicci\u00f3n.<\/p>\n<p class=\"v1MsoNormal\" style=\"text-align: justify;\">Al cierre, la ministra Natalia Rencoret dijo que: \u00abComo sabemos, siempre hay nuevos desaf\u00edos y este proceso de cambio reci\u00e9n comienza, por lo que los insto a mantenernos comunicados y disponibles para la co-construcci\u00f3n de un cambio demasiado importante en el trabajo con ni\u00f1os, ni\u00f1as y adolescente que han sido vulnerados\u00bb.<\/p>\n<\/div><\/section><\/div><div  style='height:50px' class='hr hr-invisible   avia-builder-el-6  el_after_av_one_full  el_before_av_social_share '><span class='hr-inner ' ><span class='hr-inner-style'><\/span><\/span><\/div><\/p>\n<div  class='av-social-sharing-box  avia-builder-el-7  el_after_av_hr  el_before_av_hr  '><div class='av-share-box'><h5 class='av-share-link-description av-no-toc '>Compartir esta noticia<\/h5><ul class='av-share-box-list noLightbox'><li class='av-share-link av-social-link-facebook' ><a target=\"_blank\" aria-label=\"Compartir en Facebook\" href='https:\/\/www.facebook.com\/sharer.php?u=https:\/\/radiorevelacionfm.cl\/?p=10698&#038;t=Mejor%20Ni%C3%B1ez%3A%20Integrantes%20de%20la%20mesa%20interinstitucional%20por%20la%20infancia%20de%20Coyhaique%20conocen%20operatividad%20del%20servicio' aria-hidden='false' data-av_icon='\ue8f3' data-av_iconfont='entypo-fontello' title='' data-avia-related-tooltip='Compartir en Facebook' rel=\"noopener\"><span class='avia_hidden_link_text'>Compartir en Facebook<\/span><\/a><\/li><li class='av-share-link av-social-link-twitter' ><a target=\"_blank\" aria-label=\"Compartir en Twitter\" href='https:\/\/twitter.com\/share?text=Mejor%20Ni%C3%B1ez%3A%20Integrantes%20de%20la%20mesa%20interinstitucional%20por%20la%20infancia%20de%20Coyhaique%20conocen%20operatividad%20del%20servicio&#038;url=https:\/\/radiorevelacionfm.cl\/?p=10698' aria-hidden='false' data-av_icon='\ue8f1' data-av_iconfont='entypo-fontello' title='' data-avia-related-tooltip='Compartir en Twitter' rel=\"noopener\"><span class='avia_hidden_link_text'>Compartir en Twitter<\/span><\/a><\/li><li class='av-share-link av-social-link-whatsapp' ><a target=\"_blank\" aria-label=\"Compartir en Whatsapp\" href='https:\/\/api.whatsapp.com\/send?text=https:\/\/radiorevelacionfm.cl\/?p=10698' aria-hidden='false' data-av_icon='\uf232' data-av_iconfont='entypo-fontello' title='' data-avia-related-tooltip='Compartir en Whatsapp' rel=\"noopener\"><span class='avia_hidden_link_text'>Compartir en Whatsapp<\/span><\/a><\/li><li class='av-share-link av-social-link-linkedin' ><a target=\"_blank\" aria-label=\"Compartir en LinkedIn\" href='https:\/\/linkedin.com\/shareArticle?mini=true&#038;title=Mejor%20Ni%C3%B1ez%3A%20Integrantes%20de%20la%20mesa%20interinstitucional%20por%20la%20infancia%20de%20Coyhaique%20conocen%20operatividad%20del%20servicio&#038;url=https:\/\/radiorevelacionfm.cl\/?p=10698' aria-hidden='false' data-av_icon='\ue8fc' data-av_iconfont='entypo-fontello' title='' data-avia-related-tooltip='Compartir en LinkedIn' rel=\"noopener\"><span class='avia_hidden_link_text'>Compartir en LinkedIn<\/span><\/a><\/li><li class='av-share-link av-social-link-mail' ><a  aria-label=\"Compartir por correo\" href='mailto:?subject=Mejor%20Ni%C3%B1ez%3A%20Integrantes%20de%20la%20mesa%20interinstitucional%20por%20la%20infancia%20de%20Coyhaique%20conocen%20operatividad%20del%20servicio&#038;body=https:\/\/radiorevelacionfm.cl\/?p=10698' aria-hidden='false' data-av_icon='\ue805' data-av_iconfont='entypo-fontello' title='' data-avia-related-tooltip='Compartir por correo'><span class='avia_hidden_link_text'>Compartir por correo<\/span><\/a><\/li><\/ul><\/div><\/div>\n<div  style='height:50px' class='hr hr-invisible   avia-builder-el-8  el_after_av_social_share  el_before_av_comments_list '><span class='hr-inner ' ><span class='hr-inner-style'><\/span><\/span><\/div>\n<div  class='av-buildercomment  av-blog-meta-html-info-disabled av-blog-meta-tag-disabled  '><\/div>\n","protected":false},"excerpt":{"rendered":"","protected":false},"author":1,"featured_media":10699,"comment_status":"open","ping_status":"open","sticky":false,"template":"","format":"standard","meta":{"footnotes":""},"categories":[38],"tags":[],"class_list":["post-10698","post","type-post","status-publish","format-standard","has-post-thumbnail","hentry","category-regional"],"jetpack_featured_media_url":"https:\/\/radiorevelacionfm.cl\/wp-content\/uploads\/2021\/11\/foto-01-mesa-1_optimized.jpg","_links":{"self":[{"href":"https:\/\/radiorevelacionfm.cl\/index.php?rest_route=\/wp\/v2\/posts\/10698","targetHints":{"allow":["GET"]}}],"collection":[{"href":"https:\/\/radiorevelacionfm.cl\/index.php?rest_route=\/wp\/v2\/posts"}],"about":[{"href":"https:\/\/radiorevelacionfm.cl\/index.php?rest_route=\/wp\/v2\/types\/post"}],"author":[{"embeddable":true,"href":"https:\/\/radiorevelacionfm.cl\/index.php?rest_route=\/wp\/v2\/users\/1"}],"replies":[{"embeddable":true,"href":"https:\/\/radiorevelacionfm.cl\/index.php?rest_route=%2Fwp%2Fv2%2Fcomments&post=10698"}],"version-history":[{"count":2,"href":"https:\/\/radiorevelacionfm.cl\/index.php?rest_route=\/wp\/v2\/posts\/10698\/revisions"}],"predecessor-version":[{"id":10708,"href":"https:\/\/radiorevelacionfm.cl\/index.php?rest_route=\/wp\/v2\/posts\/10698\/revisions\/10708"}],"wp:featuredmedia":[{"embeddable":true,"href":"https:\/\/radiorevelacionfm.cl\/index.php?rest_route=\/wp\/v2\/media\/10699"}],"wp:attachment":[{"href":"https:\/\/radiorevelacionfm.cl\/index.php?rest_route=%2Fwp%2Fv2%2Fmedia&parent=10698"}],"wp:term":[{"taxonomy":"category","embeddable":true,"href":"https:\/\/radiorevelacionfm.cl\/index.php?rest_route=%2Fwp%2Fv2%2Fcategories&post=10698"},{"taxonomy":"post_tag","embeddable":true,"href":"https:\/\/radiorevelacionfm.cl\/index.php?rest_route=%2Fwp%2Fv2%2Ftags&post=10698"}],"curies":[{"name":"wp","href":"https:\/\/api.w.org\/{rel}","templated":true}]}}