{"id":10694,"date":"2021-11-11T15:59:59","date_gmt":"2021-11-11T18:59:59","guid":{"rendered":"https:\/\/radiorevelacionfm.cl\/?p=10694"},"modified":"2021-11-11T15:59:59","modified_gmt":"2021-11-11T18:59:59","slug":"coyhaique-y-aysen-retroceden-a-paso-2-este-fin-de-semana","status":"publish","type":"post","link":"https:\/\/radiorevelacionfm.cl\/?p=10694","title":{"rendered":"Coyhaique y Ays\u00e9n retroceden a Paso 2 este fin de semana"},"content":{"rendered":"<div class=\"flex_column av_one_full  flex_column_div av-zero-column-padding first  avia-builder-el-0  el_before_av_one_full  avia-builder-el-first  \" style='border-radius:0px; '><div  class='avia-image-container  av-styling-    avia-builder-el-1  avia-builder-el-no-sibling  avia-align-center '  itemprop=\"image\" itemscope=\"itemscope\" itemtype=\"https:\/\/schema.org\/ImageObject\"  ><div class='avia-image-container-inner'><div class='avia-image-overlay-wrap'><img decoding=\"async\" class='wp-image-10695 avia-img-lazy-loading-not-10695 avia_image' src=\"https:\/\/radiorevelacionfm.cl\/wp-content\/uploads\/2021\/11\/mascarillas-1_optimized.jpg\" alt='' title='mascarillas-(1)_optimized' height=\"600\" width=\"1007\"  itemprop=\"thumbnailUrl\" srcset=\"https:\/\/radiorevelacionfm.cl\/wp-content\/uploads\/2021\/11\/mascarillas-1_optimized.jpg 1007w, https:\/\/radiorevelacionfm.cl\/wp-content\/uploads\/2021\/11\/mascarillas-1_optimized-300x179.jpg 300w, https:\/\/radiorevelacionfm.cl\/wp-content\/uploads\/2021\/11\/mascarillas-1_optimized-768x458.jpg 768w, https:\/\/radiorevelacionfm.cl\/wp-content\/uploads\/2021\/11\/mascarillas-1_optimized-705x420.jpg 705w, https:\/\/radiorevelacionfm.cl\/wp-content\/uploads\/2021\/11\/mascarillas-1_optimized-600x357.jpg 600w\" sizes=\"(max-width: 1007px) 100vw, 1007px\" \/><\/div><\/div><\/div><\/div><div class=\"flex_column av_one_full  flex_column_div av-zero-column-padding first  avia-builder-el-2  el_after_av_one_full  el_before_av_one_full  column-top-margin\" style='border-radius:0px; '><section class=\"av_textblock_section \"  itemscope=\"itemscope\" itemtype=\"https:\/\/schema.org\/BlogPosting\" itemprop=\"blogPost\" ><div class='avia_textblock  '   itemprop=\"text\" ><p style=\"text-align: center;\"><span style=\"font-size: 18pt;\"><strong>Coyhaique y Ays\u00e9n retroceden a Paso 2 este fin de semana<\/strong><\/span><\/p>\n<div id=\"gtx-trans\" style=\"position: absolute; left: -50px; top: 4.31534px;\">\n<div class=\"gtx-trans-icon\"><\/div>\n<\/div>\n<\/div><\/section><\/div><div class=\"flex_column av_one_full  flex_column_div av-zero-column-padding first  avia-builder-el-4  el_after_av_one_full  el_before_av_hr  column-top-margin\" style='border-radius:0px; '><section class=\"av_textblock_section \"  itemscope=\"itemscope\" itemtype=\"https:\/\/schema.org\/BlogPosting\" itemprop=\"blogPost\" ><div class='avia_textblock  '   itemprop=\"text\" ><p style=\"text-align: justify;\">A contar de las 05 AM de este s\u00e1bado 13 de noviembre, las comunas de Coyhaique y Ays\u00e9n retroceder\u00e1n a Paso 2 (TRANSICI\u00d3N), lo que implicar\u00e1 principalmente restricciones en los aforos de actividades en espacios cerrados, donde el Pase de Movilidad adquiere un protagonismo esencial para las personas que acudan o participen en actividades del \u00e1mbito gastron\u00f3mico, deportivo, cultural, etc.<\/p>\n<p style=\"text-align: justify;\"><strong><u>Conoce cu\u00e1les son las medidas en Paso 2<\/u><\/strong><\/p>\n<p><strong>Clases y actividades presenciales en salas cuna, jardines infantiles y establecimientos de educaci\u00f3n escolar<\/strong><\/p>\n<p style=\"text-align: justify;\">Asistencia: voluntaria.<\/p>\n<p style=\"text-align: justify;\">Apertura: permitidas.<\/p>\n<p><strong>Clases y actividades presenciales en instituciones de educaci\u00f3n superior<\/strong><\/p>\n<p style=\"text-align: justify;\">Permitidas.<\/p>\n<p><strong>Reuniones en residencias particulares<\/strong><\/p>\n<p style=\"text-align: justify;\">M\u00e1ximo 5 personas y un m\u00e1ximo de 10 si todas tienen Pase de Movilidad.<\/p>\n<p><strong>Atenci\u00f3n presencial a p\u00fablico<\/strong><\/p>\n<p style=\"text-align: justify;\">Ejemplos: comercio, museo, parques de diversiones, ferias laborales.<\/p>\n<p style=\"text-align: justify;\">Lugar cerrado o abierto: aforo total que cumpla 1 persona cada 10 m2. M\u00ednimo 3 clientes.<\/p>\n<p><strong>Atenci\u00f3n presencial en restaurantes, caf\u00e9s y fuentes de soda<\/strong><\/p>\n<p style=\"text-align: justify;\">En espacios cerrados, s\u00f3lo asistentes con Pase de Movilidad y un m\u00e1ximo de 2 personas por mesa.<\/p>\n<p style=\"text-align: justify;\">Siempre debe haber 2 m. entre los bordes de las mesas.<\/p>\n<p><strong>Actividades en gimnasios y similares<\/strong><\/p>\n<p style=\"text-align: justify;\">Siempre debe haber 2 m. entre m\u00e1quinas.<\/p>\n<p style=\"text-align: justify;\">En espacios cerrados, s\u00f3lo asistentes con Pase de Movilidad.<\/p>\n<p><strong>Actividad f\u00edsica y deporte<\/strong><\/p>\n<p style=\"text-align: justify;\">Lugar abierto: m\u00e1ximo de 10 personas.<\/p>\n<p style=\"text-align: justify;\">Lugar cerrado: m\u00e1ximo de 5 personas y s\u00f3lo si todas tienen Pase de Movilidad.<\/p>\n<p><strong>Actividades sin interacci\u00f3n entre asistentes<\/strong><\/p>\n<p style=\"text-align: justify;\">Deben tener ubicaci\u00f3n fija durante toda la actividad, 1 m. entre participantes, uso permanente de mascarilla y sin consumo de alimentos. Ejemplos: seminarios, ritos religiosos, p\u00fablico en recintos deportivos, cines, teatros, circos, etc.<\/p>\n<p style=\"text-align: justify;\">Si el recinto tiene infraestructura previa con butacas o bancas fijas:<\/p>\n<p style=\"text-align: justify;\">Lugar abierto: 30% del aforo total definido. M\u00e1ximo 100 personas, con Pase de Movilidad.<\/p>\n<p style=\"text-align: justify;\">Lugar cerrado: 20% del aforo total definido. M\u00e1ximo 50 personas, con Pase de Movilidad.<\/p>\n<p style=\"text-align: justify;\">Prohibido el consumo de alimentos.<\/p>\n<p style=\"text-align: justify;\">Si hay un asistente sin Pase de Movilidad, el aforo m\u00e1ximo se reduce a la mitad (por ej., 15% del aforo y un m\u00e1ximo de 50 personas en espacios abiertos).<\/p>\n<p style=\"text-align: justify;\">Si el recinto no tiene infraestructura previa con butacas o bancas fijas:<\/p>\n<p style=\"text-align: justify;\">Ubicaci\u00f3n de asistentes permanente y a 1,5 m. de distancia entre ellos, y aforo de 1 persona cada 8 m2.<\/p>\n<p style=\"text-align: justify;\">Lugar abierto: 50 o 100 personas si todas tienen Pase de Movilidad.<\/p>\n<p style=\"text-align: justify;\">Lugar cerrado: 25 o 50 personas si todas tienen Pase de Movilidad.<\/p>\n<p style=\"text-align: justify;\">Prohibido el consumo de alimentos.<\/p>\n<p><strong>Actividades con interacci\u00f3n entre asistentes<\/strong><\/p>\n<p style=\"text-align: justify;\">No mantienen ubicaci\u00f3n fija durante la actividad, no mantienen 1 m. de distancia entre asistentes, no usan mascarilla de forma permanente o se consumen alimentos.<\/p>\n<p style=\"text-align: justify;\">Ejemplos: actividades y eventos sociales como fiestas.<\/p>\n<p style=\"text-align: justify;\">Se debe cumplir aforo de 1 persona cada 10 m2, s\u00f3lo en espacios abiertos, y con m\u00e1ximo de 20 personas, solo con Pase de Movilidad.<\/p>\n<p style=\"text-align: justify;\">Prohibidas en residencias particulares.<\/p>\n<p><strong>Actividades presenciales en Clubes de Adulto Mayor y Centros D\u00eda<\/strong><\/p>\n<p style=\"text-align: justify;\">Centros D\u00eda:<\/p>\n<p style=\"text-align: justify;\">Solo para actividades individuales con agendamiento previo.<\/p>\n<p style=\"text-align: justify;\">Asistentes s\u00f3lo con Pase de Movilidad.<\/p>\n<p style=\"text-align: justify;\">Clubes de Adulto Mayor:<\/p>\n<p style=\"text-align: justify;\">M\u00e1ximo 5 personas y 10 si todas tienen Pase de Movilidad.<\/p>\n<\/div><\/section><\/div><div  style='height:50px' class='hr hr-invisible   avia-builder-el-6  el_after_av_one_full  el_before_av_social_share '><span class='hr-inner ' ><span class='hr-inner-style'><\/span><\/span><\/div><\/p>\n<div  class='av-social-sharing-box  avia-builder-el-7  el_after_av_hr  el_before_av_hr  '><div class='av-share-box'><h5 class='av-share-link-description av-no-toc '>Compartir esta noticia<\/h5><ul class='av-share-box-list noLightbox'><li class='av-share-link av-social-link-facebook' ><a target=\"_blank\" aria-label=\"Compartir en Facebook\" href='https:\/\/www.facebook.com\/sharer.php?u=https:\/\/radiorevelacionfm.cl\/?p=10694&#038;t=Coyhaique%20y%20Ays%C3%A9n%20retroceden%20a%20Paso%202%20este%20fin%20de%20semana' aria-hidden='false' data-av_icon='\ue8f3' data-av_iconfont='entypo-fontello' title='' data-avia-related-tooltip='Compartir en Facebook' rel=\"noopener\"><span class='avia_hidden_link_text'>Compartir en Facebook<\/span><\/a><\/li><li class='av-share-link av-social-link-twitter' ><a target=\"_blank\" aria-label=\"Compartir en Twitter\" href='https:\/\/twitter.com\/share?text=Coyhaique%20y%20Ays%C3%A9n%20retroceden%20a%20Paso%202%20este%20fin%20de%20semana&#038;url=https:\/\/radiorevelacionfm.cl\/?p=10694' aria-hidden='false' data-av_icon='\ue8f1' data-av_iconfont='entypo-fontello' title='' data-avia-related-tooltip='Compartir en Twitter' rel=\"noopener\"><span class='avia_hidden_link_text'>Compartir en Twitter<\/span><\/a><\/li><li class='av-share-link av-social-link-whatsapp' ><a target=\"_blank\" aria-label=\"Compartir en Whatsapp\" href='https:\/\/api.whatsapp.com\/send?text=https:\/\/radiorevelacionfm.cl\/?p=10694' aria-hidden='false' data-av_icon='\uf232' data-av_iconfont='entypo-fontello' title='' data-avia-related-tooltip='Compartir en Whatsapp' rel=\"noopener\"><span class='avia_hidden_link_text'>Compartir en Whatsapp<\/span><\/a><\/li><li class='av-share-link av-social-link-linkedin' ><a target=\"_blank\" aria-label=\"Compartir en LinkedIn\" href='https:\/\/linkedin.com\/shareArticle?mini=true&#038;title=Coyhaique%20y%20Ays%C3%A9n%20retroceden%20a%20Paso%202%20este%20fin%20de%20semana&#038;url=https:\/\/radiorevelacionfm.cl\/?p=10694' aria-hidden='false' data-av_icon='\ue8fc' data-av_iconfont='entypo-fontello' title='' data-avia-related-tooltip='Compartir en LinkedIn' rel=\"noopener\"><span class='avia_hidden_link_text'>Compartir en LinkedIn<\/span><\/a><\/li><li class='av-share-link av-social-link-mail' ><a  aria-label=\"Compartir por correo\" href='mailto:?subject=Coyhaique%20y%20Ays%C3%A9n%20retroceden%20a%20Paso%202%20este%20fin%20de%20semana&#038;body=https:\/\/radiorevelacionfm.cl\/?p=10694' aria-hidden='false' data-av_icon='\ue805' data-av_iconfont='entypo-fontello' title='' data-avia-related-tooltip='Compartir por correo'><span class='avia_hidden_link_text'>Compartir por correo<\/span><\/a><\/li><\/ul><\/div><\/div>\n<div  style='height:50px' class='hr hr-invisible   avia-builder-el-8  el_after_av_social_share  el_before_av_comments_list '><span class='hr-inner ' ><span class='hr-inner-style'><\/span><\/span><\/div>\n<div  class='av-buildercomment  av-blog-meta-html-info-disabled av-blog-meta-tag-disabled  '><\/div>\n","protected":false},"excerpt":{"rendered":"","protected":false},"author":1,"featured_media":10695,"comment_status":"open","ping_status":"open","sticky":false,"template":"","format":"standard","meta":{"footnotes":""},"categories":[46],"tags":[],"class_list":["post-10694","post","type-post","status-publish","format-standard","has-post-thumbnail","hentry","category-salud"],"jetpack_featured_media_url":"https:\/\/radiorevelacionfm.cl\/wp-content\/uploads\/2021\/11\/mascarillas-1_optimized.jpg","_links":{"self":[{"href":"https:\/\/radiorevelacionfm.cl\/index.php?rest_route=\/wp\/v2\/posts\/10694","targetHints":{"allow":["GET"]}}],"collection":[{"href":"https:\/\/radiorevelacionfm.cl\/index.php?rest_route=\/wp\/v2\/posts"}],"about":[{"href":"https:\/\/radiorevelacionfm.cl\/index.php?rest_route=\/wp\/v2\/types\/post"}],"author":[{"embeddable":true,"href":"https:\/\/radiorevelacionfm.cl\/index.php?rest_route=\/wp\/v2\/users\/1"}],"replies":[{"embeddable":true,"href":"https:\/\/radiorevelacionfm.cl\/index.php?rest_route=%2Fwp%2Fv2%2Fcomments&post=10694"}],"version-history":[{"count":2,"href":"https:\/\/radiorevelacionfm.cl\/index.php?rest_route=\/wp\/v2\/posts\/10694\/revisions"}],"predecessor-version":[{"id":10697,"href":"https:\/\/radiorevelacionfm.cl\/index.php?rest_route=\/wp\/v2\/posts\/10694\/revisions\/10697"}],"wp:featuredmedia":[{"embeddable":true,"href":"https:\/\/radiorevelacionfm.cl\/index.php?rest_route=\/wp\/v2\/media\/10695"}],"wp:attachment":[{"href":"https:\/\/radiorevelacionfm.cl\/index.php?rest_route=%2Fwp%2Fv2%2Fmedia&parent=10694"}],"wp:term":[{"taxonomy":"category","embeddable":true,"href":"https:\/\/radiorevelacionfm.cl\/index.php?rest_route=%2Fwp%2Fv2%2Fcategories&post=10694"},{"taxonomy":"post_tag","embeddable":true,"href":"https:\/\/radiorevelacionfm.cl\/index.php?rest_route=%2Fwp%2Fv2%2Ftags&post=10694"}],"curies":[{"name":"wp","href":"https:\/\/api.w.org\/{rel}","templated":true}]}}