{"id":10690,"date":"2021-11-11T15:30:35","date_gmt":"2021-11-11T18:30:35","guid":{"rendered":"https:\/\/radiorevelacionfm.cl\/?p=10690"},"modified":"2021-11-11T15:30:35","modified_gmt":"2021-11-11T18:30:35","slug":"a-partir-de-marzo-de-2022-la-asistencia-a-clases-presenciales-sera-obligatoria","status":"publish","type":"post","link":"https:\/\/radiorevelacionfm.cl\/?p=10690","title":{"rendered":"A partir de marzo de 2022 la asistencia a clases presenciales ser\u00e1 obligatoria"},"content":{"rendered":"<div class=\"flex_column av_one_full  flex_column_div av-zero-column-padding first  avia-builder-el-0  el_before_av_one_full  avia-builder-el-first  \" style='border-radius:0px; '><div  class='avia-image-container  av-styling-    avia-builder-el-1  avia-builder-el-no-sibling  avia-align-center '  itemprop=\"image\" itemscope=\"itemscope\" itemtype=\"https:\/\/schema.org\/ImageObject\"  ><div class='avia-image-container-inner'><div class='avia-image-overlay-wrap'><img decoding=\"async\" class='wp-image-10691 avia-img-lazy-loading-not-10691 avia_image' src=\"https:\/\/radiorevelacionfm.cl\/wp-content\/uploads\/2021\/11\/presencialidad-10.08-1-1.jpg\" alt='' title='presencialidad 10.08 (1) (1)' height=\"600\" width=\"800\"  itemprop=\"thumbnailUrl\" srcset=\"https:\/\/radiorevelacionfm.cl\/wp-content\/uploads\/2021\/11\/presencialidad-10.08-1-1.jpg 800w, https:\/\/radiorevelacionfm.cl\/wp-content\/uploads\/2021\/11\/presencialidad-10.08-1-1-300x225.jpg 300w, https:\/\/radiorevelacionfm.cl\/wp-content\/uploads\/2021\/11\/presencialidad-10.08-1-1-768x576.jpg 768w, https:\/\/radiorevelacionfm.cl\/wp-content\/uploads\/2021\/11\/presencialidad-10.08-1-1-705x529.jpg 705w, https:\/\/radiorevelacionfm.cl\/wp-content\/uploads\/2021\/11\/presencialidad-10.08-1-1-600x450.jpg 600w\" sizes=\"(max-width: 800px) 100vw, 800px\" \/><\/div><\/div><\/div><\/div><div class=\"flex_column av_one_full  flex_column_div av-zero-column-padding first  avia-builder-el-2  el_after_av_one_full  el_before_av_one_full  column-top-margin\" style='border-radius:0px; '><section class=\"av_textblock_section \"  itemscope=\"itemscope\" itemtype=\"https:\/\/schema.org\/BlogPosting\" itemprop=\"blogPost\" ><div class='avia_textblock  '   itemprop=\"text\" ><p style=\"text-align: center;\"><span style=\"font-size: 18pt;\"><b><span lang=\"ES\">A partir de marzo de 2022 la asistencia a clases presenciales ser\u00e1 obligatoria<\/span><\/b><\/span><\/p>\n<div id=\"gtx-trans\" style=\"position: absolute; left: -50px; top: 4.31534px;\">\n<div class=\"gtx-trans-icon\"><\/div>\n<\/div>\n<\/div><\/section><\/div><div class=\"flex_column av_one_full  flex_column_div av-zero-column-padding first  avia-builder-el-4  el_after_av_one_full  el_before_av_hr  column-top-margin\" style='border-radius:0px; '><section class=\"av_textblock_section \"  itemscope=\"itemscope\" itemtype=\"https:\/\/schema.org\/BlogPosting\" itemprop=\"blogPost\" ><div class='avia_textblock  '   itemprop=\"text\" ><p class=\"v1MsoNormal\" style=\"text-align: justify;\"><span lang=\"ES\">Estamos en los \u00faltimos meses del a\u00f1o escolar, \u00e9poca en que cada uno de los establecimientos educacionales comienzan a planificar c\u00f3mo ser\u00e1 el pr\u00f3ximo per\u00edodo escolar, tanto en el \u00e1mbito acad\u00e9mico como administrativo.<\/span><\/p>\n<p class=\"v1MsoNormal\" style=\"text-align: justify;\"><span lang=\"ES\">Por lo mismo, el Ministerio de Educaci\u00f3n env\u00edo un oficio a todos los recintos educacionales con Reconocimiento oficial del Estado para dar a conocer los lineamientos de funcionamiento para el a\u00f1o 2022.<\/span><\/p>\n<p class=\"v1MsoNormal\" style=\"text-align: justify;\"><span lang=\"ES\">Actualmente, el 98% de los establecimientos escolares del pa\u00eds est\u00e1n con clases presenciales, lo que es una muestra de la confianza que han tenido las comunidades escolares que han permitido tener un reencuentro seguro y gradual en las salas de clases, y han logrado convertirse en espacios seguros para la formaci\u00f3n de los alumnos. Debido a lo fundamental que son las clases presenciales en el desarrollo acad\u00e9mico y socioemocional, el escrito detalla que, a contar del mi\u00e9rcoles 2 de marzo, fecha de inicio del a\u00f1o escolar 2022, se retoma la asistencia presencial obligatoria de los estudiantes en escuelas y liceos del pa\u00eds en todos sus niveles.\u00a0\u00a0<\/span><\/p>\n<p class=\"v1MsoNormal\" style=\"text-align: justify;\"><span lang=\"ES\">\u201cLa evidencia nacional e internacional muestra que la pandemia gener\u00f3 un verdadero terremoto educativo, donde los alumnos perdieron su desarrollo acad\u00e9mico y el contacto con sus compa\u00f1eros, afectando gravemente su sociabilidad, por lo que hemos sido insistentes en la importancia de ir a clases presenciales, y la obligatoriedad a contar de marzo del pr\u00f3ximo a\u00f1o busca que cada alumno pueda retomar sus estudios de forma regular y tener una formaci\u00f3n integral\u201d, se\u00f1al\u00f3 el ministro de Educaci\u00f3n, Ra\u00fal Figueroa.<\/span><\/p>\n<p class=\"v1MsoNormal\" style=\"text-align: justify;\"><span lang=\"ES\">El documento, adem\u00e1s se\u00f1ala que se retoman funcionamientos regulares de los recintos, como el Programa de Alimentaci\u00f3n Escolar que a partir de marzo de 2022 volver\u00e1 a tener un sistema regular de forma presencial, el que ser\u00e1 coordinado por la JUNAEB.<\/span><\/p>\n<p class=\"v1MsoNormal\" style=\"text-align: justify;\"><span lang=\"ES\">En aquellos establecimientos que tienen Jornada Escolar Completa (JEC), deben retomar ese r\u00e9gimen a partir de marzo, con el objetivo de mitigar el impacto que ha generado a pandemia.<\/span><\/p>\n<p class=\"v1MsoNormal\" style=\"text-align: justify;\"><span lang=\"ES\">De igual modo se sugiere flexibilizar la JEC de acuerdo a criterios como:<\/span><\/p>\n<p class=\"v1MsoNormal\" style=\"text-align: justify;\"><span lang=\"ES\">-Utilizar parte del tiempo de libre disposici\u00f3n para organizar la atenci\u00f3n de alumnos que tengan un nivel insatisfactorio de desempe\u00f1o mediante talleres de nivelaci\u00f3n.<\/span><\/p>\n<p class=\"v1MsoNormal\" style=\"text-align: justify;\"><span lang=\"ES\">-Asignar tiempo adicional a aquellas asignaturas en las que los estudiantes no tienen un \u00f3ptimo rendimiento.<\/span><\/p>\n<p class=\"v1MsoNormal\" style=\"text-align: justify;\"><span lang=\"ES\">-Brindar diversas oportunidades como talleres para que los alumnos expresen y desarrollen su potencial en todas las \u00e1reas de su formaci\u00f3n, como espiritual, \u00e9tico, afectivo, social, intelectual, art\u00edstico y f\u00edsico.<\/span><\/p>\n<p class=\"v1MsoNormal\" style=\"text-align: justify;\"><span lang=\"ES\">Adem\u00e1s, el Plan de estudios para el a\u00f1o 2022 deber\u00e1 incluir todas las asignaturas del plan vigente, y las horas de cada asignatura se podr\u00e1n redistribuir considerando el contexto de aprendizaje de este a\u00f1o.<\/span><\/p>\n<p class=\"v1MsoNormal\" style=\"text-align: justify;\"><span lang=\"ES\">Los protocolos con medidas de protecci\u00f3n y prevenci\u00f3n sanitaria seguir\u00e1n vigentes para todos los establecimientos de acuerdo a lo que disponga la autoridad sanitaria<\/span><span lang=\"ES\">, y en caso que en alg\u00fan recinto se deban suspender las clases presenciales por la aplicaci\u00f3n de los protocolos, los colegios deber\u00e1n velar por la continuidad de los aprendizajes de forma remota, teniendo en cuenta que esto es algo excepcional.<\/span><\/p>\n<p class=\"v1MsoNormal\" style=\"text-align: justify;\"><span lang=\"ES\">Para facilitar la implementaci\u00f3n de todos estos lineamientos, durante el mes de marzo de 2022 los departamentos provinciales de educaci\u00f3n estar\u00e1n a disposici\u00f3n de los establecimientos escolares para conocer sus dudas y resolverlas de forma oportuna.<\/span><\/p>\n<\/div><\/section><\/div><div  style='height:50px' class='hr hr-invisible   avia-builder-el-6  el_after_av_one_full  el_before_av_social_share '><span class='hr-inner ' ><span class='hr-inner-style'><\/span><\/span><\/div><\/p>\n<div  class='av-social-sharing-box  avia-builder-el-7  el_after_av_hr  el_before_av_hr  '><div class='av-share-box'><h5 class='av-share-link-description av-no-toc '>Compartir esta noticia<\/h5><ul class='av-share-box-list noLightbox'><li class='av-share-link av-social-link-facebook' ><a target=\"_blank\" aria-label=\"Compartir en Facebook\" href='https:\/\/www.facebook.com\/sharer.php?u=https:\/\/radiorevelacionfm.cl\/?p=10690&#038;t=A%20partir%20de%20marzo%20de%202022%20la%20asistencia%20a%20clases%20presenciales%20ser%C3%A1%20obligatoria' aria-hidden='false' data-av_icon='\ue8f3' data-av_iconfont='entypo-fontello' title='' data-avia-related-tooltip='Compartir en Facebook' rel=\"noopener\"><span class='avia_hidden_link_text'>Compartir en Facebook<\/span><\/a><\/li><li class='av-share-link av-social-link-twitter' ><a target=\"_blank\" aria-label=\"Compartir en Twitter\" href='https:\/\/twitter.com\/share?text=A%20partir%20de%20marzo%20de%202022%20la%20asistencia%20a%20clases%20presenciales%20ser%C3%A1%20obligatoria&#038;url=https:\/\/radiorevelacionfm.cl\/?p=10690' aria-hidden='false' data-av_icon='\ue8f1' data-av_iconfont='entypo-fontello' title='' data-avia-related-tooltip='Compartir en Twitter' rel=\"noopener\"><span class='avia_hidden_link_text'>Compartir en Twitter<\/span><\/a><\/li><li class='av-share-link av-social-link-whatsapp' ><a target=\"_blank\" aria-label=\"Compartir en Whatsapp\" href='https:\/\/api.whatsapp.com\/send?text=https:\/\/radiorevelacionfm.cl\/?p=10690' aria-hidden='false' data-av_icon='\uf232' data-av_iconfont='entypo-fontello' title='' data-avia-related-tooltip='Compartir en Whatsapp' rel=\"noopener\"><span class='avia_hidden_link_text'>Compartir en Whatsapp<\/span><\/a><\/li><li class='av-share-link av-social-link-linkedin' ><a target=\"_blank\" aria-label=\"Compartir en LinkedIn\" href='https:\/\/linkedin.com\/shareArticle?mini=true&#038;title=A%20partir%20de%20marzo%20de%202022%20la%20asistencia%20a%20clases%20presenciales%20ser%C3%A1%20obligatoria&#038;url=https:\/\/radiorevelacionfm.cl\/?p=10690' aria-hidden='false' data-av_icon='\ue8fc' data-av_iconfont='entypo-fontello' title='' data-avia-related-tooltip='Compartir en LinkedIn' rel=\"noopener\"><span class='avia_hidden_link_text'>Compartir en LinkedIn<\/span><\/a><\/li><li class='av-share-link av-social-link-mail' ><a  aria-label=\"Compartir por correo\" href='mailto:?subject=A%20partir%20de%20marzo%20de%202022%20la%20asistencia%20a%20clases%20presenciales%20ser%C3%A1%20obligatoria&#038;body=https:\/\/radiorevelacionfm.cl\/?p=10690' aria-hidden='false' data-av_icon='\ue805' data-av_iconfont='entypo-fontello' title='' data-avia-related-tooltip='Compartir por correo'><span class='avia_hidden_link_text'>Compartir por correo<\/span><\/a><\/li><\/ul><\/div><\/div>\n<div  style='height:50px' class='hr hr-invisible   avia-builder-el-8  el_after_av_social_share  el_before_av_comments_list '><span class='hr-inner ' ><span class='hr-inner-style'><\/span><\/span><\/div>\n<div  class='av-buildercomment  av-blog-meta-html-info-disabled av-blog-meta-tag-disabled  '><\/div>\n","protected":false},"excerpt":{"rendered":"","protected":false},"author":1,"featured_media":10691,"comment_status":"open","ping_status":"open","sticky":false,"template":"","format":"standard","meta":{"footnotes":""},"categories":[49],"tags":[],"class_list":["post-10690","post","type-post","status-publish","format-standard","has-post-thumbnail","hentry","category-educacion"],"jetpack_featured_media_url":"https:\/\/radiorevelacionfm.cl\/wp-content\/uploads\/2021\/11\/presencialidad-10.08-1-1.jpg","_links":{"self":[{"href":"https:\/\/radiorevelacionfm.cl\/index.php?rest_route=\/wp\/v2\/posts\/10690","targetHints":{"allow":["GET"]}}],"collection":[{"href":"https:\/\/radiorevelacionfm.cl\/index.php?rest_route=\/wp\/v2\/posts"}],"about":[{"href":"https:\/\/radiorevelacionfm.cl\/index.php?rest_route=\/wp\/v2\/types\/post"}],"author":[{"embeddable":true,"href":"https:\/\/radiorevelacionfm.cl\/index.php?rest_route=\/wp\/v2\/users\/1"}],"replies":[{"embeddable":true,"href":"https:\/\/radiorevelacionfm.cl\/index.php?rest_route=%2Fwp%2Fv2%2Fcomments&post=10690"}],"version-history":[{"count":2,"href":"https:\/\/radiorevelacionfm.cl\/index.php?rest_route=\/wp\/v2\/posts\/10690\/revisions"}],"predecessor-version":[{"id":10693,"href":"https:\/\/radiorevelacionfm.cl\/index.php?rest_route=\/wp\/v2\/posts\/10690\/revisions\/10693"}],"wp:featuredmedia":[{"embeddable":true,"href":"https:\/\/radiorevelacionfm.cl\/index.php?rest_route=\/wp\/v2\/media\/10691"}],"wp:attachment":[{"href":"https:\/\/radiorevelacionfm.cl\/index.php?rest_route=%2Fwp%2Fv2%2Fmedia&parent=10690"}],"wp:term":[{"taxonomy":"category","embeddable":true,"href":"https:\/\/radiorevelacionfm.cl\/index.php?rest_route=%2Fwp%2Fv2%2Fcategories&post=10690"},{"taxonomy":"post_tag","embeddable":true,"href":"https:\/\/radiorevelacionfm.cl\/index.php?rest_route=%2Fwp%2Fv2%2Ftags&post=10690"}],"curies":[{"name":"wp","href":"https:\/\/api.w.org\/{rel}","templated":true}]}}