{"id":10686,"date":"2021-11-11T15:10:47","date_gmt":"2021-11-11T18:10:47","guid":{"rendered":"https:\/\/radiorevelacionfm.cl\/?p=10686"},"modified":"2021-11-11T15:10:47","modified_gmt":"2021-11-11T18:10:47","slug":"certifican-en-cocina-nacional-e-internacional-a-10-beneficiarios-del-proyecto-r-financiado-por-sence","status":"publish","type":"post","link":"https:\/\/radiorevelacionfm.cl\/?p=10686","title":{"rendered":"Certifican en Cocina Nacional e Internacional a 10 beneficiarios del Proyecto +R financiado por Sence"},"content":{"rendered":"<div class=\"flex_column av_one_full  flex_column_div av-zero-column-padding first  avia-builder-el-0  el_before_av_one_full  avia-builder-el-first  \" style='border-radius:0px; '><div  class='avia-image-container  av-styling-    avia-builder-el-1  avia-builder-el-no-sibling  avia-align-center '  itemprop=\"image\" itemscope=\"itemscope\" itemtype=\"https:\/\/schema.org\/ImageObject\"  ><div class='avia-image-container-inner'><div class='avia-image-overlay-wrap'><img decoding=\"async\" class='wp-image-10687 avia-img-lazy-loading-not-10687 avia_image' src=\"https:\/\/radiorevelacionfm.cl\/wp-content\/uploads\/2021\/11\/certificacion-1_optimized.jpg\" alt='' title='certificacion--(1)_optimized' height=\"600\" width=\"1389\"  itemprop=\"thumbnailUrl\" srcset=\"https:\/\/radiorevelacionfm.cl\/wp-content\/uploads\/2021\/11\/certificacion-1_optimized.jpg 1389w, https:\/\/radiorevelacionfm.cl\/wp-content\/uploads\/2021\/11\/certificacion-1_optimized-300x130.jpg 300w, https:\/\/radiorevelacionfm.cl\/wp-content\/uploads\/2021\/11\/certificacion-1_optimized-1030x445.jpg 1030w, https:\/\/radiorevelacionfm.cl\/wp-content\/uploads\/2021\/11\/certificacion-1_optimized-768x332.jpg 768w, https:\/\/radiorevelacionfm.cl\/wp-content\/uploads\/2021\/11\/certificacion-1_optimized-705x305.jpg 705w, https:\/\/radiorevelacionfm.cl\/wp-content\/uploads\/2021\/11\/certificacion-1_optimized-600x259.jpg 600w\" sizes=\"(max-width: 1389px) 100vw, 1389px\" \/><\/div><\/div><\/div><\/div><div class=\"flex_column av_one_full  flex_column_div av-zero-column-padding first  avia-builder-el-2  el_after_av_one_full  el_before_av_one_full  column-top-margin\" style='border-radius:0px; '><section class=\"av_textblock_section \"  itemscope=\"itemscope\" itemtype=\"https:\/\/schema.org\/BlogPosting\" itemprop=\"blogPost\" ><div class='avia_textblock  '   itemprop=\"text\" ><p style=\"text-align: center;\"><strong><span style=\"font-size: 18pt;\">Certifican en Cocina Nacional e Internacional a 10 beneficiarios del Proyecto +R financiado por Sence<\/span><\/strong><\/p>\n<div id=\"gtx-trans\" style=\"position: absolute; left: -50px; top: 4.31534px;\">\n<div class=\"gtx-trans-icon\"><\/div>\n<\/div>\n<\/div><\/section><\/div><div class=\"flex_column av_one_full  flex_column_div av-zero-column-padding first  avia-builder-el-4  el_after_av_one_full  el_before_av_hr  column-top-margin\" style='border-radius:0px; '><section class=\"av_textblock_section \"  itemscope=\"itemscope\" itemtype=\"https:\/\/schema.org\/BlogPosting\" itemprop=\"blogPost\" ><div class='avia_textblock  '   itemprop=\"text\" ><p style=\"text-align: justify;\">Este mi\u00e9rcoles en dependencias de la sede de la Junta de Vecinos Barrio Seco, se llev\u00f3 a cabo la ceremonia de certificaci\u00f3n de 10 usuarios del Centro de Apoyo para Integraci\u00f3n Social (CAIS), quienes recibieron sus respectivos diplomas, tras concluir el curso de Cocina Nacional e Internacional en el marco del Proyecto +R.<\/p>\n<p style=\"text-align: justify;\">La actividad que se desarroll\u00f3 con todas las medidas sanitarias pertinentes, cont\u00f3 con la presencia del Seremi de Justicia y DD.HH Luis Prieto, su par del Trabajo y Previsi\u00f3n Social (s) Victoria Sierra, la Directora Regional del SENCE Katherine Kingma, entre otras autoridades regionales y empresarios quienes participaron a trav\u00e9s de la plataforma zoom.<\/p>\n<p style=\"text-align: justify;\">Esta iniciativa fue ejecutada por la Otec Gestcap Chile Ltda, y contempl\u00f3 duraci\u00f3n de 320 horas, la que estuvo centrada en el manejo de producciones gastron\u00f3micas cumpliendo con las normas de seguridad y prevenci\u00f3n de riesgos alimentarios, considerando una inversi\u00f3n de 24 millones de pesos.<\/p>\n<p style=\"text-align: justify;\">Uno de los participantes de este curso, Juan Bustamante valor\u00f3 la oportunidad brindada, se\u00f1alando que \u201cfue una experiencia maravillosa, como dije en un principio una segunda oportunidad que valoramos con mis compa\u00f1eros, fue duro y dif\u00edcil porque despu\u00e9s de cada jornada laboral ten\u00edamos que trabajar hasta las 10:30 de la noche cocinando, pero el m\u00e9rito del profesor, el chef Fran Varela fue qui\u00e9n nos hizo motivarnos much\u00edsimo con su paciencia, su entrega y su conocimiento, pero cr\u00e9ame que ninguno pens\u00f3 que llegar\u00eda a estas instancias, porque es muy sacrificado, pero cocinar es maravilloso, es un arte\u201d.<\/p>\n<p style=\"text-align: justify;\">Por su parte, el Seremi de\u00a0Justicia y DD.HH Luis Prieto se refiri\u00f3 a esta nueva certificaci\u00f3n se\u00f1alando que \u201cha sido muy positivo desarrollar el Proyecto +R con usuarios del sistema postpenitenciario, en donde hemos visto un gran compromiso e inter\u00e9s de los participantes en obtener esta certificaci\u00f3n, que les generar\u00e1 nuevas oportunidades de reinserci\u00f3n, respecto de las cuales hemos contado siempre con el apoyo del sector privado, generando plazas laborales para quienes se han capacitado\u201d.<\/p>\n<p style=\"text-align: justify;\">Mientras que la Directora Regional del SENCE, Katherine Kingma manifest\u00f3 que \u201cpara nosotros es una felicidad estar cerrando nuevamente un curso de este programa +R, un programa muy lindo que brinda una oportunidad real de reinserci\u00f3n en nuestra comunidad, adem\u00e1s es un trabajo que se est\u00e1 haciendo de manera multisectorial, donde trabajamos en conjunto Sence, Ministerio del Trabajado, Ministerio de Justicia a trav\u00e9s de Gendarmer\u00eda y lo m\u00e1s importante con la participaci\u00f3n de las empresas, las empresas regionales o nacionales presentes en nuestra regi\u00f3n que siempre colaboran de manera muy amable con este programa, y de hecho en la ceremonia mencion\u00e1bamos que varios de los alumnos que se est\u00e1n certificando hoy, est\u00e1n trabajando en estas empresas, as\u00ed que nos enorgullece much\u00edsimo contar con ese apoyo\u201d.<\/p>\n<p style=\"text-align: justify;\">En tanto, la Seremi del Trabajo y Previsi\u00f3n Social (s) Victoria Sierra Salas destac\u00f3 la iniciativa indicando que \u201cno podemos dar oportunidades sin herramientas, este programa +R lo que viene a hacer es capacitar pero adem\u00e1s insertar o colocar laboralmente, que para nosotros como Ministerio del Trabajo es buen\u00edsimo, porque en el fondo le est\u00e1s dando una oportunidad pero con una herramienta y asegur\u00e1ndole un puesto laboral donde van a respetar adem\u00e1s sus derechos laborales, este curso implica adem\u00e1s capacitarlos para que ellos conozcan la normativa laboral, muy contentos de participar de esta instancia y de que hayan llegado a la meta estos diez alumnos, y se hayan podido certificar en Cocina Nacional e Internacional\u201d.<\/p>\n<p style=\"text-align: justify;\">Finalmente,\u00a0se\u00f1alar que el Proyecto +R, es una iniciativa impulsada por el Ministerio de Justicia y DD.HH en alianza con Gendarmer\u00eda de Chile y el Servicio Nacional de Capacitaci\u00f3n y Empleo (SENCE), y busca mediante la capacitaci\u00f3n, la inserci\u00f3n laboral y el apoyo psico-social a personas que fueron parte del sistema penitenciario en su retorno a la sociedad, a trav\u00e9s de un empleo otorgado por las mismas empresas que los formaron en su etapa previa.<\/p>\n<\/div><\/section><\/div><div  style='height:50px' class='hr hr-invisible   avia-builder-el-6  el_after_av_one_full  el_before_av_social_share '><span class='hr-inner ' ><span class='hr-inner-style'><\/span><\/span><\/div><\/p>\n<div  class='av-social-sharing-box  avia-builder-el-7  el_after_av_hr  el_before_av_hr  '><div class='av-share-box'><h5 class='av-share-link-description av-no-toc '>Compartir esta noticia<\/h5><ul class='av-share-box-list noLightbox'><li class='av-share-link av-social-link-facebook' ><a target=\"_blank\" aria-label=\"Compartir en Facebook\" href='https:\/\/www.facebook.com\/sharer.php?u=https:\/\/radiorevelacionfm.cl\/?p=10686&#038;t=Certifican%20en%20Cocina%20Nacional%20e%20Internacional%20a%2010%20beneficiarios%20del%20Proyecto%20%2BR%20financiado%20por%20Sence' aria-hidden='false' data-av_icon='\ue8f3' data-av_iconfont='entypo-fontello' title='' data-avia-related-tooltip='Compartir en Facebook' rel=\"noopener\"><span class='avia_hidden_link_text'>Compartir en Facebook<\/span><\/a><\/li><li class='av-share-link av-social-link-twitter' ><a target=\"_blank\" aria-label=\"Compartir en Twitter\" href='https:\/\/twitter.com\/share?text=Certifican%20en%20Cocina%20Nacional%20e%20Internacional%20a%2010%20beneficiarios%20del%20Proyecto%20%2BR%20financiado%20por%20Sence&#038;url=https:\/\/radiorevelacionfm.cl\/?p=10686' aria-hidden='false' data-av_icon='\ue8f1' data-av_iconfont='entypo-fontello' title='' data-avia-related-tooltip='Compartir en Twitter' rel=\"noopener\"><span class='avia_hidden_link_text'>Compartir en Twitter<\/span><\/a><\/li><li class='av-share-link av-social-link-whatsapp' ><a target=\"_blank\" aria-label=\"Compartir en Whatsapp\" href='https:\/\/api.whatsapp.com\/send?text=https:\/\/radiorevelacionfm.cl\/?p=10686' aria-hidden='false' data-av_icon='\uf232' data-av_iconfont='entypo-fontello' title='' data-avia-related-tooltip='Compartir en Whatsapp' rel=\"noopener\"><span class='avia_hidden_link_text'>Compartir en Whatsapp<\/span><\/a><\/li><li class='av-share-link av-social-link-linkedin' ><a target=\"_blank\" aria-label=\"Compartir en LinkedIn\" href='https:\/\/linkedin.com\/shareArticle?mini=true&#038;title=Certifican%20en%20Cocina%20Nacional%20e%20Internacional%20a%2010%20beneficiarios%20del%20Proyecto%20%2BR%20financiado%20por%20Sence&#038;url=https:\/\/radiorevelacionfm.cl\/?p=10686' aria-hidden='false' data-av_icon='\ue8fc' data-av_iconfont='entypo-fontello' title='' data-avia-related-tooltip='Compartir en LinkedIn' rel=\"noopener\"><span class='avia_hidden_link_text'>Compartir en LinkedIn<\/span><\/a><\/li><li class='av-share-link av-social-link-mail' ><a  aria-label=\"Compartir por correo\" href='mailto:?subject=Certifican%20en%20Cocina%20Nacional%20e%20Internacional%20a%2010%20beneficiarios%20del%20Proyecto%20%2BR%20financiado%20por%20Sence&#038;body=https:\/\/radiorevelacionfm.cl\/?p=10686' aria-hidden='false' data-av_icon='\ue805' data-av_iconfont='entypo-fontello' title='' data-avia-related-tooltip='Compartir por correo'><span class='avia_hidden_link_text'>Compartir por correo<\/span><\/a><\/li><\/ul><\/div><\/div>\n<div  style='height:50px' class='hr hr-invisible   avia-builder-el-8  el_after_av_social_share  el_before_av_comments_list '><span class='hr-inner ' ><span class='hr-inner-style'><\/span><\/span><\/div>\n<div  class='av-buildercomment  av-blog-meta-html-info-disabled av-blog-meta-tag-disabled  '><\/div>\n","protected":false},"excerpt":{"rendered":"","protected":false},"author":1,"featured_media":10687,"comment_status":"open","ping_status":"open","sticky":false,"template":"","format":"standard","meta":{"footnotes":""},"categories":[38],"tags":[],"class_list":["post-10686","post","type-post","status-publish","format-standard","has-post-thumbnail","hentry","category-regional"],"jetpack_featured_media_url":"https:\/\/radiorevelacionfm.cl\/wp-content\/uploads\/2021\/11\/certificacion-1_optimized.jpg","_links":{"self":[{"href":"https:\/\/radiorevelacionfm.cl\/index.php?rest_route=\/wp\/v2\/posts\/10686","targetHints":{"allow":["GET"]}}],"collection":[{"href":"https:\/\/radiorevelacionfm.cl\/index.php?rest_route=\/wp\/v2\/posts"}],"about":[{"href":"https:\/\/radiorevelacionfm.cl\/index.php?rest_route=\/wp\/v2\/types\/post"}],"author":[{"embeddable":true,"href":"https:\/\/radiorevelacionfm.cl\/index.php?rest_route=\/wp\/v2\/users\/1"}],"replies":[{"embeddable":true,"href":"https:\/\/radiorevelacionfm.cl\/index.php?rest_route=%2Fwp%2Fv2%2Fcomments&post=10686"}],"version-history":[{"count":2,"href":"https:\/\/radiorevelacionfm.cl\/index.php?rest_route=\/wp\/v2\/posts\/10686\/revisions"}],"predecessor-version":[{"id":10689,"href":"https:\/\/radiorevelacionfm.cl\/index.php?rest_route=\/wp\/v2\/posts\/10686\/revisions\/10689"}],"wp:featuredmedia":[{"embeddable":true,"href":"https:\/\/radiorevelacionfm.cl\/index.php?rest_route=\/wp\/v2\/media\/10687"}],"wp:attachment":[{"href":"https:\/\/radiorevelacionfm.cl\/index.php?rest_route=%2Fwp%2Fv2%2Fmedia&parent=10686"}],"wp:term":[{"taxonomy":"category","embeddable":true,"href":"https:\/\/radiorevelacionfm.cl\/index.php?rest_route=%2Fwp%2Fv2%2Fcategories&post=10686"},{"taxonomy":"post_tag","embeddable":true,"href":"https:\/\/radiorevelacionfm.cl\/index.php?rest_route=%2Fwp%2Fv2%2Ftags&post=10686"}],"curies":[{"name":"wp","href":"https:\/\/api.w.org\/{rel}","templated":true}]}}