{"id":10681,"date":"2021-11-11T11:46:12","date_gmt":"2021-11-11T14:46:12","guid":{"rendered":"https:\/\/radiorevelacionfm.cl\/?p=10681"},"modified":"2021-11-11T11:46:12","modified_gmt":"2021-11-11T14:46:12","slug":"jardin-sobre-ruedas-realiza-encuentro-con-familias-de-coyhaique","status":"publish","type":"post","link":"https:\/\/radiorevelacionfm.cl\/?p=10681","title":{"rendered":"Jard\u00edn Sobre Ruedas realiza encuentro con familias de Coyhaique"},"content":{"rendered":"<div class=\"flex_column av_one_full  flex_column_div av-zero-column-padding first  avia-builder-el-0  el_before_av_one_full  avia-builder-el-first  \" style='border-radius:0px; '><div  class='avia-image-container  av-styling-    avia-builder-el-1  avia-builder-el-no-sibling  avia-align-center '  itemprop=\"image\" itemscope=\"itemscope\" itemtype=\"https:\/\/schema.org\/ImageObject\"  ><div class='avia-image-container-inner'><div class='avia-image-overlay-wrap'><img decoding=\"async\" class='wp-image-10682 avia-img-lazy-loading-not-10682 avia_image' src=\"https:\/\/radiorevelacionfm.cl\/wp-content\/uploads\/2021\/11\/img_2495-min-min-min-1_optimized.jpg\" alt='' title='img_2495-min-min-min-(1)_optimized' height=\"600\" width=\"900\"  itemprop=\"thumbnailUrl\" srcset=\"https:\/\/radiorevelacionfm.cl\/wp-content\/uploads\/2021\/11\/img_2495-min-min-min-1_optimized.jpg 900w, https:\/\/radiorevelacionfm.cl\/wp-content\/uploads\/2021\/11\/img_2495-min-min-min-1_optimized-300x200.jpg 300w, https:\/\/radiorevelacionfm.cl\/wp-content\/uploads\/2021\/11\/img_2495-min-min-min-1_optimized-768x512.jpg 768w, https:\/\/radiorevelacionfm.cl\/wp-content\/uploads\/2021\/11\/img_2495-min-min-min-1_optimized-705x470.jpg 705w, https:\/\/radiorevelacionfm.cl\/wp-content\/uploads\/2021\/11\/img_2495-min-min-min-1_optimized-600x400.jpg 600w\" sizes=\"(max-width: 900px) 100vw, 900px\" \/><\/div><\/div><\/div><\/div><div class=\"flex_column av_one_full  flex_column_div av-zero-column-padding first  avia-builder-el-2  el_after_av_one_full  el_before_av_one_full  column-top-margin\" style='border-radius:0px; '><section class=\"av_textblock_section \"  itemscope=\"itemscope\" itemtype=\"https:\/\/schema.org\/BlogPosting\" itemprop=\"blogPost\" ><div class='avia_textblock  '   itemprop=\"text\" ><p style=\"text-align: center;\"><strong><span style=\"font-size: 18pt;\">Jard\u00edn Sobre Ruedas realiza encuentro con familias de Coyhaique<\/span><\/strong><\/p>\n<div id=\"gtx-trans\" style=\"position: absolute; left: -50px; top: 4.31534px;\">\n<div class=\"gtx-trans-icon\"><\/div>\n<\/div>\n<\/div><\/section><\/div><div class=\"flex_column av_one_full  flex_column_div av-zero-column-padding first  avia-builder-el-4  el_after_av_one_full  el_before_av_hr  column-top-margin\" style='border-radius:0px; '><section class=\"av_textblock_section \"  itemscope=\"itemscope\" itemtype=\"https:\/\/schema.org\/BlogPosting\" itemprop=\"blogPost\" ><div class='avia_textblock  '   itemprop=\"text\" ><p style=\"text-align: justify;\">Un nuevo encuentro con familias desarroll\u00f3 el Jard\u00edn Sobre Ruedas (JSR) de Fundaci\u00f3n Integra en la regi\u00f3n de Ays\u00e9n, acci\u00f3n que permiti\u00f3 reunir las familias y ni\u00f1os de Coyhaique que forman parte de esta Modalidad No Convencional en la que se compartieron experiencias en materia de crianza durante este periodo de Pandemia, adem\u00e1s de reflexionar sobre la importancia de la educaci\u00f3n en Primera Infancia.<\/p>\n<p style=\"text-align: justify;\">La directora de esta modalidad, Joselyn Orellana destac\u00f3 que \u201ccon esta instancia se espera que los ni\u00f1os puedan socializar, que puedan explorar distintos materiales, que podamos tener contacto con la naturaleza, poder realizar acciones en conjunto en la que sean acompa\u00f1ados y part\u00edcipes de estas experiencias sus familias y en la que puedan conocer a ni\u00f1os de su edad, de su misma localidad y que no hab\u00edan tenido la posibilidad de reunirse producto de la pandemia\u201d.<\/p>\n<p style=\"text-align: justify;\">Este encuentro convoc\u00f3 a una veintena de personas \u2013entre ni\u00f1os, ni\u00f1as, padres y equipos educativos- quienes pudieron disfrutar de una jornada de juegos y actividades l\u00fadicas en donde los p\u00e1rvulos fueron los actores principales.<\/p>\n<p style=\"text-align: justify;\">Uno de los asistentes fue Gonzalo Marfan, padre de Gabriel Marfan Reinike quien destac\u00f3 la importancia de estos encuentros en la \u201cque nos podemos reunir y compartir en un espacio abierto, con todas las medidas de protecci\u00f3n es muy rico porque las familias ya somos una comunidad. Relacionarnos, disfrutarnos, compartir, jugar y sentirnos que no estamos solos es muy enriquecedor. Estamos muy agradecidos del Jard\u00edn Sobre Ruedas y del equipo que lo conforma\u201d.<\/p>\n<p style=\"text-align: justify;\">Una opini\u00f3n similar tiene Natalia Gorro\u00f1o, madre de Saya Foessel Gorro\u00f1o quien matiz\u00f3 que \u201cesta instancia me parece muy valiosa ya que los ni\u00f1os no han tenido la oportunidad de reunirse debido a la Pandemia y creo que es muy importante que socialicen. La actividad ha sido muy bien organizada, en un lugar perfecto en la que los ni\u00f1os pueden correr, estar seguros, con espacio suficiente para el distanciamiento f\u00edsico por la pandemia. El equipo del Jard\u00edn Sobre Ruedas se pas\u00f3\u201d.<\/p>\n<p style=\"text-align: justify;\">Desde Fundaci\u00f3n Integra recalcan el rol que cumple la familia en la educaci\u00f3n de los ni\u00f1os donde los estos se constituyen en el sustento de esta modalidad, pues su presencia permite fortalecer la instancia educativa al compartir cada encuentro con sus hijas e hijos, adem\u00e1s de participar activamente de las de las experiencias, con el prop\u00f3sito de aprender nuevas estrategias y favorecer los aprendizajes de sus ni\u00f1os y ni\u00f1as e enriquecer sus pr\u00e1cticas de crianzas.<\/p>\n<p style=\"text-align: justify;\">\u201cEncuentro que es una tremenda soluci\u00f3n, no solo para las familias rurales sino que tambi\u00e9n para aquellas familias que por distintos motivos no podemos llevar a nuestros hijos a un jard\u00edn convencional. Ha sido un apoyo educativo muy valioso y que a pesar de ser un apoyo a distancia el equipo ha sabido ser muy perceptivos y nos han dado un apoyo personalizado que aprecio desde el fondo de mi coraz\u00f3n\u201d, sentenci\u00f3 Natalia Gorro\u00f1o.<\/p>\n<p style=\"text-align: justify;\">\u201cEstoy muy feliz de que el Jard\u00edn Sobre Ruedas exista, el solo hecho de tener una instancia que sea de gobierno, gratuita y que llegue a tantos ni\u00f1os y familias me parece maravilloso. Que nos provean de actividades, de insumos para realizar las actividades que nos proponen es de un tremendo valor\u201d, enfatiz\u00f3 Gonzalo Marfan.<\/p>\n<p style=\"text-align: justify;\">Finalmente, cabe destacar que el Jard\u00edn Sobre Ruedas, trabaja en 4 localidades de la regi\u00f3n como lo son \u00d1irehuao, Arroyo El Gato, Ma\u00f1ihuales y Coyhaique, cuyo prop\u00f3sito es ofrecer a ni\u00f1os y ni\u00f1as de educaci\u00f3n inicial de calidad, pertinente a sus necesidades e intereses y caracter\u00edsticas de aprendizaje, a trav\u00e9s de un trabajo en conjunto con las familias y la comunidad local en que se desarrolla.<\/p>\n<\/div><\/section><\/div><div  style='height:50px' class='hr hr-invisible   avia-builder-el-6  el_after_av_one_full  el_before_av_social_share '><span class='hr-inner ' ><span class='hr-inner-style'><\/span><\/span><\/div><\/p>\n<div  class='av-social-sharing-box  avia-builder-el-7  el_after_av_hr  el_before_av_hr  '><div class='av-share-box'><h5 class='av-share-link-description av-no-toc '>Compartir esta noticia<\/h5><ul class='av-share-box-list noLightbox'><li class='av-share-link av-social-link-facebook' ><a target=\"_blank\" aria-label=\"Compartir en Facebook\" href='https:\/\/www.facebook.com\/sharer.php?u=https:\/\/radiorevelacionfm.cl\/?p=10681&#038;t=Jard%C3%ADn%20Sobre%20Ruedas%20realiza%20encuentro%20con%20familias%20de%20Coyhaique' aria-hidden='false' data-av_icon='\ue8f3' data-av_iconfont='entypo-fontello' title='' data-avia-related-tooltip='Compartir en Facebook' rel=\"noopener\"><span class='avia_hidden_link_text'>Compartir en Facebook<\/span><\/a><\/li><li class='av-share-link av-social-link-twitter' ><a target=\"_blank\" aria-label=\"Compartir en Twitter\" href='https:\/\/twitter.com\/share?text=Jard%C3%ADn%20Sobre%20Ruedas%20realiza%20encuentro%20con%20familias%20de%20Coyhaique&#038;url=https:\/\/radiorevelacionfm.cl\/?p=10681' aria-hidden='false' data-av_icon='\ue8f1' data-av_iconfont='entypo-fontello' title='' data-avia-related-tooltip='Compartir en Twitter' rel=\"noopener\"><span class='avia_hidden_link_text'>Compartir en Twitter<\/span><\/a><\/li><li class='av-share-link av-social-link-whatsapp' ><a target=\"_blank\" aria-label=\"Compartir en Whatsapp\" href='https:\/\/api.whatsapp.com\/send?text=https:\/\/radiorevelacionfm.cl\/?p=10681' aria-hidden='false' data-av_icon='\uf232' data-av_iconfont='entypo-fontello' title='' data-avia-related-tooltip='Compartir en Whatsapp' rel=\"noopener\"><span class='avia_hidden_link_text'>Compartir en Whatsapp<\/span><\/a><\/li><li class='av-share-link av-social-link-linkedin' ><a target=\"_blank\" aria-label=\"Compartir en LinkedIn\" href='https:\/\/linkedin.com\/shareArticle?mini=true&#038;title=Jard%C3%ADn%20Sobre%20Ruedas%20realiza%20encuentro%20con%20familias%20de%20Coyhaique&#038;url=https:\/\/radiorevelacionfm.cl\/?p=10681' aria-hidden='false' data-av_icon='\ue8fc' data-av_iconfont='entypo-fontello' title='' data-avia-related-tooltip='Compartir en LinkedIn' rel=\"noopener\"><span class='avia_hidden_link_text'>Compartir en LinkedIn<\/span><\/a><\/li><li class='av-share-link av-social-link-mail' ><a  aria-label=\"Compartir por correo\" href='mailto:?subject=Jard%C3%ADn%20Sobre%20Ruedas%20realiza%20encuentro%20con%20familias%20de%20Coyhaique&#038;body=https:\/\/radiorevelacionfm.cl\/?p=10681' aria-hidden='false' data-av_icon='\ue805' data-av_iconfont='entypo-fontello' title='' data-avia-related-tooltip='Compartir por correo'><span class='avia_hidden_link_text'>Compartir por correo<\/span><\/a><\/li><\/ul><\/div><\/div>\n<div  style='height:50px' class='hr hr-invisible   avia-builder-el-8  el_after_av_social_share  el_before_av_comments_list '><span class='hr-inner ' ><span class='hr-inner-style'><\/span><\/span><\/div>\n<div  class='av-buildercomment  av-blog-meta-html-info-disabled av-blog-meta-tag-disabled  '><\/div>\n","protected":false},"excerpt":{"rendered":"","protected":false},"author":1,"featured_media":10682,"comment_status":"open","ping_status":"open","sticky":false,"template":"","format":"standard","meta":{"footnotes":""},"categories":[49],"tags":[],"class_list":["post-10681","post","type-post","status-publish","format-standard","has-post-thumbnail","hentry","category-educacion"],"jetpack_featured_media_url":"https:\/\/radiorevelacionfm.cl\/wp-content\/uploads\/2021\/11\/img_2495-min-min-min-1_optimized.jpg","_links":{"self":[{"href":"https:\/\/radiorevelacionfm.cl\/index.php?rest_route=\/wp\/v2\/posts\/10681","targetHints":{"allow":["GET"]}}],"collection":[{"href":"https:\/\/radiorevelacionfm.cl\/index.php?rest_route=\/wp\/v2\/posts"}],"about":[{"href":"https:\/\/radiorevelacionfm.cl\/index.php?rest_route=\/wp\/v2\/types\/post"}],"author":[{"embeddable":true,"href":"https:\/\/radiorevelacionfm.cl\/index.php?rest_route=\/wp\/v2\/users\/1"}],"replies":[{"embeddable":true,"href":"https:\/\/radiorevelacionfm.cl\/index.php?rest_route=%2Fwp%2Fv2%2Fcomments&post=10681"}],"version-history":[{"count":2,"href":"https:\/\/radiorevelacionfm.cl\/index.php?rest_route=\/wp\/v2\/posts\/10681\/revisions"}],"predecessor-version":[{"id":10684,"href":"https:\/\/radiorevelacionfm.cl\/index.php?rest_route=\/wp\/v2\/posts\/10681\/revisions\/10684"}],"wp:featuredmedia":[{"embeddable":true,"href":"https:\/\/radiorevelacionfm.cl\/index.php?rest_route=\/wp\/v2\/media\/10682"}],"wp:attachment":[{"href":"https:\/\/radiorevelacionfm.cl\/index.php?rest_route=%2Fwp%2Fv2%2Fmedia&parent=10681"}],"wp:term":[{"taxonomy":"category","embeddable":true,"href":"https:\/\/radiorevelacionfm.cl\/index.php?rest_route=%2Fwp%2Fv2%2Fcategories&post=10681"},{"taxonomy":"post_tag","embeddable":true,"href":"https:\/\/radiorevelacionfm.cl\/index.php?rest_route=%2Fwp%2Fv2%2Ftags&post=10681"}],"curies":[{"name":"wp","href":"https:\/\/api.w.org\/{rel}","templated":true}]}}