{"id":10674,"date":"2021-11-11T10:08:04","date_gmt":"2021-11-11T13:08:04","guid":{"rendered":"https:\/\/radiorevelacionfm.cl\/?p=10674"},"modified":"2021-11-11T10:08:04","modified_gmt":"2021-11-11T13:08:04","slug":"despues-de-seis-decadas-ex-estudiantes-de-escuela-agricola-san-jose-del-arvejillal-se-reencontraron-en-cochrane","status":"publish","type":"post","link":"https:\/\/radiorevelacionfm.cl\/?p=10674","title":{"rendered":"Despu\u00e9s de seis d\u00e9cadas ex estudiantes de escuela agr\u00edcola \u201cSan Jos\u00e9 del Arvejillal\u201d se reencontraron en Cochrane"},"content":{"rendered":"<div class=\"flex_column av_one_full  flex_column_div av-zero-column-padding first  avia-builder-el-0  el_before_av_one_full  avia-builder-el-first  \" style='border-radius:0px; '><div  class='avia-image-container  av-styling-    avia-builder-el-1  avia-builder-el-no-sibling  avia-align-center '  itemprop=\"image\" itemscope=\"itemscope\" itemtype=\"https:\/\/schema.org\/ImageObject\"  ><div class='avia-image-container-inner'><div class='avia-image-overlay-wrap'><img decoding=\"async\" class='wp-image-10675 avia-img-lazy-loading-not-10675 avia_image' src=\"https:\/\/radiorevelacionfm.cl\/wp-content\/uploads\/2021\/11\/04-3i-1_optimized.jpg\" alt='' title='04-(3)i-(1)_optimized' height=\"600\" width=\"855\"  itemprop=\"thumbnailUrl\" srcset=\"https:\/\/radiorevelacionfm.cl\/wp-content\/uploads\/2021\/11\/04-3i-1_optimized.jpg 855w, https:\/\/radiorevelacionfm.cl\/wp-content\/uploads\/2021\/11\/04-3i-1_optimized-300x211.jpg 300w, https:\/\/radiorevelacionfm.cl\/wp-content\/uploads\/2021\/11\/04-3i-1_optimized-768x539.jpg 768w, https:\/\/radiorevelacionfm.cl\/wp-content\/uploads\/2021\/11\/04-3i-1_optimized-705x495.jpg 705w, https:\/\/radiorevelacionfm.cl\/wp-content\/uploads\/2021\/11\/04-3i-1_optimized-600x421.jpg 600w\" sizes=\"(max-width: 855px) 100vw, 855px\" \/><\/div><\/div><\/div><\/div><div class=\"flex_column av_one_full  flex_column_div av-zero-column-padding first  avia-builder-el-2  el_after_av_one_full  el_before_av_one_full  column-top-margin\" style='border-radius:0px; '><section class=\"av_textblock_section \"  itemscope=\"itemscope\" itemtype=\"https:\/\/schema.org\/BlogPosting\" itemprop=\"blogPost\" ><div class='avia_textblock  '   itemprop=\"text\" ><p style=\"text-align: center;\"><strong><span style=\"font-size: 18pt;\">Despu\u00e9s de seis d\u00e9cadas ex estudiantes de escuela agr\u00edcola \u201cSan Jos\u00e9 del Arvejillal\u201d se reencontraron en Cochrane<\/span><\/strong><\/p>\n<div id=\"gtx-trans\" style=\"position: absolute; left: -50px; top: 4.31534px;\">\n<div class=\"gtx-trans-icon\"><\/div>\n<\/div>\n<\/div><\/section><\/div><div class=\"flex_column av_one_full  flex_column_div av-zero-column-padding first  avia-builder-el-4  el_after_av_one_full  el_before_av_hr  column-top-margin\" style='border-radius:0px; '><section class=\"av_textblock_section \"  itemscope=\"itemscope\" itemtype=\"https:\/\/schema.org\/BlogPosting\" itemprop=\"blogPost\" ><div class='avia_textblock  '   itemprop=\"text\" ><p><b>\u201cEl Arvejillal 1961 &#8211; 2021\u201d: reencuentro de historia, fraternidad y responsabilidad<\/b><\/p>\n<p style=\"font-weight: 400; text-align: justify;\">Abrazos efusivos, risas, recuerdos, apretones de manos, an\u00e9cdotas y gran emoci\u00f3n compartieron fraternalmente 40 ex estudiantes de \u201cEl Arvejillal\u201d, congregados en el sal\u00f3n parroquial San Jos\u00e9 Obrero de Cochrane junto a la comunidad cristiana y representantes del Movimiento Manquehue de San Jos\u00e9 de Mall\u00edn Grande.<\/p>\n<p style=\"font-weight: 400; text-align: justify;\"><strong>Nacer de nuevo<\/strong><\/p>\n<p style=\"font-weight: 400; text-align: justify;\">Los gloriosos ex estudiantes tuvieron la oportunidad de reconocerse en una exposici\u00f3n fotogr\u00e1fica y documentos hist\u00f3ricos de \u201cEl Arvejillal\u201d y, adem\u00e1s, disfrutaron conversando extensamente sobre apodos, an\u00e9cdotas y recuerdos de los sacerdotes que los educaron y acompa\u00f1aron; junto con recibir un diploma de reconocimiento que entreg\u00f3 personalmente el padre Obispo Luis a cada uno de los homenajeados.<\/p>\n<p style=\"font-weight: 400; text-align: justify;\">Atilio Hern\u00e1ndez, uno de los ex estudiantes, recuerda y reflexiona que \u201cen aquellos a\u00f1os de nuestra casa hasta El Arvejillal demor\u00e1bamos dos d\u00edas y medio a caballo, a veces tres d\u00edas, y aloj\u00e1bamos \u2018a campo\u2019; y hoy d\u00eda los buses van a dejar a los ni\u00f1os a la misma casa; andan siempre c\u00f3modos. Nosotros nos sacrific\u00e1bamos para llegar a la escuela para aprender algo\u201d.<\/p>\n<p style=\"font-weight: 400; text-align: justify;\">Con la perspectiva del tiempo el mismo Atilio dice agradecer \u201clos padres Siervos de Mar\u00eda que nos ense\u00f1aron a trabajar. Yo me qued\u00e9 en el campo y si no hubiera tenido conocimiento quiz\u00e1s no hubiera sido capaz de vivir en esta zona\u201d.<\/p>\n<p style=\"font-weight: 400; text-align: justify;\">Finalmente, comparte Atilio, \u201cpara mi ha sido una alegr\u00eda estar con algunos compa\u00f1eros que hac\u00eda m\u00e1s de 50 a\u00f1os que no nos ve\u00edamos. Un tremendo \u2018alegr\u00f3n\u2019\u2026 Se hace cuenta que uno nace de nuevo por un rato\u201d.<\/p>\n<p style=\"font-weight: 400; text-align: justify;\">Quien tambi\u00e9n asisti\u00f3 a la cita fue el ex profesor de \u201cEl Arvejillal\u201d Joaqu\u00edn Soto. \u201cEran \u2014dice\u2014 otros tiempos; una vida sencilla pero donde exist\u00eda una cordialidad extraordinaria donde pr\u00e1cticamente no hab\u00eda diferencia entre el educador y los estudiantes. \u00c9ramos todos amigos; en realidad hab\u00eda poca diferencia de edad\u201d.<\/p>\n<p style=\"font-weight: 400; text-align: justify;\">\u201cSiento \u2014se\u00f1ala el ex profesor\u2014 una emoci\u00f3n grandiosa; estoy embargado por este sentimiento. He retrocedido en el tiempo a mis a\u00f1os de juventud. Esta fecha, tal vez, ser\u00e1 una de las m\u00e1s trascendentes de mi vida\u201d.<\/p>\n<p style=\"font-weight: 400; text-align: justify;\"><strong>Comunicar el amor<\/strong><\/p>\n<p style=\"font-weight: 400; text-align: justify;\">La actividad culmin\u00f3 con la celebraci\u00f3n de la Santa Misa en el mismo lugar donde funcion\u00f3 la escuela \u201cEl Arvejillal\u201d, en el paso de la balsa a 8 kil\u00f3metros de Cochrane. El padre obispo Luis resalt\u00f3 en su homil\u00eda que desde esta experiencia se sigue haciendo hoy historia y es que es una responsabilidad comunicar esta vivencia. \u201cHoy d\u00eda \u2014expres\u00f3\u2014 queremos dar gracias a Dios por esta experiencia que no solo quiere mirar 60 a\u00f1os atr\u00e1s sino que quiere mirar que han significado esos a\u00f1os para nuestra vida en el amor a la familia, a la tierra, a las tradiciones, a la fe y la comunidad\u201d.<\/p>\n<p style=\"font-weight: 400; text-align: justify;\">\u201cEs \u2014destac\u00f3 el pastor de Ays\u00e9n\u2014 un reflejo del amor de Dios en nosotros. Esa ha sido la gran ense\u00f1anza. Hoy d\u00eda estamos llamados a comunicar este amor de Dios para hacer de esta tierra una \u2018tierra bendita\u2019. Es tarea de cada uno de nosotros; esa en nuestra vida de fe; llamados a dar lo mejor de cada uno para los dem\u00e1s\u201d.<\/p>\n<p style=\"font-weight: 400; text-align: justify;\">Tras la foto oficial, con todos los presentes, se desat\u00f3 la fiesta con un gran asado campero, m\u00fasica regional, canto y baile; todo en medio de la emoci\u00f3n de un reencuentro hist\u00f3rico lleno de fraternidad.<\/p>\n<p style=\"font-weight: 400; text-align: justify;\">Todo lo sucedido en este \u00e9pico encuentro fue registrado \u00edntegramente por un equipo audiovisual de Radio y Televisi\u00f3n Santa Mar\u00eda con el objetivo de producir un documental y otras publicaciones, que pr\u00f3ximamente estar\u00e1n disponibles desde el Vicariato Apost\u00f3lico de Ays\u00e9n.<\/p>\n<p style=\"font-weight: 400; text-align: justify;\">Compartimos 20 im\u00e1genes de este encuentro hist\u00f3rico en la galer\u00eda fotogr\u00e1fica de esta publicaci\u00f3n, y la nota emitida por Televisi\u00f3n Santa Mar\u00eda con otros testimonios de los ex estudiantes de \u201cEl Arvejillal\u201d, en el canal Youtube de la Iglesia de Ays\u00e9n.<\/p>\n<\/div><\/section><\/div><div  style='height:50px' class='hr hr-invisible   avia-builder-el-6  el_after_av_one_full  el_before_av_social_share '><span class='hr-inner ' ><span class='hr-inner-style'><\/span><\/span><\/div><\/p>\n<div  class='av-social-sharing-box  avia-builder-el-7  el_after_av_hr  el_before_av_hr  '><div class='av-share-box'><h5 class='av-share-link-description av-no-toc '>Compartir esta noticia<\/h5><ul class='av-share-box-list noLightbox'><li class='av-share-link av-social-link-facebook' ><a target=\"_blank\" aria-label=\"Compartir en Facebook\" href='https:\/\/www.facebook.com\/sharer.php?u=https:\/\/radiorevelacionfm.cl\/?p=10674&#038;t=Despu%C3%A9s%20de%20seis%20d%C3%A9cadas%20ex%20estudiantes%20de%20escuela%20agr%C3%ADcola%20%E2%80%9CSan%20Jos%C3%A9%20del%20Arvejillal%E2%80%9D%20se%20reencontraron%20en%20Cochrane' aria-hidden='false' data-av_icon='\ue8f3' data-av_iconfont='entypo-fontello' title='' data-avia-related-tooltip='Compartir en Facebook' rel=\"noopener\"><span class='avia_hidden_link_text'>Compartir en Facebook<\/span><\/a><\/li><li class='av-share-link av-social-link-twitter' ><a target=\"_blank\" aria-label=\"Compartir en Twitter\" href='https:\/\/twitter.com\/share?text=Despu%C3%A9s%20de%20seis%20d%C3%A9cadas%20ex%20estudiantes%20de%20escuela%20agr%C3%ADcola%20%E2%80%9CSan%20Jos%C3%A9%20del%20Arvejillal%E2%80%9D%20se%20reencontraron%20en%20Cochrane&#038;url=https:\/\/radiorevelacionfm.cl\/?p=10674' aria-hidden='false' data-av_icon='\ue8f1' data-av_iconfont='entypo-fontello' title='' data-avia-related-tooltip='Compartir en Twitter' rel=\"noopener\"><span class='avia_hidden_link_text'>Compartir en Twitter<\/span><\/a><\/li><li class='av-share-link av-social-link-whatsapp' ><a target=\"_blank\" aria-label=\"Compartir en Whatsapp\" href='https:\/\/api.whatsapp.com\/send?text=https:\/\/radiorevelacionfm.cl\/?p=10674' aria-hidden='false' data-av_icon='\uf232' data-av_iconfont='entypo-fontello' title='' data-avia-related-tooltip='Compartir en Whatsapp' rel=\"noopener\"><span class='avia_hidden_link_text'>Compartir en Whatsapp<\/span><\/a><\/li><li class='av-share-link av-social-link-linkedin' ><a target=\"_blank\" aria-label=\"Compartir en LinkedIn\" href='https:\/\/linkedin.com\/shareArticle?mini=true&#038;title=Despu%C3%A9s%20de%20seis%20d%C3%A9cadas%20ex%20estudiantes%20de%20escuela%20agr%C3%ADcola%20%E2%80%9CSan%20Jos%C3%A9%20del%20Arvejillal%E2%80%9D%20se%20reencontraron%20en%20Cochrane&#038;url=https:\/\/radiorevelacionfm.cl\/?p=10674' aria-hidden='false' data-av_icon='\ue8fc' data-av_iconfont='entypo-fontello' title='' data-avia-related-tooltip='Compartir en LinkedIn' rel=\"noopener\"><span class='avia_hidden_link_text'>Compartir en LinkedIn<\/span><\/a><\/li><li class='av-share-link av-social-link-mail' ><a  aria-label=\"Compartir por correo\" href='mailto:?subject=Despu%C3%A9s%20de%20seis%20d%C3%A9cadas%20ex%20estudiantes%20de%20escuela%20agr%C3%ADcola%20%E2%80%9CSan%20Jos%C3%A9%20del%20Arvejillal%E2%80%9D%20se%20reencontraron%20en%20Cochrane&#038;body=https:\/\/radiorevelacionfm.cl\/?p=10674' aria-hidden='false' data-av_icon='\ue805' data-av_iconfont='entypo-fontello' title='' data-avia-related-tooltip='Compartir por correo'><span class='avia_hidden_link_text'>Compartir por correo<\/span><\/a><\/li><\/ul><\/div><\/div>\n<div  style='height:50px' class='hr hr-invisible   avia-builder-el-8  el_after_av_social_share  el_before_av_comments_list '><span class='hr-inner ' ><span class='hr-inner-style'><\/span><\/span><\/div>\n<div  class='av-buildercomment  av-blog-meta-html-info-disabled av-blog-meta-tag-disabled  '><\/div>\n","protected":false},"excerpt":{"rendered":"","protected":false},"author":1,"featured_media":10675,"comment_status":"open","ping_status":"open","sticky":false,"template":"","format":"standard","meta":{"footnotes":""},"categories":[38],"tags":[],"class_list":["post-10674","post","type-post","status-publish","format-standard","has-post-thumbnail","hentry","category-regional"],"jetpack_featured_media_url":"https:\/\/radiorevelacionfm.cl\/wp-content\/uploads\/2021\/11\/04-3i-1_optimized.jpg","_links":{"self":[{"href":"https:\/\/radiorevelacionfm.cl\/index.php?rest_route=\/wp\/v2\/posts\/10674","targetHints":{"allow":["GET"]}}],"collection":[{"href":"https:\/\/radiorevelacionfm.cl\/index.php?rest_route=\/wp\/v2\/posts"}],"about":[{"href":"https:\/\/radiorevelacionfm.cl\/index.php?rest_route=\/wp\/v2\/types\/post"}],"author":[{"embeddable":true,"href":"https:\/\/radiorevelacionfm.cl\/index.php?rest_route=\/wp\/v2\/users\/1"}],"replies":[{"embeddable":true,"href":"https:\/\/radiorevelacionfm.cl\/index.php?rest_route=%2Fwp%2Fv2%2Fcomments&post=10674"}],"version-history":[{"count":2,"href":"https:\/\/radiorevelacionfm.cl\/index.php?rest_route=\/wp\/v2\/posts\/10674\/revisions"}],"predecessor-version":[{"id":10679,"href":"https:\/\/radiorevelacionfm.cl\/index.php?rest_route=\/wp\/v2\/posts\/10674\/revisions\/10679"}],"wp:featuredmedia":[{"embeddable":true,"href":"https:\/\/radiorevelacionfm.cl\/index.php?rest_route=\/wp\/v2\/media\/10675"}],"wp:attachment":[{"href":"https:\/\/radiorevelacionfm.cl\/index.php?rest_route=%2Fwp%2Fv2%2Fmedia&parent=10674"}],"wp:term":[{"taxonomy":"category","embeddable":true,"href":"https:\/\/radiorevelacionfm.cl\/index.php?rest_route=%2Fwp%2Fv2%2Fcategories&post=10674"},{"taxonomy":"post_tag","embeddable":true,"href":"https:\/\/radiorevelacionfm.cl\/index.php?rest_route=%2Fwp%2Fv2%2Ftags&post=10674"}],"curies":[{"name":"wp","href":"https:\/\/api.w.org\/{rel}","templated":true}]}}