{"id":10669,"date":"2021-11-11T09:30:50","date_gmt":"2021-11-11T12:30:50","guid":{"rendered":"https:\/\/radiorevelacionfm.cl\/?p=10669"},"modified":"2021-11-11T09:30:50","modified_gmt":"2021-11-11T12:30:50","slug":"quiero-mi-barrio-logra-importante-participacion-vecinal-en-villa-manihuales-para-definir-obras-en-la-zona","status":"publish","type":"post","link":"https:\/\/radiorevelacionfm.cl\/?p=10669","title":{"rendered":"Quiero Mi Barrio logra importante participaci\u00f3n vecinal en Villa Ma\u00f1ihuales para definir obras en la zona"},"content":{"rendered":"<div class=\"flex_column av_one_full  flex_column_div av-zero-column-padding first  avia-builder-el-0  el_before_av_one_full  avia-builder-el-first  \" style='border-radius:0px; '><div  class='avia-image-container  av-styling-    avia-builder-el-1  avia-builder-el-no-sibling  avia-align-center '  itemprop=\"image\" itemscope=\"itemscope\" itemtype=\"https:\/\/schema.org\/ImageObject\"  ><div class='avia-image-container-inner'><div class='avia-image-overlay-wrap'><img decoding=\"async\" class='wp-image-10670 avia-img-lazy-loading-not-10670 avia_image' src=\"https:\/\/radiorevelacionfm.cl\/wp-content\/uploads\/2021\/11\/img-QMBVM-Plan1-1-1.jpg\" alt='' title='img-QMBVM-Plan1 (1) (1)' height=\"600\" width=\"799\"  itemprop=\"thumbnailUrl\" srcset=\"https:\/\/radiorevelacionfm.cl\/wp-content\/uploads\/2021\/11\/img-QMBVM-Plan1-1-1.jpg 799w, https:\/\/radiorevelacionfm.cl\/wp-content\/uploads\/2021\/11\/img-QMBVM-Plan1-1-1-300x225.jpg 300w, https:\/\/radiorevelacionfm.cl\/wp-content\/uploads\/2021\/11\/img-QMBVM-Plan1-1-1-768x577.jpg 768w, https:\/\/radiorevelacionfm.cl\/wp-content\/uploads\/2021\/11\/img-QMBVM-Plan1-1-1-705x529.jpg 705w, https:\/\/radiorevelacionfm.cl\/wp-content\/uploads\/2021\/11\/img-QMBVM-Plan1-1-1-600x451.jpg 600w\" sizes=\"(max-width: 799px) 100vw, 799px\" \/><\/div><\/div><\/div><\/div><div class=\"flex_column av_one_full  flex_column_div av-zero-column-padding first  avia-builder-el-2  el_after_av_one_full  el_before_av_one_full  column-top-margin\" style='border-radius:0px; '><section class=\"av_textblock_section \"  itemscope=\"itemscope\" itemtype=\"https:\/\/schema.org\/BlogPosting\" itemprop=\"blogPost\" ><div class='avia_textblock  '   itemprop=\"text\" ><p style=\"text-align: center;\"><strong><span style=\"font-size: 18pt;\">Quiero Mi Barrio logra importante participaci\u00f3n vecinal en Villa Ma\u00f1ihuales para definir obras en la zona <\/span><\/strong><\/p>\n<div id=\"gtx-trans\" style=\"position: absolute; left: -50px; top: 4.31534px;\">\n<div class=\"gtx-trans-icon\"><\/div>\n<\/div>\n<\/div><\/section><\/div><div class=\"flex_column av_one_full  flex_column_div av-zero-column-padding first  avia-builder-el-4  el_after_av_one_full  el_before_av_hr  column-top-margin\" style='border-radius:0px; '><section class=\"av_textblock_section \"  itemscope=\"itemscope\" itemtype=\"https:\/\/schema.org\/BlogPosting\" itemprop=\"blogPost\" ><div class='avia_textblock  '   itemprop=\"text\" ><p style=\"text-align: justify;\">A trav\u00e9s de los procesos de participaci\u00f3n que contempla la metodolog\u00eda de intervenci\u00f3n barrial que dispone el Ministerio de Vivienda y Urbanismo del programa Quiero Mi Barrio (QMB), que ejecuta la Ilustre Municipalidad de Ays\u00e9n. Los vecinos de Villa Ma\u00f1ihuales circunscritos en el per\u00edmetro de Barrio de Inter\u00e9s Regional \u201cLos Ma\u00f1ios\u201d participaron de la votaci\u00f3n para elegir el Plan Maestro, instancia que define las faenas a realizar en el lugar con un presupuesto cercano a los 490 millones de pesos. M\u00e1s de 120 personas participaron de esta actividad.<\/p>\n<p style=\"text-align: justify;\">Al respecto, el coordinador comunal del programa QMB, Juan Pablo Altamirano, junto con explicar lo acontecido en dependencias de la Delegaci\u00f3n Municipal de la Villa que contempl\u00f3 sufragios desde las 8:00 hasta las 17:30 horas. Abord\u00f3 el entusiasmo expresado por la comunidad que desde muy temprano estaba dispuesta participar, principalmente las personas mayores y los estudiantes del Liceo.<\/p>\n<p style=\"text-align: justify;\">Con ello, el profesional municipal, adem\u00e1s coment\u00f3 que \u201ccontamos con una participaci\u00f3n que fue de 124 votos, de los cuales 90 optaron por la opci\u00f3n uno que enmarca las obras de construcci\u00f3n de Plaza Los Pioneros, Plaza San Sebasti\u00e1n, Sala de Uso M\u00faltiple y la generaci\u00f3n de la Plaza Triangular. Cuatro obras que ser\u00e1n bastante emblem\u00e1ticas que vienen a cubrir las necesidades del sector y tambi\u00e9n de los ma\u00f1ihualinos en su plenitud\u201d.<\/p>\n<p style=\"text-align: justify;\">Finalmente, Juan Pablo Altamirano, realiz\u00f3 un llamado a la comunidad a que pueda continuar desarrollando estas muestras de participaci\u00f3n en el programa considerando los procesos que se aproximan. \u201cEn la segunda quincena de noviembre realizaremos el primer taller de dise\u00f1o participativo, as\u00ed es que, esperamos la convocatoria de la gente para que sea parte de esta instancia, luego de ello; viene el Contrato de Barrios que es una ceremonia en la cual se invita al Consejo Vecinal de Desarrollo (CVD), a las autoridades y los equipos barriales para reafirmar el compromiso que existe por parte de las autoridades\u201d puntualiz\u00f3 el coordinador del QMB en la comuna de Ays\u00e9n.<\/p>\n<\/div><\/section><\/div><div  style='height:50px' class='hr hr-invisible   avia-builder-el-6  el_after_av_one_full  el_before_av_social_share '><span class='hr-inner ' ><span class='hr-inner-style'><\/span><\/span><\/div><\/p>\n<div  class='av-social-sharing-box  avia-builder-el-7  el_after_av_hr  el_before_av_hr  '><div class='av-share-box'><h5 class='av-share-link-description av-no-toc '>Compartir esta noticia<\/h5><ul class='av-share-box-list noLightbox'><li class='av-share-link av-social-link-facebook' ><a target=\"_blank\" aria-label=\"Compartir en Facebook\" href='https:\/\/www.facebook.com\/sharer.php?u=https:\/\/radiorevelacionfm.cl\/?p=10669&#038;t=Quiero%20Mi%20Barrio%20logra%20importante%20participaci%C3%B3n%20vecinal%20en%20Villa%20Ma%C3%B1ihuales%20para%20definir%20obras%20en%20la%20zona' aria-hidden='false' data-av_icon='\ue8f3' data-av_iconfont='entypo-fontello' title='' data-avia-related-tooltip='Compartir en Facebook' rel=\"noopener\"><span class='avia_hidden_link_text'>Compartir en Facebook<\/span><\/a><\/li><li class='av-share-link av-social-link-twitter' ><a target=\"_blank\" aria-label=\"Compartir en Twitter\" href='https:\/\/twitter.com\/share?text=Quiero%20Mi%20Barrio%20logra%20importante%20participaci%C3%B3n%20vecinal%20en%20Villa%20Ma%C3%B1ihuales%20para%20definir%20obras%20en%20la%20zona&#038;url=https:\/\/radiorevelacionfm.cl\/?p=10669' aria-hidden='false' data-av_icon='\ue8f1' data-av_iconfont='entypo-fontello' title='' data-avia-related-tooltip='Compartir en Twitter' rel=\"noopener\"><span class='avia_hidden_link_text'>Compartir en Twitter<\/span><\/a><\/li><li class='av-share-link av-social-link-whatsapp' ><a target=\"_blank\" aria-label=\"Compartir en Whatsapp\" href='https:\/\/api.whatsapp.com\/send?text=https:\/\/radiorevelacionfm.cl\/?p=10669' aria-hidden='false' data-av_icon='\uf232' data-av_iconfont='entypo-fontello' title='' data-avia-related-tooltip='Compartir en Whatsapp' rel=\"noopener\"><span class='avia_hidden_link_text'>Compartir en Whatsapp<\/span><\/a><\/li><li class='av-share-link av-social-link-linkedin' ><a target=\"_blank\" aria-label=\"Compartir en LinkedIn\" href='https:\/\/linkedin.com\/shareArticle?mini=true&#038;title=Quiero%20Mi%20Barrio%20logra%20importante%20participaci%C3%B3n%20vecinal%20en%20Villa%20Ma%C3%B1ihuales%20para%20definir%20obras%20en%20la%20zona&#038;url=https:\/\/radiorevelacionfm.cl\/?p=10669' aria-hidden='false' data-av_icon='\ue8fc' data-av_iconfont='entypo-fontello' title='' data-avia-related-tooltip='Compartir en LinkedIn' rel=\"noopener\"><span class='avia_hidden_link_text'>Compartir en LinkedIn<\/span><\/a><\/li><li class='av-share-link av-social-link-mail' ><a  aria-label=\"Compartir por correo\" href='mailto:?subject=Quiero%20Mi%20Barrio%20logra%20importante%20participaci%C3%B3n%20vecinal%20en%20Villa%20Ma%C3%B1ihuales%20para%20definir%20obras%20en%20la%20zona&#038;body=https:\/\/radiorevelacionfm.cl\/?p=10669' aria-hidden='false' data-av_icon='\ue805' data-av_iconfont='entypo-fontello' title='' data-avia-related-tooltip='Compartir por correo'><span class='avia_hidden_link_text'>Compartir por correo<\/span><\/a><\/li><\/ul><\/div><\/div>\n<div  style='height:50px' class='hr hr-invisible   avia-builder-el-8  el_after_av_social_share  el_before_av_comments_list '><span class='hr-inner ' ><span class='hr-inner-style'><\/span><\/span><\/div>\n<div  class='av-buildercomment  av-blog-meta-html-info-disabled av-blog-meta-tag-disabled  '><\/div>\n","protected":false},"excerpt":{"rendered":"","protected":false},"author":1,"featured_media":10670,"comment_status":"open","ping_status":"open","sticky":false,"template":"","format":"standard","meta":{"footnotes":""},"categories":[38],"tags":[],"class_list":["post-10669","post","type-post","status-publish","format-standard","has-post-thumbnail","hentry","category-regional"],"jetpack_featured_media_url":"https:\/\/radiorevelacionfm.cl\/wp-content\/uploads\/2021\/11\/img-QMBVM-Plan1-1-1.jpg","_links":{"self":[{"href":"https:\/\/radiorevelacionfm.cl\/index.php?rest_route=\/wp\/v2\/posts\/10669","targetHints":{"allow":["GET"]}}],"collection":[{"href":"https:\/\/radiorevelacionfm.cl\/index.php?rest_route=\/wp\/v2\/posts"}],"about":[{"href":"https:\/\/radiorevelacionfm.cl\/index.php?rest_route=\/wp\/v2\/types\/post"}],"author":[{"embeddable":true,"href":"https:\/\/radiorevelacionfm.cl\/index.php?rest_route=\/wp\/v2\/users\/1"}],"replies":[{"embeddable":true,"href":"https:\/\/radiorevelacionfm.cl\/index.php?rest_route=%2Fwp%2Fv2%2Fcomments&post=10669"}],"version-history":[{"count":2,"href":"https:\/\/radiorevelacionfm.cl\/index.php?rest_route=\/wp\/v2\/posts\/10669\/revisions"}],"predecessor-version":[{"id":10677,"href":"https:\/\/radiorevelacionfm.cl\/index.php?rest_route=\/wp\/v2\/posts\/10669\/revisions\/10677"}],"wp:featuredmedia":[{"embeddable":true,"href":"https:\/\/radiorevelacionfm.cl\/index.php?rest_route=\/wp\/v2\/media\/10670"}],"wp:attachment":[{"href":"https:\/\/radiorevelacionfm.cl\/index.php?rest_route=%2Fwp%2Fv2%2Fmedia&parent=10669"}],"wp:term":[{"taxonomy":"category","embeddable":true,"href":"https:\/\/radiorevelacionfm.cl\/index.php?rest_route=%2Fwp%2Fv2%2Fcategories&post=10669"},{"taxonomy":"post_tag","embeddable":true,"href":"https:\/\/radiorevelacionfm.cl\/index.php?rest_route=%2Fwp%2Fv2%2Ftags&post=10669"}],"curies":[{"name":"wp","href":"https:\/\/api.w.org\/{rel}","templated":true}]}}