{"id":10660,"date":"2021-11-10T20:09:55","date_gmt":"2021-11-10T23:09:55","guid":{"rendered":"https:\/\/radiorevelacionfm.cl\/?p=10660"},"modified":"2021-11-10T20:09:55","modified_gmt":"2021-11-10T23:09:55","slug":"pdi-continua-con-trabajo-coordinado-en-materia-migratoria-junto-a-carabineros-y-gendarmeria","status":"publish","type":"post","link":"https:\/\/radiorevelacionfm.cl\/?p=10660","title":{"rendered":"PDI contin\u00faa con trabajo coordinado en materia migratoria junto a Carabineros y Gendarmer\u00eda"},"content":{"rendered":"<div class=\"flex_column av_one_full  flex_column_div av-zero-column-padding first  avia-builder-el-0  el_before_av_one_full  avia-builder-el-first  \" style='border-radius:0px; '><div  class='avia-image-container  av-styling-    avia-builder-el-1  avia-builder-el-no-sibling  avia-align-center '  itemprop=\"image\" itemscope=\"itemscope\" itemtype=\"https:\/\/schema.org\/ImageObject\"  ><div class='avia-image-container-inner'><div class='avia-image-overlay-wrap'><img decoding=\"async\" class='wp-image-10662 avia-img-lazy-loading-not-10662 avia_image' src=\"https:\/\/radiorevelacionfm.cl\/wp-content\/uploads\/2021\/11\/PDI-Migraciones-1-1.jpg\" alt='' title='PDI Migraciones (1) (1)' height=\"600\" width=\"800\"  itemprop=\"thumbnailUrl\" srcset=\"https:\/\/radiorevelacionfm.cl\/wp-content\/uploads\/2021\/11\/PDI-Migraciones-1-1.jpg 800w, https:\/\/radiorevelacionfm.cl\/wp-content\/uploads\/2021\/11\/PDI-Migraciones-1-1-300x225.jpg 300w, https:\/\/radiorevelacionfm.cl\/wp-content\/uploads\/2021\/11\/PDI-Migraciones-1-1-768x576.jpg 768w, https:\/\/radiorevelacionfm.cl\/wp-content\/uploads\/2021\/11\/PDI-Migraciones-1-1-705x529.jpg 705w, https:\/\/radiorevelacionfm.cl\/wp-content\/uploads\/2021\/11\/PDI-Migraciones-1-1-600x450.jpg 600w\" sizes=\"(max-width: 800px) 100vw, 800px\" \/><\/div><\/div><\/div><\/div><div class=\"flex_column av_one_full  flex_column_div av-zero-column-padding first  avia-builder-el-2  el_after_av_one_full  el_before_av_one_full  column-top-margin\" style='border-radius:0px; '><section class=\"av_textblock_section \"  itemscope=\"itemscope\" itemtype=\"https:\/\/schema.org\/BlogPosting\" itemprop=\"blogPost\" ><div class='avia_textblock  '   itemprop=\"text\" ><p style=\"text-align: center;\"><span style=\"font-size: 18pt;\"><strong>PDI contin\u00faa con trabajo coordinado en materia migratoria junto a Carabineros y Gendarmer\u00eda<\/strong><\/span><\/p>\n<div id=\"gtx-trans\" style=\"position: absolute; left: -50px; top: 4.31534px;\">\n<div class=\"gtx-trans-icon\"><\/div>\n<\/div>\n<\/div><\/section><\/div><div class=\"flex_column av_one_full  flex_column_div av-zero-column-padding first  avia-builder-el-4  el_after_av_one_full  el_before_av_hr  column-top-margin\" style='border-radius:0px; '><section class=\"av_textblock_section \"  itemscope=\"itemscope\" itemtype=\"https:\/\/schema.org\/BlogPosting\" itemprop=\"blogPost\" ><div class='avia_textblock  '   itemprop=\"text\" ><p style=\"text-align: justify;\">La Polic\u00eda de Investigaciones de Chile destaca no tan solo por ser un referente nacional en la investigaci\u00f3n criminal de los delitos, sino tambi\u00e9n por el trabajo profesional desarrollado en materias de control migratorio, ambas funciones establecidas como misiones fundamentales en la Ley Org\u00e1nica Institucional y parte del Plan Estrat\u00e9gico institucional.<\/p>\n<p style=\"text-align: justify;\">El \u00e1rea de Migraciones y Polic\u00eda Internacional resguarda el control y cumple con la fiscalizaci\u00f3n de extranjeros en el pa\u00eds en forma responsable y con los m\u00e1s altos est\u00e1ndares internacionales, facilitando la realizaci\u00f3n de an\u00e1lisis de datos y garantizar el movimiento migratorio seguro y expedito de personas en las fronteras del pa\u00eds.<\/p>\n<p style=\"text-align: justify;\">En ese sentido, el Departamento de Migraciones y Polic\u00eda Internacional Coyhaique estableci\u00f3 una estrategia de vinculaci\u00f3n y trabajo coordinado con distintas instituciones a nivel regional, \u201ccon la finalidad de fortalecer el trabajo de control migratorio en la regi\u00f3n de Ays\u00e9n\u201d, puntualiz\u00f3 la subcomisaria Cynthia Berm\u00fadez, jefa del Departamento de Migraciones y Polic\u00eda Internacional Coyhaique.<\/p>\n<p style=\"text-align: justify;\">Durante el mes de octubre se realizaron reuniones de coordinaci\u00f3n junto a personal de Gendarmer\u00eda de Chile y Carabineros que desempe\u00f1an funciones en la regi\u00f3n de Ays\u00e9n. Sobre los contenidos abordados, la jefa de la unidad especializada indic\u00f3 que \u201cdestacaron diferentes materias de trabajo en torno al fen\u00f3meno migratorio en la zona, control de ciudadanos extranjeros, los diferentes tr\u00e1mites migratorios disponibles de manera digital, control migratorio en pasos fronterizos de la regi\u00f3n y el Plan Fronteras Protegidas, entre otros temas\u201d.<\/p>\n<p style=\"text-align: justify;\">En total fueron cerca de 50 funcionarios de Gendarmer\u00eda y Carabineros que pudieron profundizar en estas materias bajo la explicaci\u00f3n anal\u00edtica y t\u00e9cnica de personal especializado de la PDI en temas de extranjer\u00eda y control migratorio.<\/p>\n<p style=\"text-align: justify;\">Al respecto, el jefe de la Regi\u00f3n Policial de Ays\u00e9n, prefecto Delf\u00edn Olgu\u00edn, quien entreg\u00f3 un saludo a los participantes al inicio de las jornadas, se\u00f1al\u00f3 que \u201ceste tipo de instancias son clave para fortalecer el trabajo mancomunado entre las distintas instituciones que se relacionan diariamente con ciudadanos extranjeros en los distintos puntos de la regi\u00f3n y mantener criterios unificados sobre el control migratorio para continuar con un proceso seguro y responsable para todos\u201d.<\/p>\n<p style=\"text-align: justify;\">Desde la PDI recordaron que los 13 pasos fronterizos de la regi\u00f3n contin\u00faan cerrados para el tr\u00e1nsito de ingreso y salida de personas y veh\u00edculos, \u201cexistiendo por el momento dos excepciones, correspondientes a los pasos fronterizos Huemules y Jeinimeni\u201d, detall\u00f3 la subcomisaria Berm\u00fadez, los cuales se encuentran abiertos para el ingreso de camiones de abastecimiento a la Regi\u00f3n y como tr\u00e1nsito por conectividad para personas que cuenten con los requisitos para realizar dicho viaje bajo la denominaci\u00f3n \u201cpa\u00eds a pa\u00eds\u201d.<\/p>\n<\/div><\/section><\/div><div  style='height:50px' class='hr hr-invisible   avia-builder-el-6  el_after_av_one_full  el_before_av_social_share '><span class='hr-inner ' ><span class='hr-inner-style'><\/span><\/span><\/div><\/p>\n<div  class='av-social-sharing-box  avia-builder-el-7  el_after_av_hr  el_before_av_hr  '><div class='av-share-box'><h5 class='av-share-link-description av-no-toc '>Compartir esta noticia<\/h5><ul class='av-share-box-list noLightbox'><li class='av-share-link av-social-link-facebook' ><a target=\"_blank\" aria-label=\"Compartir en Facebook\" href='https:\/\/www.facebook.com\/sharer.php?u=https:\/\/radiorevelacionfm.cl\/?p=10660&#038;t=PDI%20contin%C3%BAa%20con%20trabajo%20coordinado%20en%20materia%20migratoria%20junto%20a%20Carabineros%20y%20Gendarmer%C3%ADa' aria-hidden='false' data-av_icon='\ue8f3' data-av_iconfont='entypo-fontello' title='' data-avia-related-tooltip='Compartir en Facebook' rel=\"noopener\"><span class='avia_hidden_link_text'>Compartir en Facebook<\/span><\/a><\/li><li class='av-share-link av-social-link-twitter' ><a target=\"_blank\" aria-label=\"Compartir en Twitter\" href='https:\/\/twitter.com\/share?text=PDI%20contin%C3%BAa%20con%20trabajo%20coordinado%20en%20materia%20migratoria%20junto%20a%20Carabineros%20y%20Gendarmer%C3%ADa&#038;url=https:\/\/radiorevelacionfm.cl\/?p=10660' aria-hidden='false' data-av_icon='\ue8f1' data-av_iconfont='entypo-fontello' title='' data-avia-related-tooltip='Compartir en Twitter' rel=\"noopener\"><span class='avia_hidden_link_text'>Compartir en Twitter<\/span><\/a><\/li><li class='av-share-link av-social-link-whatsapp' ><a target=\"_blank\" aria-label=\"Compartir en Whatsapp\" href='https:\/\/api.whatsapp.com\/send?text=https:\/\/radiorevelacionfm.cl\/?p=10660' aria-hidden='false' data-av_icon='\uf232' data-av_iconfont='entypo-fontello' title='' data-avia-related-tooltip='Compartir en Whatsapp' rel=\"noopener\"><span class='avia_hidden_link_text'>Compartir en Whatsapp<\/span><\/a><\/li><li class='av-share-link av-social-link-linkedin' ><a target=\"_blank\" aria-label=\"Compartir en LinkedIn\" href='https:\/\/linkedin.com\/shareArticle?mini=true&#038;title=PDI%20contin%C3%BAa%20con%20trabajo%20coordinado%20en%20materia%20migratoria%20junto%20a%20Carabineros%20y%20Gendarmer%C3%ADa&#038;url=https:\/\/radiorevelacionfm.cl\/?p=10660' aria-hidden='false' data-av_icon='\ue8fc' data-av_iconfont='entypo-fontello' title='' data-avia-related-tooltip='Compartir en LinkedIn' rel=\"noopener\"><span class='avia_hidden_link_text'>Compartir en LinkedIn<\/span><\/a><\/li><li class='av-share-link av-social-link-mail' ><a  aria-label=\"Compartir por correo\" href='mailto:?subject=PDI%20contin%C3%BAa%20con%20trabajo%20coordinado%20en%20materia%20migratoria%20junto%20a%20Carabineros%20y%20Gendarmer%C3%ADa&#038;body=https:\/\/radiorevelacionfm.cl\/?p=10660' aria-hidden='false' data-av_icon='\ue805' data-av_iconfont='entypo-fontello' title='' data-avia-related-tooltip='Compartir por correo'><span class='avia_hidden_link_text'>Compartir por correo<\/span><\/a><\/li><\/ul><\/div><\/div>\n<div  style='height:50px' class='hr hr-invisible   avia-builder-el-8  el_after_av_social_share  el_before_av_comments_list '><span class='hr-inner ' ><span class='hr-inner-style'><\/span><\/span><\/div>\n<div  class='av-buildercomment  av-blog-meta-html-info-disabled av-blog-meta-tag-disabled  '><\/div>\n","protected":false},"excerpt":{"rendered":"","protected":false},"author":1,"featured_media":10662,"comment_status":"open","ping_status":"open","sticky":false,"template":"","format":"standard","meta":{"footnotes":""},"categories":[36],"tags":[],"class_list":["post-10660","post","type-post","status-publish","format-standard","has-post-thumbnail","hentry","category-policial"],"jetpack_featured_media_url":"https:\/\/radiorevelacionfm.cl\/wp-content\/uploads\/2021\/11\/PDI-Migraciones-1-1.jpg","_links":{"self":[{"href":"https:\/\/radiorevelacionfm.cl\/index.php?rest_route=\/wp\/v2\/posts\/10660","targetHints":{"allow":["GET"]}}],"collection":[{"href":"https:\/\/radiorevelacionfm.cl\/index.php?rest_route=\/wp\/v2\/posts"}],"about":[{"href":"https:\/\/radiorevelacionfm.cl\/index.php?rest_route=\/wp\/v2\/types\/post"}],"author":[{"embeddable":true,"href":"https:\/\/radiorevelacionfm.cl\/index.php?rest_route=\/wp\/v2\/users\/1"}],"replies":[{"embeddable":true,"href":"https:\/\/radiorevelacionfm.cl\/index.php?rest_route=%2Fwp%2Fv2%2Fcomments&post=10660"}],"version-history":[{"count":2,"href":"https:\/\/radiorevelacionfm.cl\/index.php?rest_route=\/wp\/v2\/posts\/10660\/revisions"}],"predecessor-version":[{"id":10668,"href":"https:\/\/radiorevelacionfm.cl\/index.php?rest_route=\/wp\/v2\/posts\/10660\/revisions\/10668"}],"wp:featuredmedia":[{"embeddable":true,"href":"https:\/\/radiorevelacionfm.cl\/index.php?rest_route=\/wp\/v2\/media\/10662"}],"wp:attachment":[{"href":"https:\/\/radiorevelacionfm.cl\/index.php?rest_route=%2Fwp%2Fv2%2Fmedia&parent=10660"}],"wp:term":[{"taxonomy":"category","embeddable":true,"href":"https:\/\/radiorevelacionfm.cl\/index.php?rest_route=%2Fwp%2Fv2%2Fcategories&post=10660"},{"taxonomy":"post_tag","embeddable":true,"href":"https:\/\/radiorevelacionfm.cl\/index.php?rest_route=%2Fwp%2Fv2%2Ftags&post=10660"}],"curies":[{"name":"wp","href":"https:\/\/api.w.org\/{rel}","templated":true}]}}