{"id":10657,"date":"2021-11-10T21:15:50","date_gmt":"2021-11-11T00:15:50","guid":{"rendered":"https:\/\/radiorevelacionfm.cl\/?p=10657"},"modified":"2021-11-10T21:15:50","modified_gmt":"2021-11-11T00:15:50","slug":"en-ibanez-autoridades-dialogan-con-participantes-de-proyecto-ganador-del-fondo-equidad-de-genero-2021","status":"publish","type":"post","link":"https:\/\/radiorevelacionfm.cl\/?p=10657","title":{"rendered":"En Iba\u00f1ez autoridades dialogan con participantes de proyecto ganador del Fondo Equidad de G\u00e9nero 2021"},"content":{"rendered":"<div class=\"flex_column av_one_full  flex_column_div av-zero-column-padding first  avia-builder-el-0  el_before_av_one_full  avia-builder-el-first  \" style='border-radius:0px; '><div  class='avia-image-container  av-styling-    avia-builder-el-1  avia-builder-el-no-sibling  avia-align-center '  itemprop=\"image\" itemscope=\"itemscope\" itemtype=\"https:\/\/schema.org\/ImageObject\"  ><div class='avia-image-container-inner'><div class='avia-image-overlay-wrap'><img decoding=\"async\" class='wp-image-10658 avia-img-lazy-loading-not-10658 avia_image' src=\"https:\/\/radiorevelacionfm.cl\/wp-content\/uploads\/2021\/11\/5-29-1_optimized.jpg\" alt='' title='5-(29)-(1)_optimized' height=\"600\" width=\"978\"  itemprop=\"thumbnailUrl\" srcset=\"https:\/\/radiorevelacionfm.cl\/wp-content\/uploads\/2021\/11\/5-29-1_optimized.jpg 978w, https:\/\/radiorevelacionfm.cl\/wp-content\/uploads\/2021\/11\/5-29-1_optimized-300x184.jpg 300w, https:\/\/radiorevelacionfm.cl\/wp-content\/uploads\/2021\/11\/5-29-1_optimized-768x471.jpg 768w, https:\/\/radiorevelacionfm.cl\/wp-content\/uploads\/2021\/11\/5-29-1_optimized-705x433.jpg 705w, https:\/\/radiorevelacionfm.cl\/wp-content\/uploads\/2021\/11\/5-29-1_optimized-600x368.jpg 600w\" sizes=\"(max-width: 978px) 100vw, 978px\" \/><\/div><\/div><\/div><\/div>\n<div class=\"flex_column av_one_full  flex_column_div av-zero-column-padding first  avia-builder-el-2  el_after_av_one_full  el_before_av_one_full  column-top-margin\" style='border-radius:0px; '><section class=\"av_textblock_section \"  itemscope=\"itemscope\" itemtype=\"https:\/\/schema.org\/BlogPosting\" itemprop=\"blogPost\" ><div class='avia_textblock  '   itemprop=\"text\" ><p style=\"text-align: center;\"><strong><span style=\"font-size: 18pt;\">En Iba\u00f1ez autoridades dialogan con participantes de proyecto ganador del Fondo Equidad de G\u00e9nero 2021 <\/span><\/strong><\/p>\n<div id=\"gtx-trans\" style=\"position: absolute; left: -50px; top: 4.31534px;\">\n<div class=\"gtx-trans-icon\"><\/div>\n<\/div>\n<\/div><\/section><\/div><div class=\"flex_column av_one_full  flex_column_div av-zero-column-padding first  avia-builder-el-4  el_after_av_one_full  el_before_av_hr  column-top-margin\" style='border-radius:0px; '><section class=\"av_textblock_section \"  itemscope=\"itemscope\" itemtype=\"https:\/\/schema.org\/BlogPosting\" itemprop=\"blogPost\" ><div class='avia_textblock  '   itemprop=\"text\" ><p style=\"font-weight: 400; text-align: justify;\">Un espacio de conversaci\u00f3n que permiti\u00f3 conocer el aporte al crecimiento y empoderamiento personal de las participantes a los talleres formativos \u00abRedes sociales para la mujer rural\u00bb fue el resultado de una visita de la Directora Regional del Servicio Nacional de la Mujer y la Equidad de G\u00e9nero, Elizabeth Guti\u00e9rrez Eggers, y el Alcalde de R\u00edo Ib\u00e1\u00f1ez, Marcelo Santana Vargas, al desarrollo del proyecto ganador del Fondo Equidad de G\u00e9nero 2021.<\/p>\n<p style=\"font-weight: 400; text-align: justify;\">Este a\u00f1o, SernamEG comenz\u00f3 a operar el Fondo de la Equidad de G\u00e9nero de car\u00e1cter anual, que se implement\u00f3 en conjunto con la Subsecretar\u00eda del Ministerio de la Mujer y Equidad de G\u00e9nero, con el objetivo de contribuir al financiamiento de proyectos nacionales, regionales y\/o locales que est\u00e9n destinados a fortalecer la participaci\u00f3n, asociatividad y liderazgo de las mujeres, en el marco de la equidad de g\u00e9nero y los derechos humanos de las mismas.<\/p>\n<p style=\"font-weight: 400; text-align: justify;\">Elizabeth Guti\u00e9rrez Eggers se refiri\u00f3 al sentido del Fondo de Equidad de G\u00e9nero, destacando que \u201ces indudable que los efectos de la pandemia en el mundo contin\u00faan por lo que este Fondo es un aporte m\u00e1s en apoyar a las mujeres del pa\u00eds. Es destacable que el primer proyecto ganador se est\u00e9 desarrollando en Puerto Ingeniero Ib\u00e1\u00f1ez, lo que demuestra que el llamado que hicimos en convocar organizaciones de mujeres y personas naturales de distintos puntos de la regi\u00f3n de Ays\u00e9n result\u00f3 exitoso. El di\u00e1logo que se dio fue muy enriquecedor porque se pudo apreciar la forma en que el proyecto ha impactado en sus vidas y fue reforzado con un video donde se visualiza la evoluci\u00f3n que han tenido las 15 mujeres que forman parte de esta iniciativa\u201d.<\/p>\n<p style=\"font-weight: 400; text-align: justify;\">Las entidades colaboradoras del proyecto \u201cRedes Sociales para la Mujer Rural &#8211; Talleres Formativos Comuna de R\u00edo Ib\u00e1\u00f1ez\u201d son la Red Latinoamericana de Mujeres Rurales de Am\u00e9rica Latina y el Caribe, REDLAC, y la Municipalidad de R\u00edo Ib\u00e1\u00f1ez. Su Alcalde, Marcelo Santana Vargas, explic\u00f3 que \u201chace un tiempo nos hab\u00edamos dado cuenta que hoy en d\u00eda la comunicaci\u00f3n digital es parte importante de c\u00f3mo uno puede llegar a su comunidad; sin embargo, nos hab\u00edamos encontrado con poblaci\u00f3n, principalmente adulta mayor, que muchas veces no tiene conocimiento. En eso una dupla compuesta por una profesional de la Municipalidad y de una ex profesional de Servicio Pa\u00eds desarrollaron un proyecto que educa en redes sociales a mujeres de nuestra comuna y ha sido un tremendo aporte para que accedan al mundo digital. En definitiva, nos parece tremendamente valioso desde el punto de vista de la integraci\u00f3n de distintos grupos etarios de nuestra comunidad\u201d.<\/p>\n<p style=\"font-weight: 400; text-align: justify;\">UNA OPORTUNIDAD PARA REDUCIR LA BRECHA DIGITAL<\/p>\n<p style=\"font-weight: 400; text-align: justify;\">El proyecto financiado por el Fondo de Equidad de G\u00e9nero busca dar a conocer y ense\u00f1ar a las mujeres rurales en el uso de redes sociales virtuales con fines comerciales y, tambi\u00e9n familiarizarse con un espacio de desarrollo personal. La ganadora del proyecto Marcela Gonz\u00e1lez Vel\u00e1squez, dijo: \u201cestamos muy agradecidas del Fondo Equidad de G\u00e9nero al financiar esta idea, porque sentimos que es un gran aporte para las mujeres de la localidad, con estos talleres se apunta a reducir la brecha digital y a fortalecer la autoestima de las participantes que tienen entre 50 y 76 a\u00f1os; en relaci\u00f3n con incorporar nuevos aprendizajes. La metodolog\u00eda de trabajo es participativa ya que el uso de las redes sociales intentamos vincularlo a sus quehaceres cotidianos; es decir, para artesanas, due\u00f1as de casa o comerciantes y tambi\u00e9n en lo recreativo\u201d.<\/p>\n<p style=\"font-weight: 400; text-align: justify;\">Delicia Vidal es una de las personas que asiste a los talleres formativos y se refiri\u00f3 a su evoluci\u00f3n, precisando que \u00abmi experiencia ha sido muy significativa ya que hab\u00eda muchas aplicaciones que no sab\u00eda utilizar en el celular como por ejemplo, entrar a una reuni\u00f3n de Zoom a trav\u00e9s de un enlace de WhastApp; o sea, son peque\u00f1as cosas pero muy significativas. En compa\u00f1\u00eda de las otras mujeres que forman parte de este curso hemos ido apoy\u00e1ndonos mutuamente y las monitoras han sido un 10. Este es un aprendizaje necesario para nuestro diario vivir, porque se pueden lograr muchas cosas a trav\u00e9s de las redes como hacer negocios y actualmente todo se est\u00e1 haciendo as\u00ed\u201d.<\/p>\n<\/div><\/section><\/div><\/p>\n<div  style='height:50px' class='hr hr-invisible   avia-builder-el-6  el_after_av_one_full  el_before_av_social_share '><span class='hr-inner ' ><span class='hr-inner-style'><\/span><\/span><\/div>\n<div  class='av-social-sharing-box  avia-builder-el-7  el_after_av_hr  el_before_av_hr  '><div class='av-share-box'><h5 class='av-share-link-description av-no-toc '>Compartir esta noticia<\/h5><ul class='av-share-box-list noLightbox'><li class='av-share-link av-social-link-facebook' ><a target=\"_blank\" aria-label=\"Compartir en Facebook\" href='https:\/\/www.facebook.com\/sharer.php?u=https:\/\/radiorevelacionfm.cl\/?p=10657&#038;t=En%20Iba%C3%B1ez%20autoridades%20dialogan%20con%20participantes%20de%20proyecto%20ganador%20del%20Fondo%20Equidad%20de%20G%C3%A9nero%202021' aria-hidden='false' data-av_icon='\ue8f3' data-av_iconfont='entypo-fontello' title='' data-avia-related-tooltip='Compartir en Facebook' rel=\"noopener\"><span class='avia_hidden_link_text'>Compartir en Facebook<\/span><\/a><\/li><li class='av-share-link av-social-link-twitter' ><a target=\"_blank\" aria-label=\"Compartir en Twitter\" href='https:\/\/twitter.com\/share?text=En%20Iba%C3%B1ez%20autoridades%20dialogan%20con%20participantes%20de%20proyecto%20ganador%20del%20Fondo%20Equidad%20de%20G%C3%A9nero%202021&#038;url=https:\/\/radiorevelacionfm.cl\/?p=10657' aria-hidden='false' data-av_icon='\ue8f1' data-av_iconfont='entypo-fontello' title='' data-avia-related-tooltip='Compartir en Twitter' rel=\"noopener\"><span class='avia_hidden_link_text'>Compartir en Twitter<\/span><\/a><\/li><li class='av-share-link av-social-link-whatsapp' ><a target=\"_blank\" aria-label=\"Compartir en Whatsapp\" href='https:\/\/api.whatsapp.com\/send?text=https:\/\/radiorevelacionfm.cl\/?p=10657' aria-hidden='false' data-av_icon='\uf232' data-av_iconfont='entypo-fontello' title='' data-avia-related-tooltip='Compartir en Whatsapp' rel=\"noopener\"><span class='avia_hidden_link_text'>Compartir en Whatsapp<\/span><\/a><\/li><li class='av-share-link av-social-link-linkedin' ><a target=\"_blank\" aria-label=\"Compartir en LinkedIn\" href='https:\/\/linkedin.com\/shareArticle?mini=true&#038;title=En%20Iba%C3%B1ez%20autoridades%20dialogan%20con%20participantes%20de%20proyecto%20ganador%20del%20Fondo%20Equidad%20de%20G%C3%A9nero%202021&#038;url=https:\/\/radiorevelacionfm.cl\/?p=10657' aria-hidden='false' data-av_icon='\ue8fc' data-av_iconfont='entypo-fontello' title='' data-avia-related-tooltip='Compartir en LinkedIn' rel=\"noopener\"><span class='avia_hidden_link_text'>Compartir en LinkedIn<\/span><\/a><\/li><li class='av-share-link av-social-link-mail' ><a  aria-label=\"Compartir por correo\" href='mailto:?subject=En%20Iba%C3%B1ez%20autoridades%20dialogan%20con%20participantes%20de%20proyecto%20ganador%20del%20Fondo%20Equidad%20de%20G%C3%A9nero%202021&#038;body=https:\/\/radiorevelacionfm.cl\/?p=10657' aria-hidden='false' data-av_icon='\ue805' data-av_iconfont='entypo-fontello' title='' data-avia-related-tooltip='Compartir por correo'><span class='avia_hidden_link_text'>Compartir por correo<\/span><\/a><\/li><\/ul><\/div><\/div>\n<div  style='height:50px' class='hr hr-invisible   avia-builder-el-8  el_after_av_social_share  el_before_av_comments_list '><span class='hr-inner ' ><span class='hr-inner-style'><\/span><\/span><\/div>\n<div  class='av-buildercomment  av-blog-meta-html-info-disabled av-blog-meta-tag-disabled  '><\/div>\n","protected":false},"excerpt":{"rendered":"","protected":false},"author":1,"featured_media":10658,"comment_status":"open","ping_status":"open","sticky":false,"template":"","format":"standard","meta":{"footnotes":""},"categories":[38],"tags":[],"class_list":["post-10657","post","type-post","status-publish","format-standard","has-post-thumbnail","hentry","category-regional"],"jetpack_featured_media_url":"https:\/\/radiorevelacionfm.cl\/wp-content\/uploads\/2021\/11\/5-29-1_optimized.jpg","_links":{"self":[{"href":"https:\/\/radiorevelacionfm.cl\/index.php?rest_route=\/wp\/v2\/posts\/10657","targetHints":{"allow":["GET"]}}],"collection":[{"href":"https:\/\/radiorevelacionfm.cl\/index.php?rest_route=\/wp\/v2\/posts"}],"about":[{"href":"https:\/\/radiorevelacionfm.cl\/index.php?rest_route=\/wp\/v2\/types\/post"}],"author":[{"embeddable":true,"href":"https:\/\/radiorevelacionfm.cl\/index.php?rest_route=\/wp\/v2\/users\/1"}],"replies":[{"embeddable":true,"href":"https:\/\/radiorevelacionfm.cl\/index.php?rest_route=%2Fwp%2Fv2%2Fcomments&post=10657"}],"version-history":[{"count":3,"href":"https:\/\/radiorevelacionfm.cl\/index.php?rest_route=\/wp\/v2\/posts\/10657\/revisions"}],"predecessor-version":[{"id":10673,"href":"https:\/\/radiorevelacionfm.cl\/index.php?rest_route=\/wp\/v2\/posts\/10657\/revisions\/10673"}],"wp:featuredmedia":[{"embeddable":true,"href":"https:\/\/radiorevelacionfm.cl\/index.php?rest_route=\/wp\/v2\/media\/10658"}],"wp:attachment":[{"href":"https:\/\/radiorevelacionfm.cl\/index.php?rest_route=%2Fwp%2Fv2%2Fmedia&parent=10657"}],"wp:term":[{"taxonomy":"category","embeddable":true,"href":"https:\/\/radiorevelacionfm.cl\/index.php?rest_route=%2Fwp%2Fv2%2Fcategories&post=10657"},{"taxonomy":"post_tag","embeddable":true,"href":"https:\/\/radiorevelacionfm.cl\/index.php?rest_route=%2Fwp%2Fv2%2Ftags&post=10657"}],"curies":[{"name":"wp","href":"https:\/\/api.w.org\/{rel}","templated":true}]}}