{"id":10654,"date":"2021-11-10T19:38:30","date_gmt":"2021-11-10T22:38:30","guid":{"rendered":"https:\/\/radiorevelacionfm.cl\/?p=10654"},"modified":"2021-11-10T19:38:30","modified_gmt":"2021-11-10T22:38:30","slug":"autoridades-regionales-destacan-creacion-del-registro-nacional-de-deudores-de-pensiones-alimenticias","status":"publish","type":"post","link":"https:\/\/radiorevelacionfm.cl\/?p=10654","title":{"rendered":"Autoridades regionales destacan creaci\u00f3n del Registro Nacional de Deudores de Pensiones Alimenticias"},"content":{"rendered":"<div class=\"flex_column av_one_full  flex_column_div av-zero-column-padding first  avia-builder-el-0  el_before_av_one_full  avia-builder-el-first  \" style='border-radius:0px; '><div  class='avia-image-container  av-styling-    avia-builder-el-1  avia-builder-el-no-sibling  avia-align-center '  itemprop=\"image\" itemscope=\"itemscope\" itemtype=\"https:\/\/schema.org\/ImageObject\"  ><div class='avia-image-container-inner'><div class='avia-image-overlay-wrap'><img decoding=\"async\" class='wp-image-10655 avia-img-lazy-loading-not-10655 avia_image' src=\"https:\/\/radiorevelacionfm.cl\/wp-content\/uploads\/2021\/11\/autoridades1-1-1.jpg\" alt='' title='autoridades1 (1) (1)' height=\"600\" width=\"944\"  itemprop=\"thumbnailUrl\" srcset=\"https:\/\/radiorevelacionfm.cl\/wp-content\/uploads\/2021\/11\/autoridades1-1-1.jpg 944w, https:\/\/radiorevelacionfm.cl\/wp-content\/uploads\/2021\/11\/autoridades1-1-1-300x191.jpg 300w, https:\/\/radiorevelacionfm.cl\/wp-content\/uploads\/2021\/11\/autoridades1-1-1-768x488.jpg 768w, https:\/\/radiorevelacionfm.cl\/wp-content\/uploads\/2021\/11\/autoridades1-1-1-705x448.jpg 705w, https:\/\/radiorevelacionfm.cl\/wp-content\/uploads\/2021\/11\/autoridades1-1-1-600x381.jpg 600w\" sizes=\"(max-width: 944px) 100vw, 944px\" \/><\/div><\/div><\/div><\/div><div class=\"flex_column av_one_full  flex_column_div av-zero-column-padding first  avia-builder-el-2  el_after_av_one_full  el_before_av_one_full  column-top-margin\" style='border-radius:0px; '><section class=\"av_textblock_section \"  itemscope=\"itemscope\" itemtype=\"https:\/\/schema.org\/BlogPosting\" itemprop=\"blogPost\" ><div class='avia_textblock  '   itemprop=\"text\" ><p style=\"text-align: center;\"><span style=\"font-size: 18pt;\"><strong>Autoridades regionales destacan creaci\u00f3n del\u00a0 Registro Nacional de Deudores de Pensiones Alimenticias<\/strong><\/span><\/p>\n<div id=\"gtx-trans\" style=\"position: absolute; left: -50px; top: 4.31534px;\">\n<div class=\"gtx-trans-icon\"><\/div>\n<\/div>\n<\/div><\/section><\/div><div class=\"flex_column av_one_full  flex_column_div av-zero-column-padding first  avia-builder-el-4  el_after_av_one_full  el_before_av_hr  column-top-margin\" style='border-radius:0px; '><section class=\"av_textblock_section \"  itemscope=\"itemscope\" itemtype=\"https:\/\/schema.org\/BlogPosting\" itemprop=\"blogPost\" ><div class='avia_textblock  '   itemprop=\"text\" ><p style=\"text-align: justify;\">Tras el compromiso asumido en marzo pasado en el contexto del d\u00eda internacional de la mujer, se encuentra ad portas de ser ley el Registro Nacional de Deudores de Pensiones Alimenticias, iniciativa que velar\u00e1 por el pago oportuno de las obligaciones alimenticias, y que fue altamente valorado por las autoridades regionales encabezadas por la Delegada Presidencial Regional Margarita Ossa, la Seremi de la Mujer y Equidad de G\u00e9nero B\u00e1rbara Ort\u00fazar\u00a0 y el Seremi de Justicia y DD.HH Luis Prieto.<\/p>\n<p style=\"text-align: justify;\">Es as\u00ed que, con la futura ley que comenzar\u00e1 a regir dentro de un a\u00f1o, quienes integren la base de datos del Registro Nacional de Deudores, sufrir\u00e1n una serie de consecuencias en su diario vivir, que les obligar\u00e1n a pagar sus pensiones adeudadas, ya que se dejar\u00e1 l\u00f3gica de las sanciones punitivas (por ejemplo, a trav\u00e9s de arrestos), para avanzar en la incorporaci\u00f3n de sanciones de car\u00e1cter patrimonial para los deudores.<\/p>\n<p style=\"text-align: justify;\">En este sentido, la Delegada Presidencial Regional Margarita Ossa Rojas explic\u00f3 que \u201cesta ley promulgada hoy por el Presidente Pi\u00f1era, busca ayudar a todas aquellas mujeres que son madres, cuyos padres no han cumplido con el deber de ayudar a sus hijos con el no pago de sus pensiones. Bajo este contexto, esta medida es dura, pero justa y necesaria para lograr que las pensiones de alimentos se paguen oportunamente, y evitar que la carga sea solo de la madre\u201d.<\/p>\n<p style=\"text-align: justify;\">Cabe mencionar que dicho registro ser\u00e1 100% en l\u00ednea y estar\u00e1 administrado por el Servicio de Registro Civil e Identificaci\u00f3n, y en \u00e9l estar\u00e1n anotados todos aquellos alimentantes que deban total o parcialmente, tres mensualidades consecutivas de alimentos, o cinco discontinuas, en tanto el tribunal deber\u00e1 actualizar mensualmente el Registro con el n\u00famero de cuotas y el monto adeudado de cada persona que lo integre. Solo se podr\u00e1 salir del Registro cuando se pague la totalidad de la deuda, o cuando se llegue a un acuerdo judicial que garantice el pago. \u00danicamente un Tribunal de Familia podr\u00e1 eliminar del Registro a un deudor.<\/p>\n<p style=\"text-align: justify;\">Por su parte, el Seremi de Justicia y DD.HH Luis Prieto Epuyao manifest\u00f3 su conformidad con la promulgaci\u00f3n de esta ley se\u00f1alando que \u201ces una realidad dolorosa y silenciosa la que viven numerosas familias en las que los padres no cumplen con su obligaci\u00f3n de proveer alimentos en favor de sus hijos, por ello persistimos en colocarlos primeros en la fila, con iniciativas legales como \u00e9sta, en donde adem\u00e1s buscamos promover la corresponsabilidad familiar de los hijos en com\u00fan\u201d.<\/p>\n<p style=\"text-align: justify;\">Mientras que la Seremi de la Mujer y Equidad de G\u00e9nero B\u00e1rbara Ort\u00fazar Candia, fue clara en se\u00f1alar que \u201cla promulgaci\u00f3n de \u00e9sta tan necesaria ley, primero nos llena de gran alegr\u00eda y esperamos que de una vez por todas terminemos con la cultura del incumplimiento del pago de las pensiones de alimentos en nuestro pa\u00eds. Hay que entender que 2 de cada 3 mujeres no reciben el pago de las pensiones de alimentos, por lo que la creaci\u00f3n de este registro sin duda viene a saldar esta deuda y ser\u00e1 de gran ayuda para todas esas grandes mujeres, jefas de hogar que salen adelante solas con sus hijos e hijas y, adem\u00e1s, es parte del compromiso de gobierno que asumimos dentro de la agenda mujer\u201d.<\/p>\n<p style=\"text-align: justify;\">Finalmente, y respecto a algunas de las medidas que afectar\u00e1n a los deudores de alimentos, se encuentran, que al solicitar un cr\u00e9dito bancario por una suma igual o superior a 50 UF, la entidad financiera retendr\u00e1 parte de los fondos para pagar la deuda, que durante el proceso devoluci\u00f3n de impuestos, la Tesorer\u00eda General de la Rep\u00fablica retendr\u00e1 el dinero correspondiente a los deudores, los deudores no podr\u00e1n renovar sus licencias de conducir ni sus pasaportes, a menos que se acredite frente al tribunal la necesidad de tales documentos, se establece como delito de violencia intrafamiliar el no pago reiterado de pensiones alimenticias, si una persona es despedida de su puesto de trabajo, y a la vez es deudora, pagar\u00e1 la pensi\u00f3n alimenticia a trav\u00e9s de la indemnizaci\u00f3n por a\u00f1os de servicio, entre otras.<\/p>\n<p style=\"text-align: justify;\"><strong>\u00a0<\/strong><\/p>\n<\/div><\/section><\/div><div  style='height:50px' class='hr hr-invisible   avia-builder-el-6  el_after_av_one_full  el_before_av_social_share '><span class='hr-inner ' ><span class='hr-inner-style'><\/span><\/span><\/div><\/p>\n<div  class='av-social-sharing-box  avia-builder-el-7  el_after_av_hr  el_before_av_hr  '><div class='av-share-box'><h5 class='av-share-link-description av-no-toc '>Compartir esta noticia<\/h5><ul class='av-share-box-list noLightbox'><li class='av-share-link av-social-link-facebook' ><a target=\"_blank\" aria-label=\"Compartir en Facebook\" href='https:\/\/www.facebook.com\/sharer.php?u=https:\/\/radiorevelacionfm.cl\/?p=10654&#038;t=Autoridades%20regionales%20destacan%20creaci%C3%B3n%20del%20Registro%20Nacional%20de%20Deudores%20de%20Pensiones%20Alimenticias' aria-hidden='false' data-av_icon='\ue8f3' data-av_iconfont='entypo-fontello' title='' data-avia-related-tooltip='Compartir en Facebook' rel=\"noopener\"><span class='avia_hidden_link_text'>Compartir en Facebook<\/span><\/a><\/li><li class='av-share-link av-social-link-twitter' ><a target=\"_blank\" aria-label=\"Compartir en Twitter\" href='https:\/\/twitter.com\/share?text=Autoridades%20regionales%20destacan%20creaci%C3%B3n%20del%20Registro%20Nacional%20de%20Deudores%20de%20Pensiones%20Alimenticias&#038;url=https:\/\/radiorevelacionfm.cl\/?p=10654' aria-hidden='false' data-av_icon='\ue8f1' data-av_iconfont='entypo-fontello' title='' data-avia-related-tooltip='Compartir en Twitter' rel=\"noopener\"><span class='avia_hidden_link_text'>Compartir en Twitter<\/span><\/a><\/li><li class='av-share-link av-social-link-whatsapp' ><a target=\"_blank\" aria-label=\"Compartir en Whatsapp\" href='https:\/\/api.whatsapp.com\/send?text=https:\/\/radiorevelacionfm.cl\/?p=10654' aria-hidden='false' data-av_icon='\uf232' data-av_iconfont='entypo-fontello' title='' data-avia-related-tooltip='Compartir en Whatsapp' rel=\"noopener\"><span class='avia_hidden_link_text'>Compartir en Whatsapp<\/span><\/a><\/li><li class='av-share-link av-social-link-linkedin' ><a target=\"_blank\" aria-label=\"Compartir en LinkedIn\" href='https:\/\/linkedin.com\/shareArticle?mini=true&#038;title=Autoridades%20regionales%20destacan%20creaci%C3%B3n%20del%20Registro%20Nacional%20de%20Deudores%20de%20Pensiones%20Alimenticias&#038;url=https:\/\/radiorevelacionfm.cl\/?p=10654' aria-hidden='false' data-av_icon='\ue8fc' data-av_iconfont='entypo-fontello' title='' data-avia-related-tooltip='Compartir en LinkedIn' rel=\"noopener\"><span class='avia_hidden_link_text'>Compartir en LinkedIn<\/span><\/a><\/li><li class='av-share-link av-social-link-mail' ><a  aria-label=\"Compartir por correo\" href='mailto:?subject=Autoridades%20regionales%20destacan%20creaci%C3%B3n%20del%20Registro%20Nacional%20de%20Deudores%20de%20Pensiones%20Alimenticias&#038;body=https:\/\/radiorevelacionfm.cl\/?p=10654' aria-hidden='false' data-av_icon='\ue805' data-av_iconfont='entypo-fontello' title='' data-avia-related-tooltip='Compartir por correo'><span class='avia_hidden_link_text'>Compartir por correo<\/span><\/a><\/li><\/ul><\/div><\/div>\n<div  style='height:50px' class='hr hr-invisible   avia-builder-el-8  el_after_av_social_share  el_before_av_comments_list '><span class='hr-inner ' ><span class='hr-inner-style'><\/span><\/span><\/div>\n<div  class='av-buildercomment  av-blog-meta-html-info-disabled av-blog-meta-tag-disabled  '><\/div>\n","protected":false},"excerpt":{"rendered":"","protected":false},"author":1,"featured_media":10655,"comment_status":"open","ping_status":"open","sticky":false,"template":"","format":"standard","meta":{"footnotes":""},"categories":[38],"tags":[],"class_list":["post-10654","post","type-post","status-publish","format-standard","has-post-thumbnail","hentry","category-regional"],"jetpack_featured_media_url":"https:\/\/radiorevelacionfm.cl\/wp-content\/uploads\/2021\/11\/autoridades1-1-1.jpg","_links":{"self":[{"href":"https:\/\/radiorevelacionfm.cl\/index.php?rest_route=\/wp\/v2\/posts\/10654","targetHints":{"allow":["GET"]}}],"collection":[{"href":"https:\/\/radiorevelacionfm.cl\/index.php?rest_route=\/wp\/v2\/posts"}],"about":[{"href":"https:\/\/radiorevelacionfm.cl\/index.php?rest_route=\/wp\/v2\/types\/post"}],"author":[{"embeddable":true,"href":"https:\/\/radiorevelacionfm.cl\/index.php?rest_route=\/wp\/v2\/users\/1"}],"replies":[{"embeddable":true,"href":"https:\/\/radiorevelacionfm.cl\/index.php?rest_route=%2Fwp%2Fv2%2Fcomments&post=10654"}],"version-history":[{"count":2,"href":"https:\/\/radiorevelacionfm.cl\/index.php?rest_route=\/wp\/v2\/posts\/10654\/revisions"}],"predecessor-version":[{"id":10664,"href":"https:\/\/radiorevelacionfm.cl\/index.php?rest_route=\/wp\/v2\/posts\/10654\/revisions\/10664"}],"wp:featuredmedia":[{"embeddable":true,"href":"https:\/\/radiorevelacionfm.cl\/index.php?rest_route=\/wp\/v2\/media\/10655"}],"wp:attachment":[{"href":"https:\/\/radiorevelacionfm.cl\/index.php?rest_route=%2Fwp%2Fv2%2Fmedia&parent=10654"}],"wp:term":[{"taxonomy":"category","embeddable":true,"href":"https:\/\/radiorevelacionfm.cl\/index.php?rest_route=%2Fwp%2Fv2%2Fcategories&post=10654"},{"taxonomy":"post_tag","embeddable":true,"href":"https:\/\/radiorevelacionfm.cl\/index.php?rest_route=%2Fwp%2Fv2%2Ftags&post=10654"}],"curies":[{"name":"wp","href":"https:\/\/api.w.org\/{rel}","templated":true}]}}