{"id":10640,"date":"2021-11-10T17:05:56","date_gmt":"2021-11-10T20:05:56","guid":{"rendered":"https:\/\/radiorevelacionfm.cl\/?p=10640"},"modified":"2021-11-10T17:08:27","modified_gmt":"2021-11-10T20:08:27","slug":"epidemiologo-marco-acuna-es-frustrante-ver-como-parte-de-la-comunidad-no-cumple-con-las-medidas-basicas-de-autocuidado-frente-al-covid-19","status":"publish","type":"post","link":"https:\/\/radiorevelacionfm.cl\/?p=10640","title":{"rendered":"Epidemi\u00f3logo Marco Acu\u00f1a: \u201cEs frustrante ver como parte de la comunidad no cumple con las medidas b\u00e1sicas de autocuidado frente al COVID-19\u201d"},"content":{"rendered":"<div class=\"flex_column av_one_full  flex_column_div av-zero-column-padding first  avia-builder-el-0  el_before_av_one_full  avia-builder-el-first  \" style='border-radius:0px; '><div  class='avia-image-container  av-styling-    avia-builder-el-1  avia-builder-el-no-sibling  avia-align-center '  itemprop=\"image\" itemscope=\"itemscope\" itemtype=\"https:\/\/schema.org\/ImageObject\"  ><div class='avia-image-container-inner'><div class='avia-image-overlay-wrap'><img decoding=\"async\" class='wp-image-10644 avia-img-lazy-loading-not-10644 avia_image' src=\"https:\/\/radiorevelacionfm.cl\/wp-content\/uploads\/2021\/11\/marco-acuna1-1-1.jpg\" alt='' title='marco acu\u00f1a1 (1) (1)' height=\"600\" width=\"982\"  itemprop=\"thumbnailUrl\" srcset=\"https:\/\/radiorevelacionfm.cl\/wp-content\/uploads\/2021\/11\/marco-acuna1-1-1.jpg 982w, https:\/\/radiorevelacionfm.cl\/wp-content\/uploads\/2021\/11\/marco-acuna1-1-1-300x183.jpg 300w, https:\/\/radiorevelacionfm.cl\/wp-content\/uploads\/2021\/11\/marco-acuna1-1-1-768x469.jpg 768w, https:\/\/radiorevelacionfm.cl\/wp-content\/uploads\/2021\/11\/marco-acuna1-1-1-705x431.jpg 705w, https:\/\/radiorevelacionfm.cl\/wp-content\/uploads\/2021\/11\/marco-acuna1-1-1-600x367.jpg 600w\" sizes=\"(max-width: 982px) 100vw, 982px\" \/><\/div><\/div><\/div><\/div><div class=\"flex_column av_one_full  flex_column_div av-zero-column-padding first  avia-builder-el-2  el_after_av_one_full  el_before_av_one_full  column-top-margin\" style='border-radius:0px; '><section class=\"av_textblock_section \"  itemscope=\"itemscope\" itemtype=\"https:\/\/schema.org\/BlogPosting\" itemprop=\"blogPost\" ><div class='avia_textblock  '   itemprop=\"text\" ><p style=\"text-align: center;\"><strong><span style=\"font-size: 18pt;\">Epidemi\u00f3logo Marco Acu\u00f1a: \u201cEs frustrante ver como parte de la comunidad no cumple con las medidas b\u00e1sicas de autocuidado frente al COVID-19\u201d<\/span><\/strong><\/p>\n<div id=\"gtx-trans\" style=\"position: absolute; left: -50px; top: 4.31534px;\">\n<div class=\"gtx-trans-icon\"><\/div>\n<\/div>\n<\/div><\/section><\/div><\/p>\n<div class=\"flex_column av_one_full  flex_column_div av-zero-column-padding first  avia-builder-el-4  el_after_av_one_full  el_before_av_hr  column-top-margin\" style='border-radius:0px; '><section class=\"av_textblock_section \"  itemscope=\"itemscope\" itemtype=\"https:\/\/schema.org\/BlogPosting\" itemprop=\"blogPost\" ><div class='avia_textblock  '   itemprop=\"text\" ><p style=\"text-align: justify;\">Una situaci\u00f3n compleja desde el punto de vista epidemiol\u00f3gico es la que se proyecta para los pr\u00f3ximos d\u00edas en la regi\u00f3n de Ays\u00e9n, ya que en las \u00faltimas horas se ha experimentado un explosivo aumento de casos por Covid-19 registr\u00e1ndose este mi\u00e9rcoles 10 un total de 57 nuevos casos que se concentran en las comunas de Coyhaique y Ays\u00e9n; una situaci\u00f3n que se suma a la falta de medidas de autocuidado entre la poblaci\u00f3n, algunos funcionarios de servicios p\u00fablicos, organismos privados y personas que est\u00e1n participando en el proceso de elecci\u00f3n popular.<\/p>\n<p style=\"text-align: justify;\">As\u00ed lo manifest\u00f3 el Epidemi\u00f3logo de la Seremi de Salud, Marco Acu\u00f1a Briones, quien junto con lamentar esta situaci\u00f3n hizo un llamado a la comunidad para que entienda que la pandemia por COVID-19 a\u00fan contin\u00faa presente. \u201cComo equipos de salud hemos permanecido casi dos a\u00f1os trabajando en distintas \u00e1reas para apoyar a los pacientes que llegan hasta los centros de salud, se ha trabajado de domingo a domingo para testear y trazar los casos, y as\u00ed intentar contener el avance del COVID-19, sin embargo esto nunca ser\u00e1 suficiente si la comunidad no mantiene las medidas b\u00e1sicas de autocuidado como el distanciamiento social, el lavado de manos y el uso correcto de la mascarilla. Avanzar en la protecci\u00f3n por vacuna, tambi\u00e9n es clave para el control de la pandemia, de modo que concurrir a administrarse las dosis de refuerzo y completar esquemas es fundamental. Realmente es frustrante observar, despu\u00e9s de todo el trabajo y dedicaci\u00f3n de los equipos de salud, como en la calle o a trav\u00e9s de redes sociales hay organismos p\u00fablicos y privados, e incluso postulantes a cargos de elecci\u00f3n popular que no cumplen con estas medidas, como personas y servicios llamados a dar el ejemplo en esta pandemia, demuestran cero empat\u00eda por el trabajo de los equipos de salud, y m\u00e1s a\u00fan cero respeto por las personas y familias con las que se re\u00fanen; sin saber si en estas actividades existen personas asintom\u00e1ticas que incluso podr\u00edan llevar el COVID-19 a personas m\u00e1s vulnerables desde el punto de vista de la salud, como adultos mayores o enfermos cr\u00f3nicos\u201d.<\/p>\n<p style=\"text-align: justify;\">Sumado al aumento de casos, explic\u00f3 el epidemi\u00f3logo, se debe considerar tambi\u00e9n el incremento de personas hospitalizadas por COVID-19. \u201cOtro aspecto importante a considerar es el n\u00famero de personas internadas en el Hospital Regional Coyhaique, donde hoy ya sumamos 10 pacientes hospitalizados, de los cuales 02 se encuentran conectados a ventilaci\u00f3n mec\u00e1nica invasiva ; de todas las personas hospitalizadas, solo 06 est\u00e1n vacunados, lo que demuestra la efectividad del proceso de vacunaci\u00f3n\u201d.<\/p>\n<p style=\"text-align: justify;\">Finalmente, cabe se\u00f1alar que desde la autoridad sanitaria se incrementar\u00e1n las fiscalizaciones sanitarias y se dar\u00e1 inicio a sumarios sanitarios con la finalidad de reforzar la importancia de mantener medidas de autocuidado como el uso correcto de la mascarilla, el distanciamiento social y el lavado frecuente de manos.<\/p>\n<\/div><\/section><\/div>\n<div  style='height:50px' class='hr hr-invisible   avia-builder-el-6  el_after_av_one_full  el_before_av_social_share '><span class='hr-inner ' ><span class='hr-inner-style'><\/span><\/span><\/div>\n<div  class='av-social-sharing-box  avia-builder-el-7  el_after_av_hr  el_before_av_hr  '><div class='av-share-box'><h5 class='av-share-link-description av-no-toc '>Compartir esta noticia<\/h5><ul class='av-share-box-list noLightbox'><li class='av-share-link av-social-link-facebook' ><a target=\"_blank\" aria-label=\"Compartir en Facebook\" href='https:\/\/www.facebook.com\/sharer.php?u=https:\/\/radiorevelacionfm.cl\/?p=10640&#038;t=Epidemi%C3%B3logo%20Marco%20Acu%C3%B1a%3A%20%E2%80%9CEs%20frustrante%20ver%20como%20parte%20de%20la%20comunidad%20no%20cumple%20con%20las%20medidas%20b%C3%A1sicas%20de%20autocuidado%20frente%20al%20COVID-19%E2%80%9D' aria-hidden='false' data-av_icon='\ue8f3' data-av_iconfont='entypo-fontello' title='' data-avia-related-tooltip='Compartir en Facebook' rel=\"noopener\"><span class='avia_hidden_link_text'>Compartir en Facebook<\/span><\/a><\/li><li class='av-share-link av-social-link-twitter' ><a target=\"_blank\" aria-label=\"Compartir en Twitter\" href='https:\/\/twitter.com\/share?text=Epidemi%C3%B3logo%20Marco%20Acu%C3%B1a%3A%20%E2%80%9CEs%20frustrante%20ver%20como%20parte%20de%20la%20comunidad%20no%20cumple%20con%20las%20medidas%20b%C3%A1sicas%20de%20autocuidado%20frente%20al%20COVID-19%E2%80%9D&#038;url=https:\/\/radiorevelacionfm.cl\/?p=10640' aria-hidden='false' data-av_icon='\ue8f1' data-av_iconfont='entypo-fontello' title='' data-avia-related-tooltip='Compartir en Twitter' rel=\"noopener\"><span class='avia_hidden_link_text'>Compartir en Twitter<\/span><\/a><\/li><li class='av-share-link av-social-link-whatsapp' ><a target=\"_blank\" aria-label=\"Compartir en Whatsapp\" href='https:\/\/api.whatsapp.com\/send?text=https:\/\/radiorevelacionfm.cl\/?p=10640' aria-hidden='false' data-av_icon='\uf232' data-av_iconfont='entypo-fontello' title='' data-avia-related-tooltip='Compartir en Whatsapp' rel=\"noopener\"><span class='avia_hidden_link_text'>Compartir en Whatsapp<\/span><\/a><\/li><li class='av-share-link av-social-link-linkedin' ><a target=\"_blank\" aria-label=\"Compartir en LinkedIn\" href='https:\/\/linkedin.com\/shareArticle?mini=true&#038;title=Epidemi%C3%B3logo%20Marco%20Acu%C3%B1a%3A%20%E2%80%9CEs%20frustrante%20ver%20como%20parte%20de%20la%20comunidad%20no%20cumple%20con%20las%20medidas%20b%C3%A1sicas%20de%20autocuidado%20frente%20al%20COVID-19%E2%80%9D&#038;url=https:\/\/radiorevelacionfm.cl\/?p=10640' aria-hidden='false' data-av_icon='\ue8fc' data-av_iconfont='entypo-fontello' title='' data-avia-related-tooltip='Compartir en LinkedIn' rel=\"noopener\"><span class='avia_hidden_link_text'>Compartir en LinkedIn<\/span><\/a><\/li><li class='av-share-link av-social-link-mail' ><a  aria-label=\"Compartir por correo\" href='mailto:?subject=Epidemi%C3%B3logo%20Marco%20Acu%C3%B1a%3A%20%E2%80%9CEs%20frustrante%20ver%20como%20parte%20de%20la%20comunidad%20no%20cumple%20con%20las%20medidas%20b%C3%A1sicas%20de%20autocuidado%20frente%20al%20COVID-19%E2%80%9D&#038;body=https:\/\/radiorevelacionfm.cl\/?p=10640' aria-hidden='false' data-av_icon='\ue805' data-av_iconfont='entypo-fontello' title='' data-avia-related-tooltip='Compartir por correo'><span class='avia_hidden_link_text'>Compartir por correo<\/span><\/a><\/li><\/ul><\/div><\/div>\n<div  style='height:50px' class='hr hr-invisible   avia-builder-el-8  el_after_av_social_share  el_before_av_comments_list '><span class='hr-inner ' ><span class='hr-inner-style'><\/span><\/span><\/div>\n<div  class='av-buildercomment  av-blog-meta-html-info-disabled av-blog-meta-tag-disabled  '><\/div>\n","protected":false},"excerpt":{"rendered":"","protected":false},"author":1,"featured_media":10644,"comment_status":"open","ping_status":"open","sticky":false,"template":"","format":"standard","meta":{"footnotes":""},"categories":[46],"tags":[],"class_list":["post-10640","post","type-post","status-publish","format-standard","has-post-thumbnail","hentry","category-salud"],"jetpack_featured_media_url":"https:\/\/radiorevelacionfm.cl\/wp-content\/uploads\/2021\/11\/marco-acuna1-1-1.jpg","_links":{"self":[{"href":"https:\/\/radiorevelacionfm.cl\/index.php?rest_route=\/wp\/v2\/posts\/10640","targetHints":{"allow":["GET"]}}],"collection":[{"href":"https:\/\/radiorevelacionfm.cl\/index.php?rest_route=\/wp\/v2\/posts"}],"about":[{"href":"https:\/\/radiorevelacionfm.cl\/index.php?rest_route=\/wp\/v2\/types\/post"}],"author":[{"embeddable":true,"href":"https:\/\/radiorevelacionfm.cl\/index.php?rest_route=\/wp\/v2\/users\/1"}],"replies":[{"embeddable":true,"href":"https:\/\/radiorevelacionfm.cl\/index.php?rest_route=%2Fwp%2Fv2%2Fcomments&post=10640"}],"version-history":[{"count":3,"href":"https:\/\/radiorevelacionfm.cl\/index.php?rest_route=\/wp\/v2\/posts\/10640\/revisions"}],"predecessor-version":[{"id":10643,"href":"https:\/\/radiorevelacionfm.cl\/index.php?rest_route=\/wp\/v2\/posts\/10640\/revisions\/10643"}],"wp:featuredmedia":[{"embeddable":true,"href":"https:\/\/radiorevelacionfm.cl\/index.php?rest_route=\/wp\/v2\/media\/10644"}],"wp:attachment":[{"href":"https:\/\/radiorevelacionfm.cl\/index.php?rest_route=%2Fwp%2Fv2%2Fmedia&parent=10640"}],"wp:term":[{"taxonomy":"category","embeddable":true,"href":"https:\/\/radiorevelacionfm.cl\/index.php?rest_route=%2Fwp%2Fv2%2Fcategories&post=10640"},{"taxonomy":"post_tag","embeddable":true,"href":"https:\/\/radiorevelacionfm.cl\/index.php?rest_route=%2Fwp%2Fv2%2Ftags&post=10640"}],"curies":[{"name":"wp","href":"https:\/\/api.w.org\/{rel}","templated":true}]}}