{"id":10634,"date":"2021-11-10T16:50:32","date_gmt":"2021-11-10T19:50:32","guid":{"rendered":"https:\/\/radiorevelacionfm.cl\/?p=10634"},"modified":"2021-11-10T16:50:32","modified_gmt":"2021-11-10T19:50:32","slug":"galeria-de-artesanos-de-aysen-ejecuta-proyecto-autogestionado-para-reactivar-su-funcionamiento","status":"publish","type":"post","link":"https:\/\/radiorevelacionfm.cl\/?p=10634","title":{"rendered":"Galer\u00eda de Artesanos de Ays\u00e9n ejecuta proyecto autogestionado para reactivar su funcionamiento"},"content":{"rendered":"<div class=\"flex_column av_one_full  flex_column_div av-zero-column-padding first  avia-builder-el-0  el_before_av_one_full  avia-builder-el-first  \" style='border-radius:0px; '><div  class='avia-image-container  av-styling-    avia-builder-el-1  avia-builder-el-no-sibling  avia-align-center '  itemprop=\"image\" itemscope=\"itemscope\" itemtype=\"https:\/\/schema.org\/ImageObject\"  ><div class='avia-image-container-inner'><div class='avia-image-overlay-wrap'><img decoding=\"async\" class='wp-image-10636 avia-img-lazy-loading-not-10636 avia_image' src=\"https:\/\/radiorevelacionfm.cl\/wp-content\/uploads\/2021\/11\/ga4-1_optimized.jpg\" alt='' title='ga4-(1)_optimized' height=\"600\" width=\"800\"  itemprop=\"thumbnailUrl\" srcset=\"https:\/\/radiorevelacionfm.cl\/wp-content\/uploads\/2021\/11\/ga4-1_optimized.jpg 800w, https:\/\/radiorevelacionfm.cl\/wp-content\/uploads\/2021\/11\/ga4-1_optimized-300x225.jpg 300w, https:\/\/radiorevelacionfm.cl\/wp-content\/uploads\/2021\/11\/ga4-1_optimized-768x576.jpg 768w, https:\/\/radiorevelacionfm.cl\/wp-content\/uploads\/2021\/11\/ga4-1_optimized-705x529.jpg 705w, https:\/\/radiorevelacionfm.cl\/wp-content\/uploads\/2021\/11\/ga4-1_optimized-600x450.jpg 600w\" sizes=\"(max-width: 800px) 100vw, 800px\" \/><\/div><\/div><\/div><\/div><div class=\"flex_column av_one_full  flex_column_div av-zero-column-padding first  avia-builder-el-2  el_after_av_one_full  el_before_av_one_full  column-top-margin\" style='border-radius:0px; '><section class=\"av_textblock_section \"  itemscope=\"itemscope\" itemtype=\"https:\/\/schema.org\/BlogPosting\" itemprop=\"blogPost\" ><div class='avia_textblock  '   itemprop=\"text\" ><p style=\"text-align: center;\"><span style=\"font-size: 18pt;\"><strong>Galer\u00eda de Artesanos de Ays\u00e9n ejecuta proyecto autogestionado para reactivar su funcionamiento <\/strong><\/span><\/p>\n<div id=\"gtx-trans\" style=\"position: absolute; left: -50px; top: 4.31534px;\">\n<div class=\"gtx-trans-icon\"><\/div>\n<\/div>\n<\/div><\/section><\/div><div class=\"flex_column av_one_full  flex_column_div av-zero-column-padding first  avia-builder-el-4  el_after_av_one_full  el_before_av_hr  column-top-margin\" style='border-radius:0px; '><section class=\"av_textblock_section \"  itemscope=\"itemscope\" itemtype=\"https:\/\/schema.org\/BlogPosting\" itemprop=\"blogPost\" ><div class='avia_textblock  '   itemprop=\"text\" ><p style=\"text-align: justify;\">Hasta Puerto Ays\u00e9n lleg\u00f3 la Directora Regional del Fondo de Solidaridad e Inversi\u00f3n Social, FOSIS, para conocer el aporte que ha significado para 9 integrantes de la Galer\u00eda de Artesanas de Ays\u00e9n, ser parte de este proyecto que financia iniciativas presentadas por organizaciones productivas del territorio.<\/p>\n<p style=\"text-align: justify;\">La iniciativa denominada \u201cCompra de herramientas e insumos de servicios y capacitaci\u00f3n\u201d, busca reactivar el trabajo de 9 artesanas de Puerto Ays\u00e9n que forman parte de esta agrupaci\u00f3n, que vio mermada sus ventas por efectos de la pandemia. Gracias al proyecto las emprendedoras adquirieron materias primas para la elaboraci\u00f3n de sus artesan\u00edas, un timbre para darle el sello local a los productos que confeccionan, un equipo de audio para la galer\u00eda y una capacitaci\u00f3n para potenciar sus redes sociales.<\/p>\n<p style=\"text-align: justify;\">Beatriz Torres, Presidenta de la Galer\u00eda de Artesanos de Puerto Ays\u00e9n, asegur\u00f3 que el proyecto \u201cha sido un apoyo fundamental en este tiempo que venimos saliendo de la pandemia, un tiempo en que nosotros estuvimos cerrados y no pod\u00edamos atender p\u00fablico porque no ten\u00edamos las condiciones. Somos un grupo de artesanas que trabaja fundamentalmente de los turistas y como no hab\u00eda turistas no ten\u00edamos ingresos. El apoyo que recibimos gracias a esta iniciativa fue de mucho beneficio, ya que pudimos implementarnos con materias primas para trabajar y algunas herramientas tambi\u00e9n que necesit\u00e1bamos para mejorar nuestra labor.\u201d<\/p>\n<p style=\"text-align: justify;\">Dominique Br\u00e4utigam, Directora Regional del FOSIS en Ays\u00e9n, indic\u00f3 que \u201cqueremos valorar el trabajo mancomunado que desarrollan las emprendedoras de la Galer\u00eda de Artesanos de Puerto Ays\u00e9n, que est\u00e1n ejecutando un programa Yo Emprendo Autogestionado junto al FOSIS. Esta intervenci\u00f3n las empodera, las apoya con equipamiento, con herramientas e insumos para que les pueda ir bien y puedan mejorar la calidad de su producci\u00f3n. Queremos reconocer el trabajo diario que ellas realizan, y sobre todo destacar que promueven el turismo en el territorio, con productos de muy buen nivel, con sello local y hecho por sus propias manos.\u201d<\/p>\n<p style=\"text-align: justify;\">La Galer\u00eda de Artesanos de Ays\u00e9n queda ubicada en calle Alcalde Childo Vera #317, en Puerto Ays\u00e9n y se pueden encontrar todo tipo de artesan\u00edas locales como tejidos en lana, fieltro, cosm\u00e9tica natural; recuerdos como llaveros, imanes y autoadhesivos con sello regional.<\/p>\n<\/div><\/section><\/div><div  style='height:50px' class='hr hr-invisible   avia-builder-el-6  el_after_av_one_full  el_before_av_social_share '><span class='hr-inner ' ><span class='hr-inner-style'><\/span><\/span><\/div><\/p>\n<div  class='av-social-sharing-box  avia-builder-el-7  el_after_av_hr  el_before_av_hr  '><div class='av-share-box'><h5 class='av-share-link-description av-no-toc '>Compartir esta noticia<\/h5><ul class='av-share-box-list noLightbox'><li class='av-share-link av-social-link-facebook' ><a target=\"_blank\" aria-label=\"Compartir en Facebook\" href='https:\/\/www.facebook.com\/sharer.php?u=https:\/\/radiorevelacionfm.cl\/?p=10634&#038;t=Galer%C3%ADa%20de%20Artesanos%20de%20Ays%C3%A9n%20ejecuta%20proyecto%20autogestionado%20para%20reactivar%20su%20funcionamiento' aria-hidden='false' data-av_icon='\ue8f3' data-av_iconfont='entypo-fontello' title='' data-avia-related-tooltip='Compartir en Facebook' rel=\"noopener\"><span class='avia_hidden_link_text'>Compartir en Facebook<\/span><\/a><\/li><li class='av-share-link av-social-link-twitter' ><a target=\"_blank\" aria-label=\"Compartir en Twitter\" href='https:\/\/twitter.com\/share?text=Galer%C3%ADa%20de%20Artesanos%20de%20Ays%C3%A9n%20ejecuta%20proyecto%20autogestionado%20para%20reactivar%20su%20funcionamiento&#038;url=https:\/\/radiorevelacionfm.cl\/?p=10634' aria-hidden='false' data-av_icon='\ue8f1' data-av_iconfont='entypo-fontello' title='' data-avia-related-tooltip='Compartir en Twitter' rel=\"noopener\"><span class='avia_hidden_link_text'>Compartir en Twitter<\/span><\/a><\/li><li class='av-share-link av-social-link-whatsapp' ><a target=\"_blank\" aria-label=\"Compartir en Whatsapp\" href='https:\/\/api.whatsapp.com\/send?text=https:\/\/radiorevelacionfm.cl\/?p=10634' aria-hidden='false' data-av_icon='\uf232' data-av_iconfont='entypo-fontello' title='' data-avia-related-tooltip='Compartir en Whatsapp' rel=\"noopener\"><span class='avia_hidden_link_text'>Compartir en Whatsapp<\/span><\/a><\/li><li class='av-share-link av-social-link-linkedin' ><a target=\"_blank\" aria-label=\"Compartir en LinkedIn\" href='https:\/\/linkedin.com\/shareArticle?mini=true&#038;title=Galer%C3%ADa%20de%20Artesanos%20de%20Ays%C3%A9n%20ejecuta%20proyecto%20autogestionado%20para%20reactivar%20su%20funcionamiento&#038;url=https:\/\/radiorevelacionfm.cl\/?p=10634' aria-hidden='false' data-av_icon='\ue8fc' data-av_iconfont='entypo-fontello' title='' data-avia-related-tooltip='Compartir en LinkedIn' rel=\"noopener\"><span class='avia_hidden_link_text'>Compartir en LinkedIn<\/span><\/a><\/li><li class='av-share-link av-social-link-mail' ><a  aria-label=\"Compartir por correo\" href='mailto:?subject=Galer%C3%ADa%20de%20Artesanos%20de%20Ays%C3%A9n%20ejecuta%20proyecto%20autogestionado%20para%20reactivar%20su%20funcionamiento&#038;body=https:\/\/radiorevelacionfm.cl\/?p=10634' aria-hidden='false' data-av_icon='\ue805' data-av_iconfont='entypo-fontello' title='' data-avia-related-tooltip='Compartir por correo'><span class='avia_hidden_link_text'>Compartir por correo<\/span><\/a><\/li><\/ul><\/div><\/div>\n<div  style='height:50px' class='hr hr-invisible   avia-builder-el-8  el_after_av_social_share  el_before_av_comments_list '><span class='hr-inner ' ><span class='hr-inner-style'><\/span><\/span><\/div>\n<div  class='av-buildercomment  av-blog-meta-html-info-disabled av-blog-meta-tag-disabled  '><\/div>\n","protected":false},"excerpt":{"rendered":"","protected":false},"author":1,"featured_media":10636,"comment_status":"open","ping_status":"open","sticky":false,"template":"","format":"standard","meta":{"footnotes":""},"categories":[38],"tags":[],"class_list":["post-10634","post","type-post","status-publish","format-standard","has-post-thumbnail","hentry","category-regional"],"jetpack_featured_media_url":"https:\/\/radiorevelacionfm.cl\/wp-content\/uploads\/2021\/11\/ga4-1_optimized.jpg","_links":{"self":[{"href":"https:\/\/radiorevelacionfm.cl\/index.php?rest_route=\/wp\/v2\/posts\/10634","targetHints":{"allow":["GET"]}}],"collection":[{"href":"https:\/\/radiorevelacionfm.cl\/index.php?rest_route=\/wp\/v2\/posts"}],"about":[{"href":"https:\/\/radiorevelacionfm.cl\/index.php?rest_route=\/wp\/v2\/types\/post"}],"author":[{"embeddable":true,"href":"https:\/\/radiorevelacionfm.cl\/index.php?rest_route=\/wp\/v2\/users\/1"}],"replies":[{"embeddable":true,"href":"https:\/\/radiorevelacionfm.cl\/index.php?rest_route=%2Fwp%2Fv2%2Fcomments&post=10634"}],"version-history":[{"count":2,"href":"https:\/\/radiorevelacionfm.cl\/index.php?rest_route=\/wp\/v2\/posts\/10634\/revisions"}],"predecessor-version":[{"id":10638,"href":"https:\/\/radiorevelacionfm.cl\/index.php?rest_route=\/wp\/v2\/posts\/10634\/revisions\/10638"}],"wp:featuredmedia":[{"embeddable":true,"href":"https:\/\/radiorevelacionfm.cl\/index.php?rest_route=\/wp\/v2\/media\/10636"}],"wp:attachment":[{"href":"https:\/\/radiorevelacionfm.cl\/index.php?rest_route=%2Fwp%2Fv2%2Fmedia&parent=10634"}],"wp:term":[{"taxonomy":"category","embeddable":true,"href":"https:\/\/radiorevelacionfm.cl\/index.php?rest_route=%2Fwp%2Fv2%2Fcategories&post=10634"},{"taxonomy":"post_tag","embeddable":true,"href":"https:\/\/radiorevelacionfm.cl\/index.php?rest_route=%2Fwp%2Fv2%2Ftags&post=10634"}],"curies":[{"name":"wp","href":"https:\/\/api.w.org\/{rel}","templated":true}]}}