{"id":10627,"date":"2021-11-10T15:28:20","date_gmt":"2021-11-10T18:28:20","guid":{"rendered":"https:\/\/radiorevelacionfm.cl\/?p=10627"},"modified":"2021-11-10T15:28:20","modified_gmt":"2021-11-10T18:28:20","slug":"calisto-y-rechazo-del-cuarto-retiro-existe-una-absoluta-desconexion-de-los-senadores-respecto-de-las-necesidades-de-las-familias","status":"publish","type":"post","link":"https:\/\/radiorevelacionfm.cl\/?p=10627","title":{"rendered":"Calisto y rechazo del cuarto retiro: \u201cExiste una absoluta desconexi\u00f3n de los Senadores respecto de las necesidades de las familias\u201d"},"content":{"rendered":"<div class=\"flex_column av_one_full  flex_column_div av-zero-column-padding first  avia-builder-el-0  el_before_av_one_full  avia-builder-el-first  \" style='border-radius:0px; '><div  class='avia-image-container  av-styling-    avia-builder-el-1  avia-builder-el-no-sibling  avia-align-center '  itemprop=\"image\" itemscope=\"itemscope\" itemtype=\"https:\/\/schema.org\/ImageObject\"  ><div class='avia-image-container-inner'><div class='avia-image-overlay-wrap'><img decoding=\"async\" class='wp-image-4876 avia-img-lazy-loading-not-4876 avia_image' src=\"https:\/\/radiorevelacionfm.cl\/wp-content\/uploads\/2021\/06\/CALISTO-1.1-1.jpg\" alt='' title='CALISTO 1.1 (1)' height=\"662\" width=\"1065\"  itemprop=\"thumbnailUrl\" srcset=\"https:\/\/radiorevelacionfm.cl\/wp-content\/uploads\/2021\/06\/CALISTO-1.1-1.jpg 1065w, https:\/\/radiorevelacionfm.cl\/wp-content\/uploads\/2021\/06\/CALISTO-1.1-1-300x186.jpg 300w, https:\/\/radiorevelacionfm.cl\/wp-content\/uploads\/2021\/06\/CALISTO-1.1-1-1030x640.jpg 1030w, https:\/\/radiorevelacionfm.cl\/wp-content\/uploads\/2021\/06\/CALISTO-1.1-1-768x477.jpg 768w, https:\/\/radiorevelacionfm.cl\/wp-content\/uploads\/2021\/06\/CALISTO-1.1-1-705x438.jpg 705w, https:\/\/radiorevelacionfm.cl\/wp-content\/uploads\/2021\/06\/CALISTO-1.1-1-600x373.jpg 600w\" sizes=\"(max-width: 1065px) 100vw, 1065px\" \/><\/div><\/div><\/div><\/div><div class=\"flex_column av_one_full  flex_column_div av-zero-column-padding first  avia-builder-el-2  el_after_av_one_full  el_before_av_one_full  column-top-margin\" style='border-radius:0px; '><section class=\"av_textblock_section \"  itemscope=\"itemscope\" itemtype=\"https:\/\/schema.org\/BlogPosting\" itemprop=\"blogPost\" ><div class='avia_textblock  '   itemprop=\"text\" ><p style=\"font-weight: 400; text-align: center;\"><span style=\"font-size: 18pt;\"><strong>Calisto y rechazo del cuarto retiro: <\/strong><strong>\u201cExiste una absoluta desconexi\u00f3n de los Senadores respecto de las necesidades de las familias\u201d<\/strong><\/span><\/p>\n<div id=\"gtx-trans\" style=\"position: absolute; left: -50px; top: 4.31534px;\">\n<div class=\"gtx-trans-icon\"><\/div>\n<\/div>\n<\/div><\/section><\/div><div class=\"flex_column av_one_full  flex_column_div av-zero-column-padding first  avia-builder-el-4  el_after_av_one_full  el_before_av_hr  column-top-margin\" style='border-radius:0px; '><section class=\"av_textblock_section \"  itemscope=\"itemscope\" itemtype=\"https:\/\/schema.org\/BlogPosting\" itemprop=\"blogPost\" ><div class='avia_textblock  '   itemprop=\"text\" ><p style=\"font-weight: 400; text-align: justify;\">Como lamentable calific\u00f3 el diputado Miguel \u00c1ngel Calisto el rev\u00e9s que sufri\u00f3 el proyecto que permite el cuarto retiro de un porcentaje de los ahorros previsionales, iniciativa que fue rechazada en el Senado y que deber\u00e1 ser analizada por un grupo de diputados y senadores en una comisi\u00f3n mixta.<\/p>\n<p style=\"font-weight: 400; text-align: justify;\">Seg\u00fan el legislador, \u201clamentamos el rechazo del proyecto que permit\u00eda el cuarto Retiro de los fondos de pensiones en el Senado de la Rep\u00fablica. Creemos que existe una absoluta desconexi\u00f3n de los se\u00f1ores Senadores respecto de la necesidad de muchas familias, de muchos trabajadores y microempresarios, que con este dinero ten\u00edan pensado poder complementar sus negocios, emprendimientos o pagar deudas, y as\u00ed no obligarlos a ir a los bancos para poder subsistir despu\u00e9s de la crisis generada por la pandemia\u201d.<\/p>\n<p style=\"font-weight: 400; text-align: justify;\">\u201cSin embargo, hay que ser claro y se\u00f1alarle a la poblaci\u00f3n que el proyecto se va a comisi\u00f3n mixta, donde los diputados van a tener un rol importante, la gente sabe que nosotros aprobamos los tres retiros anteriores. Aqu\u00ed ha existido una actitud por parte del Senado, que nosotros reprochamos y lamentamos\u201d, indic\u00f3 Calisto.<\/p>\n<p style=\"font-weight: 400; text-align: justify;\">Finalmente, el diputado Calisto se\u00f1al\u00f3 que \u201cpor su puesto que vamos a pelear para que este proyecto salga positivamente de la comisi\u00f3n mixta, en beneficio de las familias de clase media y las familias trabajadoras, especialmente a aquellas de las Zonas Extremas. Por nuestra parte, seguiremos trabajando para que este tipo de iniciativas vayan en directo beneficio de nuestras familias\u201d.<\/p>\n<\/div><\/section><\/div><div  style='height:50px' class='hr hr-invisible   avia-builder-el-6  el_after_av_one_full  el_before_av_social_share '><span class='hr-inner ' ><span class='hr-inner-style'><\/span><\/span><\/div><\/p>\n<div  class='av-social-sharing-box  avia-builder-el-7  el_after_av_hr  el_before_av_hr  '><div class='av-share-box'><h5 class='av-share-link-description av-no-toc '>Compartir esta noticia<\/h5><ul class='av-share-box-list noLightbox'><li class='av-share-link av-social-link-facebook' ><a target=\"_blank\" aria-label=\"Compartir en Facebook\" href='https:\/\/www.facebook.com\/sharer.php?u=https:\/\/radiorevelacionfm.cl\/?p=10627&#038;t=Calisto%20y%20rechazo%20del%20cuarto%20retiro%3A%20%E2%80%9CExiste%20una%20absoluta%20desconexi%C3%B3n%20de%20los%20Senadores%20respecto%20de%20las%20necesidades%20de%20las%20familias%E2%80%9D' aria-hidden='false' data-av_icon='\ue8f3' data-av_iconfont='entypo-fontello' title='' data-avia-related-tooltip='Compartir en Facebook' rel=\"noopener\"><span class='avia_hidden_link_text'>Compartir en Facebook<\/span><\/a><\/li><li class='av-share-link av-social-link-twitter' ><a target=\"_blank\" aria-label=\"Compartir en Twitter\" href='https:\/\/twitter.com\/share?text=Calisto%20y%20rechazo%20del%20cuarto%20retiro%3A%20%E2%80%9CExiste%20una%20absoluta%20desconexi%C3%B3n%20de%20los%20Senadores%20respecto%20de%20las%20necesidades%20de%20las%20familias%E2%80%9D&#038;url=https:\/\/radiorevelacionfm.cl\/?p=10627' aria-hidden='false' data-av_icon='\ue8f1' data-av_iconfont='entypo-fontello' title='' data-avia-related-tooltip='Compartir en Twitter' rel=\"noopener\"><span class='avia_hidden_link_text'>Compartir en Twitter<\/span><\/a><\/li><li class='av-share-link av-social-link-whatsapp' ><a target=\"_blank\" aria-label=\"Compartir en Whatsapp\" href='https:\/\/api.whatsapp.com\/send?text=https:\/\/radiorevelacionfm.cl\/?p=10627' aria-hidden='false' data-av_icon='\uf232' data-av_iconfont='entypo-fontello' title='' data-avia-related-tooltip='Compartir en Whatsapp' rel=\"noopener\"><span class='avia_hidden_link_text'>Compartir en Whatsapp<\/span><\/a><\/li><li class='av-share-link av-social-link-linkedin' ><a target=\"_blank\" aria-label=\"Compartir en LinkedIn\" href='https:\/\/linkedin.com\/shareArticle?mini=true&#038;title=Calisto%20y%20rechazo%20del%20cuarto%20retiro%3A%20%E2%80%9CExiste%20una%20absoluta%20desconexi%C3%B3n%20de%20los%20Senadores%20respecto%20de%20las%20necesidades%20de%20las%20familias%E2%80%9D&#038;url=https:\/\/radiorevelacionfm.cl\/?p=10627' aria-hidden='false' data-av_icon='\ue8fc' data-av_iconfont='entypo-fontello' title='' data-avia-related-tooltip='Compartir en LinkedIn' rel=\"noopener\"><span class='avia_hidden_link_text'>Compartir en LinkedIn<\/span><\/a><\/li><li class='av-share-link av-social-link-mail' ><a  aria-label=\"Compartir por correo\" href='mailto:?subject=Calisto%20y%20rechazo%20del%20cuarto%20retiro%3A%20%E2%80%9CExiste%20una%20absoluta%20desconexi%C3%B3n%20de%20los%20Senadores%20respecto%20de%20las%20necesidades%20de%20las%20familias%E2%80%9D&#038;body=https:\/\/radiorevelacionfm.cl\/?p=10627' aria-hidden='false' data-av_icon='\ue805' data-av_iconfont='entypo-fontello' title='' data-avia-related-tooltip='Compartir por correo'><span class='avia_hidden_link_text'>Compartir por correo<\/span><\/a><\/li><\/ul><\/div><\/div>\n<div  style='height:50px' class='hr hr-invisible   avia-builder-el-8  el_after_av_social_share  el_before_av_comments_list '><span class='hr-inner ' ><span class='hr-inner-style'><\/span><\/span><\/div>\n<div  class='av-buildercomment  av-blog-meta-html-info-disabled av-blog-meta-tag-disabled  '><\/div>\n","protected":false},"excerpt":{"rendered":"","protected":false},"author":1,"featured_media":4876,"comment_status":"open","ping_status":"open","sticky":false,"template":"","format":"standard","meta":{"footnotes":""},"categories":[35],"tags":[],"class_list":["post-10627","post","type-post","status-publish","format-standard","has-post-thumbnail","hentry","category-politica"],"jetpack_featured_media_url":"https:\/\/radiorevelacionfm.cl\/wp-content\/uploads\/2021\/06\/CALISTO-1.1-1.jpg","_links":{"self":[{"href":"https:\/\/radiorevelacionfm.cl\/index.php?rest_route=\/wp\/v2\/posts\/10627","targetHints":{"allow":["GET"]}}],"collection":[{"href":"https:\/\/radiorevelacionfm.cl\/index.php?rest_route=\/wp\/v2\/posts"}],"about":[{"href":"https:\/\/radiorevelacionfm.cl\/index.php?rest_route=\/wp\/v2\/types\/post"}],"author":[{"embeddable":true,"href":"https:\/\/radiorevelacionfm.cl\/index.php?rest_route=\/wp\/v2\/users\/1"}],"replies":[{"embeddable":true,"href":"https:\/\/radiorevelacionfm.cl\/index.php?rest_route=%2Fwp%2Fv2%2Fcomments&post=10627"}],"version-history":[{"count":2,"href":"https:\/\/radiorevelacionfm.cl\/index.php?rest_route=\/wp\/v2\/posts\/10627\/revisions"}],"predecessor-version":[{"id":10629,"href":"https:\/\/radiorevelacionfm.cl\/index.php?rest_route=\/wp\/v2\/posts\/10627\/revisions\/10629"}],"wp:featuredmedia":[{"embeddable":true,"href":"https:\/\/radiorevelacionfm.cl\/index.php?rest_route=\/wp\/v2\/media\/4876"}],"wp:attachment":[{"href":"https:\/\/radiorevelacionfm.cl\/index.php?rest_route=%2Fwp%2Fv2%2Fmedia&parent=10627"}],"wp:term":[{"taxonomy":"category","embeddable":true,"href":"https:\/\/radiorevelacionfm.cl\/index.php?rest_route=%2Fwp%2Fv2%2Fcategories&post=10627"},{"taxonomy":"post_tag","embeddable":true,"href":"https:\/\/radiorevelacionfm.cl\/index.php?rest_route=%2Fwp%2Fv2%2Ftags&post=10627"}],"curies":[{"name":"wp","href":"https:\/\/api.w.org\/{rel}","templated":true}]}}