{"id":10623,"date":"2021-11-10T15:14:46","date_gmt":"2021-11-10T18:14:46","guid":{"rendered":"https:\/\/radiorevelacionfm.cl\/?p=10623"},"modified":"2021-11-10T15:14:46","modified_gmt":"2021-11-10T18:14:46","slug":"declaran-admisible-recurso-de-amparo-presentado-por-el-consejero-washington-medina-ante-crisis-de-conectividad","status":"publish","type":"post","link":"https:\/\/radiorevelacionfm.cl\/?p=10623","title":{"rendered":"Declaran admisible recurso de amparo presentado por el Consejero Washington Medina ante crisis de conectividad"},"content":{"rendered":"<div class=\"flex_column av_one_full  flex_column_div av-zero-column-padding first  avia-builder-el-0  el_before_av_one_full  avia-builder-el-first  \" style='border-radius:0px; '><div  class='avia-image-container  av-styling-    avia-builder-el-1  avia-builder-el-no-sibling  avia-align-center '  itemprop=\"image\" itemscope=\"itemscope\" itemtype=\"https:\/\/schema.org\/ImageObject\"  ><div class='avia-image-container-inner'><div class='avia-image-overlay-wrap'><img decoding=\"async\" class='wp-image-10624 avia-img-lazy-loading-not-10624 avia_image' src=\"https:\/\/radiorevelacionfm.cl\/wp-content\/uploads\/2021\/11\/Consejero-Medina-1.jpeg\" alt='' title='Consejero Medina (1)' height=\"600\" width=\"1105\"  itemprop=\"thumbnailUrl\" srcset=\"https:\/\/radiorevelacionfm.cl\/wp-content\/uploads\/2021\/11\/Consejero-Medina-1.jpeg 1105w, https:\/\/radiorevelacionfm.cl\/wp-content\/uploads\/2021\/11\/Consejero-Medina-1-300x163.jpeg 300w, https:\/\/radiorevelacionfm.cl\/wp-content\/uploads\/2021\/11\/Consejero-Medina-1-1030x559.jpeg 1030w, https:\/\/radiorevelacionfm.cl\/wp-content\/uploads\/2021\/11\/Consejero-Medina-1-768x417.jpeg 768w, https:\/\/radiorevelacionfm.cl\/wp-content\/uploads\/2021\/11\/Consejero-Medina-1-705x383.jpeg 705w, https:\/\/radiorevelacionfm.cl\/wp-content\/uploads\/2021\/11\/Consejero-Medina-1-600x326.jpeg 600w\" sizes=\"(max-width: 1105px) 100vw, 1105px\" \/><\/div><\/div><\/div><\/div><div class=\"flex_column av_one_full  flex_column_div av-zero-column-padding first  avia-builder-el-2  el_after_av_one_full  el_before_av_one_full  column-top-margin\" style='border-radius:0px; '><section class=\"av_textblock_section \"  itemscope=\"itemscope\" itemtype=\"https:\/\/schema.org\/BlogPosting\" itemprop=\"blogPost\" ><div class='avia_textblock  '   itemprop=\"text\" ><p style=\"text-align: center;\"><strong><span style=\"font-size: 18pt;\">Declaran admisible recurso de amparo presentado por el Consejero Washington Medina ante crisis de conectividad <\/span><\/strong><\/p>\n<div id=\"gtx-trans\" style=\"position: absolute; left: -50px; top: 4.31534px;\">\n<div class=\"gtx-trans-icon\"><\/div>\n<\/div>\n<\/div><\/section><\/div><div class=\"flex_column av_one_full  flex_column_div av-zero-column-padding first  avia-builder-el-4  el_after_av_one_full  el_before_av_hr  column-top-margin\" style='border-radius:0px; '><section class=\"av_textblock_section \"  itemscope=\"itemscope\" itemtype=\"https:\/\/schema.org\/BlogPosting\" itemprop=\"blogPost\" ><div class='avia_textblock  '   itemprop=\"text\" ><p style=\"text-align: justify;\">El recurso busca exigir al Gobierno el restablecimiento del libre tr\u00e1nsito en la provincia General Carrera.<\/p>\n<p style=\"text-align: justify;\">\u00abAnte el recurso de amparo que interpusimos ante la corte de apelaciones la semana pasada, patrocinada por dirigentes locales por el tema de la conectividad lacustre, estamos muy contentos de que la Corte lo haya declarado admisible\u00bb, afirm\u00f3 el consejero Washington Medina.<\/p>\n<p style=\"text-align: justify;\">\u00abEste es el primer paso, dando 48 horas para que tanto el MOP, como el Ministerio de Transportes y la Delegada Presidencial, entreguen los antecedentes correspondientes para tomar las mejores acciones. Creo que la importancia de este recurso es poder agilizar a la brevedad para que las autoridades regionales entreguen una soluci\u00f3n inmediata para garantizar el transporte lacustre y las vidas de las personas en la comuna de Chile Chico\u00bb, coment\u00f3.<\/p>\n<p style=\"text-align: justify;\">El consejero regional, adem\u00e1s, ha manifestado a la Gobernadora Andrea Mac\u00edas poder oficiar en conjunto al Ministro de Obras P\u00fablicas para que d\u00e9 claridad sobre el motor que se encuentra en bodegas municipales y que deber\u00eda ser usado para la barcaza Tehuelche. \u00abNo podemos dejar a este motor deambulando, porque son recursos del Estado y debemos garantizar que la barcaza quede en \u00f3ptimas condiciones\u00bb.<\/p>\n<\/div><\/section><\/div><div  style='height:50px' class='hr hr-invisible   avia-builder-el-6  el_after_av_one_full  el_before_av_social_share '><span class='hr-inner ' ><span class='hr-inner-style'><\/span><\/span><\/div><\/p>\n<div  class='av-social-sharing-box  avia-builder-el-7  el_after_av_hr  el_before_av_hr  '><div class='av-share-box'><h5 class='av-share-link-description av-no-toc '>Compartir esta noticia<\/h5><ul class='av-share-box-list noLightbox'><li class='av-share-link av-social-link-facebook' ><a target=\"_blank\" aria-label=\"Compartir en Facebook\" href='https:\/\/www.facebook.com\/sharer.php?u=https:\/\/radiorevelacionfm.cl\/?p=10623&#038;t=Declaran%20admisible%20recurso%20de%20amparo%20presentado%20por%20el%20Consejero%20Washington%20Medina%20ante%20crisis%20de%20conectividad' aria-hidden='false' data-av_icon='\ue8f3' data-av_iconfont='entypo-fontello' title='' data-avia-related-tooltip='Compartir en Facebook' rel=\"noopener\"><span class='avia_hidden_link_text'>Compartir en Facebook<\/span><\/a><\/li><li class='av-share-link av-social-link-twitter' ><a target=\"_blank\" aria-label=\"Compartir en Twitter\" href='https:\/\/twitter.com\/share?text=Declaran%20admisible%20recurso%20de%20amparo%20presentado%20por%20el%20Consejero%20Washington%20Medina%20ante%20crisis%20de%20conectividad&#038;url=https:\/\/radiorevelacionfm.cl\/?p=10623' aria-hidden='false' data-av_icon='\ue8f1' data-av_iconfont='entypo-fontello' title='' data-avia-related-tooltip='Compartir en Twitter' rel=\"noopener\"><span class='avia_hidden_link_text'>Compartir en Twitter<\/span><\/a><\/li><li class='av-share-link av-social-link-whatsapp' ><a target=\"_blank\" aria-label=\"Compartir en Whatsapp\" href='https:\/\/api.whatsapp.com\/send?text=https:\/\/radiorevelacionfm.cl\/?p=10623' aria-hidden='false' data-av_icon='\uf232' data-av_iconfont='entypo-fontello' title='' data-avia-related-tooltip='Compartir en Whatsapp' rel=\"noopener\"><span class='avia_hidden_link_text'>Compartir en Whatsapp<\/span><\/a><\/li><li class='av-share-link av-social-link-linkedin' ><a target=\"_blank\" aria-label=\"Compartir en LinkedIn\" href='https:\/\/linkedin.com\/shareArticle?mini=true&#038;title=Declaran%20admisible%20recurso%20de%20amparo%20presentado%20por%20el%20Consejero%20Washington%20Medina%20ante%20crisis%20de%20conectividad&#038;url=https:\/\/radiorevelacionfm.cl\/?p=10623' aria-hidden='false' data-av_icon='\ue8fc' data-av_iconfont='entypo-fontello' title='' data-avia-related-tooltip='Compartir en LinkedIn' rel=\"noopener\"><span class='avia_hidden_link_text'>Compartir en LinkedIn<\/span><\/a><\/li><li class='av-share-link av-social-link-mail' ><a  aria-label=\"Compartir por correo\" href='mailto:?subject=Declaran%20admisible%20recurso%20de%20amparo%20presentado%20por%20el%20Consejero%20Washington%20Medina%20ante%20crisis%20de%20conectividad&#038;body=https:\/\/radiorevelacionfm.cl\/?p=10623' aria-hidden='false' data-av_icon='\ue805' data-av_iconfont='entypo-fontello' title='' data-avia-related-tooltip='Compartir por correo'><span class='avia_hidden_link_text'>Compartir por correo<\/span><\/a><\/li><\/ul><\/div><\/div>\n<div  style='height:50px' class='hr hr-invisible   avia-builder-el-8  el_after_av_social_share  el_before_av_comments_list '><span class='hr-inner ' ><span class='hr-inner-style'><\/span><\/span><\/div>\n<div  class='av-buildercomment  av-blog-meta-html-info-disabled av-blog-meta-tag-disabled  '><\/div>\n","protected":false},"excerpt":{"rendered":"","protected":false},"author":1,"featured_media":10624,"comment_status":"open","ping_status":"open","sticky":false,"template":"","format":"standard","meta":{"footnotes":""},"categories":[38],"tags":[],"class_list":["post-10623","post","type-post","status-publish","format-standard","has-post-thumbnail","hentry","category-regional"],"jetpack_featured_media_url":"https:\/\/radiorevelacionfm.cl\/wp-content\/uploads\/2021\/11\/Consejero-Medina-1.jpeg","_links":{"self":[{"href":"https:\/\/radiorevelacionfm.cl\/index.php?rest_route=\/wp\/v2\/posts\/10623","targetHints":{"allow":["GET"]}}],"collection":[{"href":"https:\/\/radiorevelacionfm.cl\/index.php?rest_route=\/wp\/v2\/posts"}],"about":[{"href":"https:\/\/radiorevelacionfm.cl\/index.php?rest_route=\/wp\/v2\/types\/post"}],"author":[{"embeddable":true,"href":"https:\/\/radiorevelacionfm.cl\/index.php?rest_route=\/wp\/v2\/users\/1"}],"replies":[{"embeddable":true,"href":"https:\/\/radiorevelacionfm.cl\/index.php?rest_route=%2Fwp%2Fv2%2Fcomments&post=10623"}],"version-history":[{"count":2,"href":"https:\/\/radiorevelacionfm.cl\/index.php?rest_route=\/wp\/v2\/posts\/10623\/revisions"}],"predecessor-version":[{"id":10626,"href":"https:\/\/radiorevelacionfm.cl\/index.php?rest_route=\/wp\/v2\/posts\/10623\/revisions\/10626"}],"wp:featuredmedia":[{"embeddable":true,"href":"https:\/\/radiorevelacionfm.cl\/index.php?rest_route=\/wp\/v2\/media\/10624"}],"wp:attachment":[{"href":"https:\/\/radiorevelacionfm.cl\/index.php?rest_route=%2Fwp%2Fv2%2Fmedia&parent=10623"}],"wp:term":[{"taxonomy":"category","embeddable":true,"href":"https:\/\/radiorevelacionfm.cl\/index.php?rest_route=%2Fwp%2Fv2%2Fcategories&post=10623"},{"taxonomy":"post_tag","embeddable":true,"href":"https:\/\/radiorevelacionfm.cl\/index.php?rest_route=%2Fwp%2Fv2%2Ftags&post=10623"}],"curies":[{"name":"wp","href":"https:\/\/api.w.org\/{rel}","templated":true}]}}