{"id":10619,"date":"2021-11-10T11:34:26","date_gmt":"2021-11-10T14:34:26","guid":{"rendered":"https:\/\/radiorevelacionfm.cl\/?p=10619"},"modified":"2021-11-10T11:34:26","modified_gmt":"2021-11-10T14:34:26","slug":"hospital-de-puerto-aysen-cuenta-con-nuevo-pabellon-pediatrico-inclusivo","status":"publish","type":"post","link":"https:\/\/radiorevelacionfm.cl\/?p=10619","title":{"rendered":"Hospital de Puerto Ays\u00e9n cuenta con nuevo Pabell\u00f3n Pedi\u00e1trico Inclusivo"},"content":{"rendered":"<div class=\"flex_column av_one_full  flex_column_div av-zero-column-padding first  avia-builder-el-0  el_before_av_one_full  avia-builder-el-first  \" style='border-radius:0px; '><div  class='avia-image-container  av-styling-    avia-builder-el-1  avia-builder-el-no-sibling  avia-align-center '  itemprop=\"image\" itemscope=\"itemscope\" itemtype=\"https:\/\/schema.org\/ImageObject\"  ><div class='avia-image-container-inner'><div class='avia-image-overlay-wrap'><img decoding=\"async\" class='wp-image-10620 avia-img-lazy-loading-not-10620 avia_image' src=\"https:\/\/radiorevelacionfm.cl\/wp-content\/uploads\/2021\/11\/recepciOn-pabellOn-0001-1_optimized.jpg\" alt='' title='recepci\u00d3n-pabell\u00d3n---0001-(1)_optimized' height=\"600\" width=\"900\"  itemprop=\"thumbnailUrl\" srcset=\"https:\/\/radiorevelacionfm.cl\/wp-content\/uploads\/2021\/11\/recepciOn-pabellOn-0001-1_optimized.jpg 900w, https:\/\/radiorevelacionfm.cl\/wp-content\/uploads\/2021\/11\/recepciOn-pabellOn-0001-1_optimized-300x200.jpg 300w, https:\/\/radiorevelacionfm.cl\/wp-content\/uploads\/2021\/11\/recepciOn-pabellOn-0001-1_optimized-768x512.jpg 768w, https:\/\/radiorevelacionfm.cl\/wp-content\/uploads\/2021\/11\/recepciOn-pabellOn-0001-1_optimized-705x470.jpg 705w, https:\/\/radiorevelacionfm.cl\/wp-content\/uploads\/2021\/11\/recepciOn-pabellOn-0001-1_optimized-600x400.jpg 600w\" sizes=\"(max-width: 900px) 100vw, 900px\" \/><\/div><\/div><\/div><\/div><div class=\"flex_column av_one_full  flex_column_div av-zero-column-padding first  avia-builder-el-2  el_after_av_one_full  el_before_av_one_full  column-top-margin\" style='border-radius:0px; '><section class=\"av_textblock_section \"  itemscope=\"itemscope\" itemtype=\"https:\/\/schema.org\/BlogPosting\" itemprop=\"blogPost\" ><div class='avia_textblock  '   itemprop=\"text\" ><p style=\"text-align: center;\"><strong><span style=\"font-size: 18pt;\">Hospital de Puerto Ays\u00e9n cuenta con nuevo Pabell\u00f3n Pedi\u00e1trico Inclusivo<\/span><\/strong><\/p>\n<div id=\"gtx-trans\" style=\"position: absolute; left: -50px; top: 4.31534px;\">\n<div class=\"gtx-trans-icon\"><\/div>\n<\/div>\n<\/div><\/section><\/div><div class=\"flex_column av_one_full  flex_column_div av-zero-column-padding first  avia-builder-el-4  el_after_av_one_full  el_before_av_hr  column-top-margin\" style='border-radius:0px; '><section class=\"av_textblock_section \"  itemscope=\"itemscope\" itemtype=\"https:\/\/schema.org\/BlogPosting\" itemprop=\"blogPost\" ><div class='avia_textblock  '   itemprop=\"text\" ><p style=\"text-align: justify;\">Con la presencia de Gabriel Burgos Salas, director del Servicio de Salud Ays\u00e9n; Julio Uribe, Alcalde de la Ilustre Municipalidad de Ays\u00e9n; Claudio Arriagada, director del Hospital de Puerto Ays\u00e9n; Ximena Ruiz presidenta del Consejo Consultivo de Salud de Puerto Ays\u00e9n, y acompa\u00f1ados de la Agrupaci\u00f3n Social de Patolog\u00edas Diferentes, ejecutantes del proyecto, m\u00e1s representantes de organizaciones sociales de la comuna, el recinto hospitalario recibi\u00f3 el Pabell\u00f3n Pedi\u00e1trico Inclusivo, iniciativa que busca entregar prestaciones a ni\u00f1as, ni\u00f1os y adolescentes en un entorno m\u00e1s amigable, emp\u00e1tico y satisfactorio.<\/p>\n<p style=\"text-align: justify;\">En la ceremonia de entrega y recepci\u00f3n, Gabriel Burgos Salas, director del Servicio de Salud Ays\u00e9n, agradeci\u00f3 esta iniciativa que ir\u00e1 en directo beneficio de los usuarios m\u00e1s peque\u00f1os de la Red Asistencial \u00abes un pabell\u00f3n que se ha reacondicionado, que logra relevarlos de la situaci\u00f3n de urgencia de tener que asistir a un pabell\u00f3n. Es una iniciativa muy importante, ya que es el \u00fanico hospital en Chile que cuenta con esta modalidad, y por lo tanto, tambi\u00e9n tenemos el compromiso de aumentar estas cirug\u00edas y descomprimir el Hospital Regional Coyhaique con el tratamiento de patolog\u00edas y procedimientos que se puedan realizar en Puerto Ays\u00e9n\u00bb.<\/p>\n<p style=\"text-align: justify;\">Por su parte, Claudio Arriagada, director del Hospital de Puerto Ays\u00e9n, agradeci\u00f3 el trabajo y realizado por la Agrupaci\u00f3n Social de Patolog\u00edas Diferentes, asegur\u00f3 que \u201ccomo Hospital estamos muy contentos por la puesta en marcha del Pabell\u00f3n Pedi\u00e1trico Inclusivo. En enero pr\u00f3ximo llega un Cirujano infantil para darle el m\u00e1ximo de provecho a esta propuesta de inclusi\u00f3n y que se suma a otras iniciativas que est\u00e1n en marcha, como por ejemplo en el \u00e1rea odontol\u00f3gica, donde cada 15 d\u00edas el pabell\u00f3n realiza tratamientos odontol\u00f3gicos con anestesia general a ni\u00f1os con discapacidad y, por otro lado, en el \u00e1rea de Pediatr\u00eda, tenemos a un Pediatra destinado a ni\u00f1os con necesidades especiales. Por lo tanto, creemos que esta estrategia engloba a que el Hospital de Puerto Ays\u00e9n pueda destacarse como uno de los principales hospitales del pa\u00eds 100% inclusivos\u201d.<\/p>\n<p style=\"text-align: justify;\">Por su parte, Julio Uribe, alcalde de la comuna, destac\u00f3 la importancia de lo que significa la iniciativa para el recinto hospitalario \u201ces una maravilla lo que est\u00e1 ocurriendo en el Hospital de Puerto Ays\u00e9n. Para nosotros, como alcalde y concejales, es muy importante lo que est\u00e1 sucediendo respecto a la infraestructura, que es una de las mejores del pa\u00eds, que se suma a la pronta llegada de especialistas en el mes de enero. Parte de los recursos de la implementaci\u00f3n fueron del municipio y es importante generar estas instancias en las que tambi\u00e9n podamos colaborar\u201d.<\/p>\n<p style=\"text-align: justify;\">En tanto, Ximena Ruiz, presidenta del Consejo Consultivo de Salud del Hospital de Puerto Ays\u00e9n, fue enf\u00e1tica en el aporte que significar\u00e1 la instalaci\u00f3n de este pabell\u00f3n y la pronta llegada de especialistas al HPA \u201cesperamos que este 2022 se pueda concretar con la llegada de especialistas, que pueda comenzar a operar a nuestros ni\u00f1os con la llegada de un cirujano infantil, descongestionando el Hospital Regional Coyhaique y atender de la mejor manera a todos los pacientes que puedan pasar por este pabell\u00f3n\u201d.<\/p>\n<\/div><\/section><\/div><div  style='height:50px' class='hr hr-invisible   avia-builder-el-6  el_after_av_one_full  el_before_av_social_share '><span class='hr-inner ' ><span class='hr-inner-style'><\/span><\/span><\/div><\/p>\n<div  class='av-social-sharing-box  avia-builder-el-7  el_after_av_hr  el_before_av_hr  '><div class='av-share-box'><h5 class='av-share-link-description av-no-toc '>Compartir esta noticia<\/h5><ul class='av-share-box-list noLightbox'><li class='av-share-link av-social-link-facebook' ><a target=\"_blank\" aria-label=\"Compartir en Facebook\" href='https:\/\/www.facebook.com\/sharer.php?u=https:\/\/radiorevelacionfm.cl\/?p=10619&#038;t=Hospital%20de%20Puerto%20Ays%C3%A9n%20cuenta%20con%20nuevo%20Pabell%C3%B3n%20Pedi%C3%A1trico%20Inclusivo' aria-hidden='false' data-av_icon='\ue8f3' data-av_iconfont='entypo-fontello' title='' data-avia-related-tooltip='Compartir en Facebook' rel=\"noopener\"><span class='avia_hidden_link_text'>Compartir en Facebook<\/span><\/a><\/li><li class='av-share-link av-social-link-twitter' ><a target=\"_blank\" aria-label=\"Compartir en Twitter\" href='https:\/\/twitter.com\/share?text=Hospital%20de%20Puerto%20Ays%C3%A9n%20cuenta%20con%20nuevo%20Pabell%C3%B3n%20Pedi%C3%A1trico%20Inclusivo&#038;url=https:\/\/radiorevelacionfm.cl\/?p=10619' aria-hidden='false' data-av_icon='\ue8f1' data-av_iconfont='entypo-fontello' title='' data-avia-related-tooltip='Compartir en Twitter' rel=\"noopener\"><span class='avia_hidden_link_text'>Compartir en Twitter<\/span><\/a><\/li><li class='av-share-link av-social-link-whatsapp' ><a target=\"_blank\" aria-label=\"Compartir en Whatsapp\" href='https:\/\/api.whatsapp.com\/send?text=https:\/\/radiorevelacionfm.cl\/?p=10619' aria-hidden='false' data-av_icon='\uf232' data-av_iconfont='entypo-fontello' title='' data-avia-related-tooltip='Compartir en Whatsapp' rel=\"noopener\"><span class='avia_hidden_link_text'>Compartir en Whatsapp<\/span><\/a><\/li><li class='av-share-link av-social-link-linkedin' ><a target=\"_blank\" aria-label=\"Compartir en LinkedIn\" href='https:\/\/linkedin.com\/shareArticle?mini=true&#038;title=Hospital%20de%20Puerto%20Ays%C3%A9n%20cuenta%20con%20nuevo%20Pabell%C3%B3n%20Pedi%C3%A1trico%20Inclusivo&#038;url=https:\/\/radiorevelacionfm.cl\/?p=10619' aria-hidden='false' data-av_icon='\ue8fc' data-av_iconfont='entypo-fontello' title='' data-avia-related-tooltip='Compartir en LinkedIn' rel=\"noopener\"><span class='avia_hidden_link_text'>Compartir en LinkedIn<\/span><\/a><\/li><li class='av-share-link av-social-link-mail' ><a  aria-label=\"Compartir por correo\" href='mailto:?subject=Hospital%20de%20Puerto%20Ays%C3%A9n%20cuenta%20con%20nuevo%20Pabell%C3%B3n%20Pedi%C3%A1trico%20Inclusivo&#038;body=https:\/\/radiorevelacionfm.cl\/?p=10619' aria-hidden='false' data-av_icon='\ue805' data-av_iconfont='entypo-fontello' title='' data-avia-related-tooltip='Compartir por correo'><span class='avia_hidden_link_text'>Compartir por correo<\/span><\/a><\/li><\/ul><\/div><\/div>\n<div  style='height:50px' class='hr hr-invisible   avia-builder-el-8  el_after_av_social_share  el_before_av_comments_list '><span class='hr-inner ' ><span class='hr-inner-style'><\/span><\/span><\/div>\n<div  class='av-buildercomment  av-blog-meta-html-info-disabled av-blog-meta-tag-disabled  '><\/div>\n","protected":false},"excerpt":{"rendered":"","protected":false},"author":1,"featured_media":10620,"comment_status":"open","ping_status":"open","sticky":false,"template":"","format":"standard","meta":{"footnotes":""},"categories":[46],"tags":[],"class_list":["post-10619","post","type-post","status-publish","format-standard","has-post-thumbnail","hentry","category-salud"],"jetpack_featured_media_url":"https:\/\/radiorevelacionfm.cl\/wp-content\/uploads\/2021\/11\/recepciOn-pabellOn-0001-1_optimized.jpg","_links":{"self":[{"href":"https:\/\/radiorevelacionfm.cl\/index.php?rest_route=\/wp\/v2\/posts\/10619","targetHints":{"allow":["GET"]}}],"collection":[{"href":"https:\/\/radiorevelacionfm.cl\/index.php?rest_route=\/wp\/v2\/posts"}],"about":[{"href":"https:\/\/radiorevelacionfm.cl\/index.php?rest_route=\/wp\/v2\/types\/post"}],"author":[{"embeddable":true,"href":"https:\/\/radiorevelacionfm.cl\/index.php?rest_route=\/wp\/v2\/users\/1"}],"replies":[{"embeddable":true,"href":"https:\/\/radiorevelacionfm.cl\/index.php?rest_route=%2Fwp%2Fv2%2Fcomments&post=10619"}],"version-history":[{"count":2,"href":"https:\/\/radiorevelacionfm.cl\/index.php?rest_route=\/wp\/v2\/posts\/10619\/revisions"}],"predecessor-version":[{"id":10622,"href":"https:\/\/radiorevelacionfm.cl\/index.php?rest_route=\/wp\/v2\/posts\/10619\/revisions\/10622"}],"wp:featuredmedia":[{"embeddable":true,"href":"https:\/\/radiorevelacionfm.cl\/index.php?rest_route=\/wp\/v2\/media\/10620"}],"wp:attachment":[{"href":"https:\/\/radiorevelacionfm.cl\/index.php?rest_route=%2Fwp%2Fv2%2Fmedia&parent=10619"}],"wp:term":[{"taxonomy":"category","embeddable":true,"href":"https:\/\/radiorevelacionfm.cl\/index.php?rest_route=%2Fwp%2Fv2%2Fcategories&post=10619"},{"taxonomy":"post_tag","embeddable":true,"href":"https:\/\/radiorevelacionfm.cl\/index.php?rest_route=%2Fwp%2Fv2%2Ftags&post=10619"}],"curies":[{"name":"wp","href":"https:\/\/api.w.org\/{rel}","templated":true}]}}