{"id":10615,"date":"2021-11-10T11:13:32","date_gmt":"2021-11-10T14:13:32","guid":{"rendered":"https:\/\/radiorevelacionfm.cl\/?p=10615"},"modified":"2021-11-10T11:13:32","modified_gmt":"2021-11-10T14:13:32","slug":"productora-regional-se-adjudica-fondo-de-fortalecimiento-audiovisual","status":"publish","type":"post","link":"https:\/\/radiorevelacionfm.cl\/?p=10615","title":{"rendered":"Productora regional se adjudica Fondo de Fortalecimiento Audiovisual"},"content":{"rendered":"<div class=\"flex_column av_one_full  flex_column_div av-zero-column-padding first  avia-builder-el-0  el_before_av_one_full  avia-builder-el-first  \" style='border-radius:0px; '><div  class='avia-image-container  av-styling-    avia-builder-el-1  avia-builder-el-no-sibling  avia-align-center '  itemprop=\"image\" itemscope=\"itemscope\" itemtype=\"https:\/\/schema.org\/ImageObject\"  ><div class='avia-image-container-inner'><div class='avia-image-overlay-wrap'><img decoding=\"async\" class='wp-image-10616 avia-img-lazy-loading-not-10616 avia_image' src=\"https:\/\/radiorevelacionfm.cl\/wp-content\/uploads\/2021\/11\/catarsis-1-1_optimized.jpeg\" alt='' title='catarsis-1-(1)_optimized' height=\"600\" width=\"1067\"  itemprop=\"thumbnailUrl\" srcset=\"https:\/\/radiorevelacionfm.cl\/wp-content\/uploads\/2021\/11\/catarsis-1-1_optimized.jpeg 1067w, https:\/\/radiorevelacionfm.cl\/wp-content\/uploads\/2021\/11\/catarsis-1-1_optimized-300x169.jpeg 300w, https:\/\/radiorevelacionfm.cl\/wp-content\/uploads\/2021\/11\/catarsis-1-1_optimized-1030x579.jpeg 1030w, https:\/\/radiorevelacionfm.cl\/wp-content\/uploads\/2021\/11\/catarsis-1-1_optimized-768x432.jpeg 768w, https:\/\/radiorevelacionfm.cl\/wp-content\/uploads\/2021\/11\/catarsis-1-1_optimized-705x396.jpeg 705w, https:\/\/radiorevelacionfm.cl\/wp-content\/uploads\/2021\/11\/catarsis-1-1_optimized-600x337.jpeg 600w\" sizes=\"(max-width: 1067px) 100vw, 1067px\" \/><\/div><\/div><\/div><\/div><div class=\"flex_column av_one_full  flex_column_div av-zero-column-padding first  avia-builder-el-2  el_after_av_one_full  el_before_av_one_full  column-top-margin\" style='border-radius:0px; '><section class=\"av_textblock_section \"  itemscope=\"itemscope\" itemtype=\"https:\/\/schema.org\/BlogPosting\" itemprop=\"blogPost\" ><div class='avia_textblock  '   itemprop=\"text\" ><p class=\"CuerpoA\" style=\"text-align: center;\"><span class=\"Ninguno\" style=\"font-size: 18pt;\"><b><span lang=\"ES-TRAD\">Productora regional se adjudica Fondo de Fortalecimiento Audiovisual<\/span><\/b><\/span><\/p>\n<div id=\"gtx-trans\" style=\"position: absolute; left: -50px; top: 4.31534px;\">\n<div class=\"gtx-trans-icon\"><\/div>\n<\/div>\n<\/div><\/section><\/div><div class=\"flex_column av_one_full  flex_column_div av-zero-column-padding first  avia-builder-el-4  el_after_av_one_full  el_before_av_hr  column-top-margin\" style='border-radius:0px; '><section class=\"av_textblock_section \"  itemscope=\"itemscope\" itemtype=\"https:\/\/schema.org\/BlogPosting\" itemprop=\"blogPost\" ><div class='avia_textblock  '   itemprop=\"text\" ><p style=\"text-align: justify;\">La productora Catarsis Films gan\u00f3 la convocatoria del Fondo Audiovisual en su l\u00ednea de Fortalecimiento de Empresas Audiovisuales 2021 del Ministerio de las Culturas, las Artes y el Patrimonio.<\/p>\n<p style=\"text-align: justify;\">Se trata de un fondo de cultura que entrega financiamiento total o parcial para empresas audiovisuales que buscan fortalecer su crecimiento, competitividad y diversificaci\u00f3n. En el caso de Catarsis Films, los recursos ser\u00e1n destinados a la capacitaci\u00f3n de directores y productores regionales para formarlos en producci\u00f3n ejecutiva y en tres becas de ingl\u00e9s para perfeccionar sus capacidades.<\/p>\n<p style=\"text-align: justify;\">\u201cEs una gran noticia\u201d, dice Ver\u00f3nica D\u00edaz, Seremi de Culturas Ays\u00e9n, y a\u00f1ade que \u201cesto permite que la industria audiovisual de la Regi\u00f3n de Ays\u00e9n contin\u00fae creciendo y adquiriendo nuevas herramientas que permitir\u00e1n, sin duda, aumentar sus alternativas de producci\u00f3n y distribuci\u00f3n de sus creaciones. Esto es muy importante porque, adem\u00e1s, a la larga visibiliza nuestro territorio y sus contenidos\u201d.<\/p>\n<p style=\"text-align: justify;\">Osvaldo Oyarce, director de Catarsis Films, dice que \u201ceste fondo es un tremendo apoyo porque una de las cosas que siempre son deficientes son las brechas que tienen que ver con la formaci\u00f3n en producci\u00f3n ejecutiva. Es necesario entender c\u00f3mo funciona el mercado audiovisual y que las pel\u00edculas, series o webseries abren un abanico de posibilidades\u201d.<\/p>\n<p style=\"text-align: justify;\">Oyarce, quien acaba de finalizar un Diplomado en exhibici\u00f3n y distribuci\u00f3n de cine en la Universidad Nacional de Villa Mar\u00eda en C\u00f3rdoba, Argentina, piensa que con la pandemia \u201ccambi\u00f3 el paradigma de producci\u00f3n y distribuci\u00f3n porque los contenidos hay que pensarlos desde la creaci\u00f3n con enfoques hacia la distribuci\u00f3n. Y estos recursos, a nivel local, permitir\u00e1n que el sector se siga profesionalizando y que nosotros despu\u00e9s podamos en conjunto con otros realizadores potenciar de mejor manera los proyectos que se empiecen a realizar\u201d.<\/p>\n<p style=\"text-align: justify;\">Hasta el 29 de noviembre permanecer\u00e1n abiertas las convocatorias de Fondos de Cultura de Programas de P\u00fablicos del Audiovisual 2021 y el Concurso XX Muestra Nacional de Dramaturgia. Para m\u00e1s informaci\u00f3n y convocatorias, visite <a href=\"http:\/\/www.fondosdecultura.cl\">www.fondosdecultura.cl<\/a><\/p>\n<\/div><\/section><\/div><div  style='height:50px' class='hr hr-invisible   avia-builder-el-6  el_after_av_one_full  el_before_av_social_share '><span class='hr-inner ' ><span class='hr-inner-style'><\/span><\/span><\/div><\/p>\n<div  class='av-social-sharing-box  avia-builder-el-7  el_after_av_hr  el_before_av_hr  '><div class='av-share-box'><h5 class='av-share-link-description av-no-toc '>Compartir esta noticia<\/h5><ul class='av-share-box-list noLightbox'><li class='av-share-link av-social-link-facebook' ><a target=\"_blank\" aria-label=\"Compartir en Facebook\" href='https:\/\/www.facebook.com\/sharer.php?u=https:\/\/radiorevelacionfm.cl\/?p=10615&#038;t=Productora%20regional%20se%20adjudica%20Fondo%20de%20Fortalecimiento%20Audiovisual' aria-hidden='false' data-av_icon='\ue8f3' data-av_iconfont='entypo-fontello' title='' data-avia-related-tooltip='Compartir en Facebook' rel=\"noopener\"><span class='avia_hidden_link_text'>Compartir en Facebook<\/span><\/a><\/li><li class='av-share-link av-social-link-twitter' ><a target=\"_blank\" aria-label=\"Compartir en Twitter\" href='https:\/\/twitter.com\/share?text=Productora%20regional%20se%20adjudica%20Fondo%20de%20Fortalecimiento%20Audiovisual&#038;url=https:\/\/radiorevelacionfm.cl\/?p=10615' aria-hidden='false' data-av_icon='\ue8f1' data-av_iconfont='entypo-fontello' title='' data-avia-related-tooltip='Compartir en Twitter' rel=\"noopener\"><span class='avia_hidden_link_text'>Compartir en Twitter<\/span><\/a><\/li><li class='av-share-link av-social-link-whatsapp' ><a target=\"_blank\" aria-label=\"Compartir en Whatsapp\" href='https:\/\/api.whatsapp.com\/send?text=https:\/\/radiorevelacionfm.cl\/?p=10615' aria-hidden='false' data-av_icon='\uf232' data-av_iconfont='entypo-fontello' title='' data-avia-related-tooltip='Compartir en Whatsapp' rel=\"noopener\"><span class='avia_hidden_link_text'>Compartir en Whatsapp<\/span><\/a><\/li><li class='av-share-link av-social-link-linkedin' ><a target=\"_blank\" aria-label=\"Compartir en LinkedIn\" href='https:\/\/linkedin.com\/shareArticle?mini=true&#038;title=Productora%20regional%20se%20adjudica%20Fondo%20de%20Fortalecimiento%20Audiovisual&#038;url=https:\/\/radiorevelacionfm.cl\/?p=10615' aria-hidden='false' data-av_icon='\ue8fc' data-av_iconfont='entypo-fontello' title='' data-avia-related-tooltip='Compartir en LinkedIn' rel=\"noopener\"><span class='avia_hidden_link_text'>Compartir en LinkedIn<\/span><\/a><\/li><li class='av-share-link av-social-link-mail' ><a  aria-label=\"Compartir por correo\" href='mailto:?subject=Productora%20regional%20se%20adjudica%20Fondo%20de%20Fortalecimiento%20Audiovisual&#038;body=https:\/\/radiorevelacionfm.cl\/?p=10615' aria-hidden='false' data-av_icon='\ue805' data-av_iconfont='entypo-fontello' title='' data-avia-related-tooltip='Compartir por correo'><span class='avia_hidden_link_text'>Compartir por correo<\/span><\/a><\/li><\/ul><\/div><\/div>\n<div  style='height:50px' class='hr hr-invisible   avia-builder-el-8  el_after_av_social_share  el_before_av_comments_list '><span class='hr-inner ' ><span class='hr-inner-style'><\/span><\/span><\/div>\n<div  class='av-buildercomment  av-blog-meta-html-info-disabled av-blog-meta-tag-disabled  '><\/div>\n","protected":false},"excerpt":{"rendered":"","protected":false},"author":1,"featured_media":10616,"comment_status":"open","ping_status":"open","sticky":false,"template":"","format":"standard","meta":{"footnotes":""},"categories":[52],"tags":[],"class_list":["post-10615","post","type-post","status-publish","format-standard","has-post-thumbnail","hentry","category-cultura"],"jetpack_featured_media_url":"https:\/\/radiorevelacionfm.cl\/wp-content\/uploads\/2021\/11\/catarsis-1-1_optimized.jpeg","_links":{"self":[{"href":"https:\/\/radiorevelacionfm.cl\/index.php?rest_route=\/wp\/v2\/posts\/10615","targetHints":{"allow":["GET"]}}],"collection":[{"href":"https:\/\/radiorevelacionfm.cl\/index.php?rest_route=\/wp\/v2\/posts"}],"about":[{"href":"https:\/\/radiorevelacionfm.cl\/index.php?rest_route=\/wp\/v2\/types\/post"}],"author":[{"embeddable":true,"href":"https:\/\/radiorevelacionfm.cl\/index.php?rest_route=\/wp\/v2\/users\/1"}],"replies":[{"embeddable":true,"href":"https:\/\/radiorevelacionfm.cl\/index.php?rest_route=%2Fwp%2Fv2%2Fcomments&post=10615"}],"version-history":[{"count":2,"href":"https:\/\/radiorevelacionfm.cl\/index.php?rest_route=\/wp\/v2\/posts\/10615\/revisions"}],"predecessor-version":[{"id":10618,"href":"https:\/\/radiorevelacionfm.cl\/index.php?rest_route=\/wp\/v2\/posts\/10615\/revisions\/10618"}],"wp:featuredmedia":[{"embeddable":true,"href":"https:\/\/radiorevelacionfm.cl\/index.php?rest_route=\/wp\/v2\/media\/10616"}],"wp:attachment":[{"href":"https:\/\/radiorevelacionfm.cl\/index.php?rest_route=%2Fwp%2Fv2%2Fmedia&parent=10615"}],"wp:term":[{"taxonomy":"category","embeddable":true,"href":"https:\/\/radiorevelacionfm.cl\/index.php?rest_route=%2Fwp%2Fv2%2Fcategories&post=10615"},{"taxonomy":"post_tag","embeddable":true,"href":"https:\/\/radiorevelacionfm.cl\/index.php?rest_route=%2Fwp%2Fv2%2Ftags&post=10615"}],"curies":[{"name":"wp","href":"https:\/\/api.w.org\/{rel}","templated":true}]}}