{"id":10601,"date":"2021-11-09T20:12:22","date_gmt":"2021-11-09T23:12:22","guid":{"rendered":"https:\/\/radiorevelacionfm.cl\/?p=10601"},"modified":"2021-11-09T20:31:10","modified_gmt":"2021-11-09T23:31:10","slug":"carabineros-evita-tragedia-y-detuvo-a-sujeto-por-amenazas-de-muerte-con-un-hacha-en-coyhaique","status":"publish","type":"post","link":"https:\/\/radiorevelacionfm.cl\/?p=10601","title":{"rendered":"Carabineros evita tragedia y detuvo a sujeto por amenazas de muerte con un hacha en Coyhaique"},"content":{"rendered":"<div class=\"flex_column av_one_full  flex_column_div av-zero-column-padding first  avia-builder-el-0  el_before_av_one_full  avia-builder-el-first  \" style='border-radius:0px; '><div  class='avia-image-container  av-styling-    avia-builder-el-1  avia-builder-el-no-sibling  avia-align-center '  itemprop=\"image\" itemscope=\"itemscope\" itemtype=\"https:\/\/schema.org\/ImageObject\"  ><div class='avia-image-container-inner'><div class='avia-image-overlay-wrap'><img decoding=\"async\" class='wp-image-10606 avia-img-lazy-loading-not-10606 avia_image' src=\"https:\/\/radiorevelacionfm.cl\/wp-content\/uploads\/2021\/11\/evidencia-2-1_optimized.jpg\" alt='' title='evidencia-(2)-(1)_optimized' height=\"600\" width=\"979\"  itemprop=\"thumbnailUrl\" srcset=\"https:\/\/radiorevelacionfm.cl\/wp-content\/uploads\/2021\/11\/evidencia-2-1_optimized.jpg 979w, https:\/\/radiorevelacionfm.cl\/wp-content\/uploads\/2021\/11\/evidencia-2-1_optimized-300x184.jpg 300w, https:\/\/radiorevelacionfm.cl\/wp-content\/uploads\/2021\/11\/evidencia-2-1_optimized-768x471.jpg 768w, https:\/\/radiorevelacionfm.cl\/wp-content\/uploads\/2021\/11\/evidencia-2-1_optimized-705x432.jpg 705w, https:\/\/radiorevelacionfm.cl\/wp-content\/uploads\/2021\/11\/evidencia-2-1_optimized-600x368.jpg 600w\" sizes=\"(max-width: 979px) 100vw, 979px\" \/><\/div><\/div><\/div><\/div><div class=\"flex_column av_one_full  flex_column_div av-zero-column-padding first  avia-builder-el-2  el_after_av_one_full  el_before_av_one_full  column-top-margin\" style='border-radius:0px; '><section class=\"av_textblock_section \"  itemscope=\"itemscope\" itemtype=\"https:\/\/schema.org\/BlogPosting\" itemprop=\"blogPost\" ><div class='avia_textblock  '   itemprop=\"text\" ><p style=\"text-align: center;\"><strong><span style=\"font-size: 18pt;\">Carabineros evita tragedia y detuvo a sujeto por amenazas de muerte con un hacha en Coyhaique<\/span><\/strong><\/p>\n<div id=\"gtx-trans\" style=\"position: absolute; left: -50px; top: 4.31534px;\">\n<div class=\"gtx-trans-icon\"><\/div>\n<\/div>\n<\/div><\/section><\/div><\/p>\n<div class=\"flex_column av_one_full  flex_column_div av-zero-column-padding first  avia-builder-el-4  el_after_av_one_full  el_before_av_hr  column-top-margin\" style='border-radius:0px; '><section class=\"av_textblock_section \"  itemscope=\"itemscope\" itemtype=\"https:\/\/schema.org\/BlogPosting\" itemprop=\"blogPost\" ><div class='avia_textblock  '   itemprop=\"text\" ><p class=\"v1MsoNormal\" style=\"text-align: justify;\"><span lang=\"ES-CL\">La r\u00e1pida respuesta por parte del personal especializado permiti\u00f3 brindar auxilio a la v\u00edctima, logrando evitar una tragedia, en tanto que los antecedentes del procedimiento fueron derivados a la Fiscal\u00eda local de esta ciudad que dirige investigaci\u00f3n por este hecho.<\/span><\/p>\n<p class=\"v1MsoNormal\" style=\"text-align: justify;\"><span lang=\"ES-CL\">La oportuna denuncia sobre una persona que estaba siendo amenazada de muerte con un hacha motiv\u00f3 una r\u00e1pida respuesta por parte de personal especializado de Carabineros de la 5ta. Comisar\u00eda de Control del Orden P\u00fablico (C.O.P.) logrando la detenci\u00f3n de un sujeto por esta materia junto con evitar la ocurrencia de un hecho lamentable.<\/span><\/p>\n<p class=\"v1MsoNormal\" style=\"text-align: justify;\"><span lang=\"ES-CL\">Dada la gravedad de la situaci\u00f3n informada, diversos dispositivos que se encontraban desarrollando un servicio focalizado en el sector central de la ciudad de Coyhaique, se trasladaron hasta un domicilio ubicado a pocas cuadras del lugar, logrando atender y verificar el hecho denunciando.<\/span><\/p>\n<p class=\"v1MsoNormal\" style=\"text-align: justify;\"><span lang=\"ES-CL\">Una vez en el lugar, el personal C.O.P. brind\u00f3 el auxilio y apoyo a la v\u00edctima, quien indic\u00f3 que momentos un vecino provisto de un hacha en mano, por causas que son materia de investigaci\u00f3n, lo amenaz\u00f3 de muerte, quien ante la presencia policial \u2013y prestando cooperaci\u00f3n en todo momento- depuso su actuar e hizo entrega voluntaria de un hacha, siendo detenido por parte de Carabineros de la 5ta. Comisar\u00eda de Control del Orden P\u00fablico por el delito de amenazas de muerte.<\/span><\/p>\n<p style=\"text-align: justify;\"><span lang=\"ES-CL\">Los antecedentes del procedimiento fueron puestos en conocimientos de la Fiscal\u00eda local de esta ciudad, en tanto que dicha herramienta fue incautada como medio de prueba siendo puesta a disposici\u00f3n del ente persecutor.<\/span><\/p>\n<\/div><\/section><\/div>\n<div  style='height:50px' class='hr hr-invisible   avia-builder-el-6  el_after_av_one_full  el_before_av_social_share '><span class='hr-inner ' ><span class='hr-inner-style'><\/span><\/span><\/div>\n<div  class='av-social-sharing-box  avia-builder-el-7  el_after_av_hr  el_before_av_hr  '><div class='av-share-box'><h5 class='av-share-link-description av-no-toc '>Compartir esta noticia<\/h5><ul class='av-share-box-list noLightbox'><li class='av-share-link av-social-link-facebook' ><a target=\"_blank\" aria-label=\"Compartir en Facebook\" href='https:\/\/www.facebook.com\/sharer.php?u=https:\/\/radiorevelacionfm.cl\/?p=10601&#038;t=Carabineros%20evita%20tragedia%20y%20detuvo%20a%20sujeto%20por%20amenazas%20de%20muerte%20con%20un%20hacha%20en%20Coyhaique' aria-hidden='false' data-av_icon='\ue8f3' data-av_iconfont='entypo-fontello' title='' data-avia-related-tooltip='Compartir en Facebook' rel=\"noopener\"><span class='avia_hidden_link_text'>Compartir en Facebook<\/span><\/a><\/li><li class='av-share-link av-social-link-twitter' ><a target=\"_blank\" aria-label=\"Compartir en Twitter\" href='https:\/\/twitter.com\/share?text=Carabineros%20evita%20tragedia%20y%20detuvo%20a%20sujeto%20por%20amenazas%20de%20muerte%20con%20un%20hacha%20en%20Coyhaique&#038;url=https:\/\/radiorevelacionfm.cl\/?p=10601' aria-hidden='false' data-av_icon='\ue8f1' data-av_iconfont='entypo-fontello' title='' data-avia-related-tooltip='Compartir en Twitter' rel=\"noopener\"><span class='avia_hidden_link_text'>Compartir en Twitter<\/span><\/a><\/li><li class='av-share-link av-social-link-whatsapp' ><a target=\"_blank\" aria-label=\"Compartir en Whatsapp\" href='https:\/\/api.whatsapp.com\/send?text=https:\/\/radiorevelacionfm.cl\/?p=10601' aria-hidden='false' data-av_icon='\uf232' data-av_iconfont='entypo-fontello' title='' data-avia-related-tooltip='Compartir en Whatsapp' rel=\"noopener\"><span class='avia_hidden_link_text'>Compartir en Whatsapp<\/span><\/a><\/li><li class='av-share-link av-social-link-linkedin' ><a target=\"_blank\" aria-label=\"Compartir en LinkedIn\" href='https:\/\/linkedin.com\/shareArticle?mini=true&#038;title=Carabineros%20evita%20tragedia%20y%20detuvo%20a%20sujeto%20por%20amenazas%20de%20muerte%20con%20un%20hacha%20en%20Coyhaique&#038;url=https:\/\/radiorevelacionfm.cl\/?p=10601' aria-hidden='false' data-av_icon='\ue8fc' data-av_iconfont='entypo-fontello' title='' data-avia-related-tooltip='Compartir en LinkedIn' rel=\"noopener\"><span class='avia_hidden_link_text'>Compartir en LinkedIn<\/span><\/a><\/li><li class='av-share-link av-social-link-mail' ><a  aria-label=\"Compartir por correo\" href='mailto:?subject=Carabineros%20evita%20tragedia%20y%20detuvo%20a%20sujeto%20por%20amenazas%20de%20muerte%20con%20un%20hacha%20en%20Coyhaique&#038;body=https:\/\/radiorevelacionfm.cl\/?p=10601' aria-hidden='false' data-av_icon='\ue805' data-av_iconfont='entypo-fontello' title='' data-avia-related-tooltip='Compartir por correo'><span class='avia_hidden_link_text'>Compartir por correo<\/span><\/a><\/li><\/ul><\/div><\/div>\n<div  style='height:50px' class='hr hr-invisible   avia-builder-el-8  el_after_av_social_share  el_before_av_comments_list '><span class='hr-inner ' ><span class='hr-inner-style'><\/span><\/span><\/div>\n<div  class='av-buildercomment  av-blog-meta-html-info-disabled av-blog-meta-tag-disabled  '><\/div>\n","protected":false},"excerpt":{"rendered":"","protected":false},"author":1,"featured_media":10606,"comment_status":"open","ping_status":"open","sticky":false,"template":"","format":"standard","meta":{"footnotes":""},"categories":[36],"tags":[],"class_list":["post-10601","post","type-post","status-publish","format-standard","has-post-thumbnail","hentry","category-policial"],"jetpack_featured_media_url":"https:\/\/radiorevelacionfm.cl\/wp-content\/uploads\/2021\/11\/evidencia-2-1_optimized.jpg","_links":{"self":[{"href":"https:\/\/radiorevelacionfm.cl\/index.php?rest_route=\/wp\/v2\/posts\/10601","targetHints":{"allow":["GET"]}}],"collection":[{"href":"https:\/\/radiorevelacionfm.cl\/index.php?rest_route=\/wp\/v2\/posts"}],"about":[{"href":"https:\/\/radiorevelacionfm.cl\/index.php?rest_route=\/wp\/v2\/types\/post"}],"author":[{"embeddable":true,"href":"https:\/\/radiorevelacionfm.cl\/index.php?rest_route=\/wp\/v2\/users\/1"}],"replies":[{"embeddable":true,"href":"https:\/\/radiorevelacionfm.cl\/index.php?rest_route=%2Fwp%2Fv2%2Fcomments&post=10601"}],"version-history":[{"count":3,"href":"https:\/\/radiorevelacionfm.cl\/index.php?rest_route=\/wp\/v2\/posts\/10601\/revisions"}],"predecessor-version":[{"id":10605,"href":"https:\/\/radiorevelacionfm.cl\/index.php?rest_route=\/wp\/v2\/posts\/10601\/revisions\/10605"}],"wp:featuredmedia":[{"embeddable":true,"href":"https:\/\/radiorevelacionfm.cl\/index.php?rest_route=\/wp\/v2\/media\/10606"}],"wp:attachment":[{"href":"https:\/\/radiorevelacionfm.cl\/index.php?rest_route=%2Fwp%2Fv2%2Fmedia&parent=10601"}],"wp:term":[{"taxonomy":"category","embeddable":true,"href":"https:\/\/radiorevelacionfm.cl\/index.php?rest_route=%2Fwp%2Fv2%2Fcategories&post=10601"},{"taxonomy":"post_tag","embeddable":true,"href":"https:\/\/radiorevelacionfm.cl\/index.php?rest_route=%2Fwp%2Fv2%2Ftags&post=10601"}],"curies":[{"name":"wp","href":"https:\/\/api.w.org\/{rel}","templated":true}]}}