{"id":10595,"date":"2021-11-09T18:47:26","date_gmt":"2021-11-09T21:47:26","guid":{"rendered":"https:\/\/radiorevelacionfm.cl\/?p=10595"},"modified":"2021-11-09T18:56:02","modified_gmt":"2021-11-09T21:56:02","slug":"detienen-a-dos-personas-por-receptacion-y-recuperan-telefono-celular-y-vehiculo-motorizado","status":"publish","type":"post","link":"https:\/\/radiorevelacionfm.cl\/?p=10595","title":{"rendered":"PDI recupera especies sustra\u00eddas desde establecimiento educacional del centro de Coyhaique"},"content":{"rendered":"<div class=\"flex_column av_one_full  flex_column_div av-zero-column-padding first  avia-builder-el-0  el_before_av_one_full  avia-builder-el-first  \" style='border-radius:0px; '><div  class='avia-image-container  av-styling-    avia-builder-el-1  avia-builder-el-no-sibling  avia-align-center '  itemprop=\"image\" itemscope=\"itemscope\" itemtype=\"https:\/\/schema.org\/ImageObject\"  ><div class='avia-image-container-inner'><div class='avia-image-overlay-wrap'><img decoding=\"async\" class='wp-image-10596 avia-img-lazy-loading-not-10596 avia_image' src=\"https:\/\/radiorevelacionfm.cl\/wp-content\/uploads\/2021\/11\/08-11-2021-recuperacion-especies-robo-escuela-002-1-1.jpg\" alt='' title='08-11-2021 recuperaci\u00f3n especies robo escuela 002 (1) (1)' height=\"600\" width=\"1066\"  itemprop=\"thumbnailUrl\" srcset=\"https:\/\/radiorevelacionfm.cl\/wp-content\/uploads\/2021\/11\/08-11-2021-recuperacion-especies-robo-escuela-002-1-1.jpg 1066w, https:\/\/radiorevelacionfm.cl\/wp-content\/uploads\/2021\/11\/08-11-2021-recuperacion-especies-robo-escuela-002-1-1-300x169.jpg 300w, https:\/\/radiorevelacionfm.cl\/wp-content\/uploads\/2021\/11\/08-11-2021-recuperacion-especies-robo-escuela-002-1-1-1030x580.jpg 1030w, https:\/\/radiorevelacionfm.cl\/wp-content\/uploads\/2021\/11\/08-11-2021-recuperacion-especies-robo-escuela-002-1-1-768x432.jpg 768w, https:\/\/radiorevelacionfm.cl\/wp-content\/uploads\/2021\/11\/08-11-2021-recuperacion-especies-robo-escuela-002-1-1-705x397.jpg 705w, https:\/\/radiorevelacionfm.cl\/wp-content\/uploads\/2021\/11\/08-11-2021-recuperacion-especies-robo-escuela-002-1-1-600x338.jpg 600w\" sizes=\"(max-width: 1066px) 100vw, 1066px\" \/><\/div><\/div><\/div><\/div>\n<div class=\"flex_column av_one_full  flex_column_div av-zero-column-padding first  avia-builder-el-2  el_after_av_one_full  el_before_av_one_full  column-top-margin\" style='border-radius:0px; '><section class=\"av_textblock_section \"  itemscope=\"itemscope\" itemtype=\"https:\/\/schema.org\/BlogPosting\" itemprop=\"blogPost\" ><div class='avia_textblock  '   itemprop=\"text\" ><p style=\"text-align: center;\"><span style=\"font-size: 18pt;\"><strong>PDI recupera especies sustra\u00eddas desde establecimiento educacional del centro de Coyhaique<\/strong><\/span><\/p>\n<div id=\"gtx-trans\" style=\"position: absolute; left: -50px; top: 4.31534px;\">\n<div class=\"gtx-trans-icon\"><\/div>\n<\/div>\n<\/div><\/section><\/div><div class=\"flex_column av_one_full  flex_column_div av-zero-column-padding first  avia-builder-el-4  el_after_av_one_full  el_before_av_hr  column-top-margin\" style='border-radius:0px; '><section class=\"av_textblock_section \"  itemscope=\"itemscope\" itemtype=\"https:\/\/schema.org\/BlogPosting\" itemprop=\"blogPost\" ><div class='avia_textblock  '   itemprop=\"text\" ><p style=\"text-align: justify;\">En horas de la madrugada del lunes 8 de noviembre, un robo afect\u00f3 al establecimiento educacional Pedro Quintana Mansilla, ubicado en el centro de la capital regional. En la ocasi\u00f3n, sujetos desconocidos ingresaron al lugar ejerciendo fuerza en las v\u00edas de acceso para sustraer diversas especies, entre ellas siete notebooks y otros elementos educativos, especies avaluadas en cerca de $8.000.000 pesos.<\/p>\n<p style=\"text-align: justify;\">El Ministerio P\u00fablico solicit\u00f3 la concurrencia de la Brigada Investigadora de Robos (BIRO) de esta ciudad, junto a peritos del Laboratorio de Criminal\u00edstica Regional Coyhaique, para realizar las primeras diligencias, trabajo en el sitio de suceso, levantamiento de im\u00e1genes de las c\u00e1maras de seguridad y empadronamientos del sector.<\/p>\n<p style=\"text-align: justify;\">Al respecto, el jefe de la unidad especializada de la PDI, subprefecto V\u00edctor Toledo, se\u00f1al\u00f3 que \u201cse concurri\u00f3 hasta las instalaciones del centro educacional, estableciendo que durante horas de la madrugada dos personas hab\u00edan hecho ingreso a trav\u00e9s de la fuerza y el escalamiento, logrando sustraer diferentes equipos computacionales entre otros elementos\u201d.<\/p>\n<p style=\"text-align: justify;\">El jefe de la BIRO Coyhaique destac\u00f3 que \u201ca ra\u00edz de las primeras diligencias efectuadas se ubic\u00f3 la totalidad de las especies sustra\u00eddas\u201d, siendo detenido uno de los presuntos autores del hecho. El subprefecto Toledo agreg\u00f3 que \u201ccontinuando con la investigaci\u00f3n, se estableci\u00f3 que uno de los computadores ya hab\u00eda sido comercializado en la comuna, por lo cual tambi\u00e9n se efectu\u00f3 la detenci\u00f3n de la persona que lo hab\u00eda adquirido\u201d, siendo imputado por la Fiscal\u00eda por el delito de receptaci\u00f3n.<\/p>\n<p style=\"text-align: justify;\">Conforme al trabajo de an\u00e1lisis e investigaci\u00f3n criminal efectuado, \u201cse logr\u00f3 recuperar todas las especies sustra\u00eddas (\u2026) las cuales fueron reconocidas por el sostenedor y devueltas por instrucci\u00f3n del Ministerio P\u00fablico\u201d, enfatiz\u00f3 el jefe de la unidad, agregando que estos computadores estaban siendo utilizados para realizar las clases a distancia debido a la pandemia.<\/p>\n<p style=\"text-align: justify;\">Sobre el aval\u00fao de las especies, el subprefecto Toledo indic\u00f3 que \u201cexiste un aval\u00fao estimativo que puede fluctuar entre los ocho y diez millones de pesos, monto que fue entregado inicialmente por los propios dependientes\u201d.<\/p>\n<p style=\"text-align: justify;\">Todos estos antecedentes fueron puestos a disposici\u00f3n del Ministerio P\u00fablico quien instruy\u00f3 que los detenidos fueran puestos a disposici\u00f3n del Juzgado de Garant\u00eda durante la ma\u00f1ana del martes 9 de noviembre.<\/p>\n<\/div><\/section><\/div><div  style='height:50px' class='hr hr-invisible   avia-builder-el-6  el_after_av_one_full  el_before_av_social_share '><span class='hr-inner ' ><span class='hr-inner-style'><\/span><\/span><\/div><\/p>\n<div  class='av-social-sharing-box  avia-builder-el-7  el_after_av_hr  el_before_av_hr  '><div class='av-share-box'><h5 class='av-share-link-description av-no-toc '>Compartir esta noticia<\/h5><ul class='av-share-box-list noLightbox'><li class='av-share-link av-social-link-facebook' ><a target=\"_blank\" aria-label=\"Compartir en Facebook\" href='https:\/\/www.facebook.com\/sharer.php?u=https:\/\/radiorevelacionfm.cl\/?p=10595&#038;t=PDI%20recupera%20especies%20sustra%C3%ADdas%20desde%20establecimiento%20educacional%20del%20centro%20de%20Coyhaique' aria-hidden='false' data-av_icon='\ue8f3' data-av_iconfont='entypo-fontello' title='' data-avia-related-tooltip='Compartir en Facebook' rel=\"noopener\"><span class='avia_hidden_link_text'>Compartir en Facebook<\/span><\/a><\/li><li class='av-share-link av-social-link-twitter' ><a target=\"_blank\" aria-label=\"Compartir en Twitter\" href='https:\/\/twitter.com\/share?text=PDI%20recupera%20especies%20sustra%C3%ADdas%20desde%20establecimiento%20educacional%20del%20centro%20de%20Coyhaique&#038;url=https:\/\/radiorevelacionfm.cl\/?p=10595' aria-hidden='false' data-av_icon='\ue8f1' data-av_iconfont='entypo-fontello' title='' data-avia-related-tooltip='Compartir en Twitter' rel=\"noopener\"><span class='avia_hidden_link_text'>Compartir en Twitter<\/span><\/a><\/li><li class='av-share-link av-social-link-whatsapp' ><a target=\"_blank\" aria-label=\"Compartir en Whatsapp\" href='https:\/\/api.whatsapp.com\/send?text=https:\/\/radiorevelacionfm.cl\/?p=10595' aria-hidden='false' data-av_icon='\uf232' data-av_iconfont='entypo-fontello' title='' data-avia-related-tooltip='Compartir en Whatsapp' rel=\"noopener\"><span class='avia_hidden_link_text'>Compartir en Whatsapp<\/span><\/a><\/li><li class='av-share-link av-social-link-linkedin' ><a target=\"_blank\" aria-label=\"Compartir en LinkedIn\" href='https:\/\/linkedin.com\/shareArticle?mini=true&#038;title=PDI%20recupera%20especies%20sustra%C3%ADdas%20desde%20establecimiento%20educacional%20del%20centro%20de%20Coyhaique&#038;url=https:\/\/radiorevelacionfm.cl\/?p=10595' aria-hidden='false' data-av_icon='\ue8fc' data-av_iconfont='entypo-fontello' title='' data-avia-related-tooltip='Compartir en LinkedIn' rel=\"noopener\"><span class='avia_hidden_link_text'>Compartir en LinkedIn<\/span><\/a><\/li><li class='av-share-link av-social-link-mail' ><a  aria-label=\"Compartir por correo\" href='mailto:?subject=PDI%20recupera%20especies%20sustra%C3%ADdas%20desde%20establecimiento%20educacional%20del%20centro%20de%20Coyhaique&#038;body=https:\/\/radiorevelacionfm.cl\/?p=10595' aria-hidden='false' data-av_icon='\ue805' data-av_iconfont='entypo-fontello' title='' data-avia-related-tooltip='Compartir por correo'><span class='avia_hidden_link_text'>Compartir por correo<\/span><\/a><\/li><\/ul><\/div><\/div>\n<div  style='height:50px' class='hr hr-invisible   avia-builder-el-8  el_after_av_social_share  el_before_av_comments_list '><span class='hr-inner ' ><span class='hr-inner-style'><\/span><\/span><\/div>\n<div  class='av-buildercomment  av-blog-meta-html-info-disabled av-blog-meta-tag-disabled  '><\/div>\n","protected":false},"excerpt":{"rendered":"","protected":false},"author":1,"featured_media":10596,"comment_status":"open","ping_status":"open","sticky":false,"template":"","format":"standard","meta":{"footnotes":""},"categories":[36],"tags":[],"class_list":["post-10595","post","type-post","status-publish","format-standard","has-post-thumbnail","hentry","category-policial"],"jetpack_featured_media_url":"https:\/\/radiorevelacionfm.cl\/wp-content\/uploads\/2021\/11\/08-11-2021-recuperacion-especies-robo-escuela-002-1-1.jpg","_links":{"self":[{"href":"https:\/\/radiorevelacionfm.cl\/index.php?rest_route=\/wp\/v2\/posts\/10595","targetHints":{"allow":["GET"]}}],"collection":[{"href":"https:\/\/radiorevelacionfm.cl\/index.php?rest_route=\/wp\/v2\/posts"}],"about":[{"href":"https:\/\/radiorevelacionfm.cl\/index.php?rest_route=\/wp\/v2\/types\/post"}],"author":[{"embeddable":true,"href":"https:\/\/radiorevelacionfm.cl\/index.php?rest_route=\/wp\/v2\/users\/1"}],"replies":[{"embeddable":true,"href":"https:\/\/radiorevelacionfm.cl\/index.php?rest_route=%2Fwp%2Fv2%2Fcomments&post=10595"}],"version-history":[{"count":3,"href":"https:\/\/radiorevelacionfm.cl\/index.php?rest_route=\/wp\/v2\/posts\/10595\/revisions"}],"predecessor-version":[{"id":10598,"href":"https:\/\/radiorevelacionfm.cl\/index.php?rest_route=\/wp\/v2\/posts\/10595\/revisions\/10598"}],"wp:featuredmedia":[{"embeddable":true,"href":"https:\/\/radiorevelacionfm.cl\/index.php?rest_route=\/wp\/v2\/media\/10596"}],"wp:attachment":[{"href":"https:\/\/radiorevelacionfm.cl\/index.php?rest_route=%2Fwp%2Fv2%2Fmedia&parent=10595"}],"wp:term":[{"taxonomy":"category","embeddable":true,"href":"https:\/\/radiorevelacionfm.cl\/index.php?rest_route=%2Fwp%2Fv2%2Fcategories&post=10595"},{"taxonomy":"post_tag","embeddable":true,"href":"https:\/\/radiorevelacionfm.cl\/index.php?rest_route=%2Fwp%2Fv2%2Ftags&post=10595"}],"curies":[{"name":"wp","href":"https:\/\/api.w.org\/{rel}","templated":true}]}}