{"id":10592,"date":"2021-11-10T10:33:07","date_gmt":"2021-11-10T13:33:07","guid":{"rendered":"https:\/\/radiorevelacionfm.cl\/?p=10592"},"modified":"2021-11-10T10:43:15","modified_gmt":"2021-11-10T13:43:15","slug":"conoce-los-proyectos-de-investigacion-e-innovacion-cientifica-escolar-que-representaran-a-la-region-en-el-congreso-regional-explora","status":"publish","type":"post","link":"https:\/\/radiorevelacionfm.cl\/?p=10592","title":{"rendered":"Conoce los proyectos de investigaci\u00f3n e innovaci\u00f3n cient\u00edfica escolar que representar\u00e1n a la regi\u00f3n en el Congreso Regional Explora"},"content":{"rendered":"<div class=\"flex_column av_one_full  flex_column_div av-zero-column-padding first  avia-builder-el-0  el_before_av_one_full  avia-builder-el-first  \" style='border-radius:0px; '><div  class='avia-image-container  av-styling-    avia-builder-el-1  avia-builder-el-no-sibling  avia-align-center '  itemprop=\"image\" itemscope=\"itemscope\" itemtype=\"https:\/\/schema.org\/ImageObject\"  ><div class='avia-image-container-inner'><div class='avia-image-overlay-wrap'><img decoding=\"async\" class='wp-image-10610 avia-img-lazy-loading-not-10610 avia_image' src=\"https:\/\/radiorevelacionfm.cl\/wp-content\/uploads\/2021\/11\/Explora-Aysen-1-1.jpg\" alt='' title='Explora Aysen (1) (1)' height=\"600\" width=\"938\"  itemprop=\"thumbnailUrl\" srcset=\"https:\/\/radiorevelacionfm.cl\/wp-content\/uploads\/2021\/11\/Explora-Aysen-1-1.jpg 938w, https:\/\/radiorevelacionfm.cl\/wp-content\/uploads\/2021\/11\/Explora-Aysen-1-1-300x192.jpg 300w, https:\/\/radiorevelacionfm.cl\/wp-content\/uploads\/2021\/11\/Explora-Aysen-1-1-768x491.jpg 768w, https:\/\/radiorevelacionfm.cl\/wp-content\/uploads\/2021\/11\/Explora-Aysen-1-1-705x451.jpg 705w, https:\/\/radiorevelacionfm.cl\/wp-content\/uploads\/2021\/11\/Explora-Aysen-1-1-600x384.jpg 600w\" sizes=\"(max-width: 938px) 100vw, 938px\" \/><\/div><\/div><\/div><\/div><div class=\"flex_column av_one_full  flex_column_div av-zero-column-padding first  avia-builder-el-2  el_after_av_one_full  el_before_av_one_full  column-top-margin\" style='border-radius:0px; '><section class=\"av_textblock_section \"  itemscope=\"itemscope\" itemtype=\"https:\/\/schema.org\/BlogPosting\" itemprop=\"blogPost\" ><div class='avia_textblock  '   itemprop=\"text\" ><p style=\"text-align: center;\"><span style=\"font-size: 18pt;\"><strong>Conoce los proyectos de investigaci\u00f3n e innovaci\u00f3n cient\u00edfica escolar que representar\u00e1n a la regi\u00f3n en el Congreso Regional Explora<\/strong><\/span><\/p>\n<div id=\"gtx-trans\" style=\"position: absolute; left: -50px; top: 4.31534px;\">\n<div class=\"gtx-trans-icon\"><\/div>\n<\/div>\n<\/div><\/section><\/div><\/p>\n<div class=\"flex_column av_one_full  flex_column_div av-zero-column-padding first  avia-builder-el-4  el_after_av_one_full  el_before_av_hr  column-top-margin\" style='border-radius:0px; '><section class=\"av_textblock_section \"  itemscope=\"itemscope\" itemtype=\"https:\/\/schema.org\/BlogPosting\" itemprop=\"blogPost\" ><div class='avia_textblock  '   itemprop=\"text\" ><p style=\"text-align: justify;\">\u00bfQu\u00e9 propiedades antioxidantes tiene la nalca? \u00bfC\u00f3mo afecta una planta de aguas servidas a los macroinvertebrados que viven en el R\u00edo Blanco? \u00bfC\u00f3mo afectan carreteras y caminos a la fauna nativa? Estas son algunas de las preguntas que surgieron luego de que estudiantes de educaci\u00f3n b\u00e1sica y media pensaran en las necesidades de su entorno en b\u00fasqueda de soluciones en los talleres del programa de Investigaci\u00f3n e Innovaci\u00f3n Escolar, implementado por el Proyecto Explora Ays\u00e9n de la Universidad Austral de Chile.<\/p>\n<p style=\"text-align: justify;\">En el transcurso de este a\u00f1o, estudiantes de distintos establecimientos educacionales de la regi\u00f3n se han dedicado a buscar la respuesta a estas y otras\u00a0 interrogantes, a trav\u00e9s de proyectos de investigaci\u00f3n e innovaci\u00f3n escolar con el apoyo de sus profesores\/as gu\u00edas y asesor\u00edas cient\u00edficas. Los resultados de estas investigaciones ser\u00e1n presentados a la comunidad durante el Congreso Regional Escolar Explora, que se realizar\u00e1 de forma remota los d\u00edas 10, 11 y 12 de noviembre en un esfuerzo conjunto entre los proyectos Explora de las regiones de Los Lagos y Los R\u00edos.<\/p>\n<p style=\"text-align: justify;\">Los Congresos Explora buscan con estos espacios\u00a0 aportar al desarrollo de la capacidad investigativa innata que tienen ni\u00f1os y ni\u00f1as para resolver preguntas o problemas provenientes de su entorno y vida cotidiana. promoviendo la realizaci\u00f3n de proyectos de investigaci\u00f3n que nazcan de sus propias inquietudes.<\/p>\n<p style=\"text-align: justify;\"><strong>La importancia de la divulgaci\u00f3n cient\u00edfica<\/strong><\/p>\n<p style=\"text-align: justify;\">La ciencia y la tecnolog\u00eda nos impactan de tal manera que las decisiones que se toman en la vida pueden verse influidas por la apropiaci\u00f3n de nuevos conocimientos y, a su vez, las decisiones colectivas de sociedades informadas pueden transformar la realidad en que vivimos. El puente que permite que el conocimiento viaje desde el mundo cient\u00edfico a las comunidades es la divulgaci\u00f3n cient\u00edfica.<\/p>\n<p style=\"text-align: justify;\">Para Marisol Barr\u00eda, Directora del Proyecto Explora Ays\u00e9n la instancia del Congreso aporta a la divulgaci\u00f3n cient\u00edfica: \u201cEste a\u00f1o hemos\u00a0 sido testigos del valor de la ciencia en la b\u00fasqueda de soluciones\u00a0 para enfrentar\u00a0 la pandemia y\u00a0 lograr calidad de vida frente a la crisis sanitaria, en este sentido el congreso escolar pone tambi\u00e9n en valor la ciencia, generando espacios creativos y transformadores, visibilizando las investigaciones de los estudiantes, en un trabajo colaborativo con las comunidades educativas y cient\u00edfica de la regi\u00f3n que valoramos y reconocemos.\u201d<\/p>\n<p style=\"text-align: justify;\"><strong>El derecho y el deber de conocer<\/strong><\/p>\n<p style=\"text-align: justify;\">La invitaci\u00f3n es que las personas conozcan las investigaciones que se gestaron desde escuelas, colegios y liceos de la regi\u00f3n, y contribuyan a divulgar el conocimiento en caso de parecerles interesante. Durante los d\u00edas del Congreso (10, 11 y 12 de noviembre) podr\u00e1n ingresar al sitio web <a href=\"http:\/\/www.congresoexplora.cl\">www.congresoexplora.cl<\/a> para conocer todos los proyectos escolares de las tres regiones participantes.<\/p>\n<p style=\"text-align: justify;\">Los estudiantes seleccionados corresponden a la Escuela Pedro Quintana Mansilla, Escuela Rural R\u00edo Blanco, Liceo de Ma\u00f1ihuales, Liceo Bicentenario Patagonia Agr\u00edcola Industrial, Liceo Bicentenario Altos del Mackay, Colegio La Alborada, Colegio Alianza Austral y Liceo Josefina Aguirre Montenegro.<\/p>\n<\/div><\/section><\/div>\n<div  style='height:50px' class='hr hr-invisible   avia-builder-el-6  el_after_av_one_full  el_before_av_social_share '><span class='hr-inner ' ><span class='hr-inner-style'><\/span><\/span><\/div>\n<div  class='av-social-sharing-box  avia-builder-el-7  el_after_av_hr  el_before_av_hr  '><div class='av-share-box'><h5 class='av-share-link-description av-no-toc '>Compartir esta noticia<\/h5><ul class='av-share-box-list noLightbox'><li class='av-share-link av-social-link-facebook' ><a target=\"_blank\" aria-label=\"Compartir en Facebook\" href='https:\/\/www.facebook.com\/sharer.php?u=https:\/\/radiorevelacionfm.cl\/?p=10592&#038;t=Conoce%20los%20proyectos%20de%20investigaci%C3%B3n%20e%20innovaci%C3%B3n%20cient%C3%ADfica%20escolar%20que%20representar%C3%A1n%20a%20la%20regi%C3%B3n%20en%20el%20Congreso%20Regional%20Explora' aria-hidden='false' data-av_icon='\ue8f3' data-av_iconfont='entypo-fontello' title='' data-avia-related-tooltip='Compartir en Facebook' rel=\"noopener\"><span class='avia_hidden_link_text'>Compartir en Facebook<\/span><\/a><\/li><li class='av-share-link av-social-link-twitter' ><a target=\"_blank\" aria-label=\"Compartir en Twitter\" href='https:\/\/twitter.com\/share?text=Conoce%20los%20proyectos%20de%20investigaci%C3%B3n%20e%20innovaci%C3%B3n%20cient%C3%ADfica%20escolar%20que%20representar%C3%A1n%20a%20la%20regi%C3%B3n%20en%20el%20Congreso%20Regional%20Explora&#038;url=https:\/\/radiorevelacionfm.cl\/?p=10592' aria-hidden='false' data-av_icon='\ue8f1' data-av_iconfont='entypo-fontello' title='' data-avia-related-tooltip='Compartir en Twitter' rel=\"noopener\"><span class='avia_hidden_link_text'>Compartir en Twitter<\/span><\/a><\/li><li class='av-share-link av-social-link-whatsapp' ><a target=\"_blank\" aria-label=\"Compartir en Whatsapp\" href='https:\/\/api.whatsapp.com\/send?text=https:\/\/radiorevelacionfm.cl\/?p=10592' aria-hidden='false' data-av_icon='\uf232' data-av_iconfont='entypo-fontello' title='' data-avia-related-tooltip='Compartir en Whatsapp' rel=\"noopener\"><span class='avia_hidden_link_text'>Compartir en Whatsapp<\/span><\/a><\/li><li class='av-share-link av-social-link-linkedin' ><a target=\"_blank\" aria-label=\"Compartir en LinkedIn\" href='https:\/\/linkedin.com\/shareArticle?mini=true&#038;title=Conoce%20los%20proyectos%20de%20investigaci%C3%B3n%20e%20innovaci%C3%B3n%20cient%C3%ADfica%20escolar%20que%20representar%C3%A1n%20a%20la%20regi%C3%B3n%20en%20el%20Congreso%20Regional%20Explora&#038;url=https:\/\/radiorevelacionfm.cl\/?p=10592' aria-hidden='false' data-av_icon='\ue8fc' data-av_iconfont='entypo-fontello' title='' data-avia-related-tooltip='Compartir en LinkedIn' rel=\"noopener\"><span class='avia_hidden_link_text'>Compartir en LinkedIn<\/span><\/a><\/li><li class='av-share-link av-social-link-mail' ><a  aria-label=\"Compartir por correo\" href='mailto:?subject=Conoce%20los%20proyectos%20de%20investigaci%C3%B3n%20e%20innovaci%C3%B3n%20cient%C3%ADfica%20escolar%20que%20representar%C3%A1n%20a%20la%20regi%C3%B3n%20en%20el%20Congreso%20Regional%20Explora&#038;body=https:\/\/radiorevelacionfm.cl\/?p=10592' aria-hidden='false' data-av_icon='\ue805' data-av_iconfont='entypo-fontello' title='' data-avia-related-tooltip='Compartir por correo'><span class='avia_hidden_link_text'>Compartir por correo<\/span><\/a><\/li><\/ul><\/div><\/div>\n<div  style='height:50px' class='hr hr-invisible   avia-builder-el-8  el_after_av_social_share  el_before_av_comments_list '><span class='hr-inner ' ><span class='hr-inner-style'><\/span><\/span><\/div>\n<div  class='av-buildercomment  av-blog-meta-html-info-disabled av-blog-meta-tag-disabled  '><\/div>\n","protected":false},"excerpt":{"rendered":"","protected":false},"author":1,"featured_media":10610,"comment_status":"open","ping_status":"open","sticky":false,"template":"","format":"standard","meta":{"footnotes":""},"categories":[53],"tags":[],"class_list":["post-10592","post","type-post","status-publish","format-standard","has-post-thumbnail","hentry","category-ciencia"],"jetpack_featured_media_url":"https:\/\/radiorevelacionfm.cl\/wp-content\/uploads\/2021\/11\/Explora-Aysen-1-1.jpg","_links":{"self":[{"href":"https:\/\/radiorevelacionfm.cl\/index.php?rest_route=\/wp\/v2\/posts\/10592","targetHints":{"allow":["GET"]}}],"collection":[{"href":"https:\/\/radiorevelacionfm.cl\/index.php?rest_route=\/wp\/v2\/posts"}],"about":[{"href":"https:\/\/radiorevelacionfm.cl\/index.php?rest_route=\/wp\/v2\/types\/post"}],"author":[{"embeddable":true,"href":"https:\/\/radiorevelacionfm.cl\/index.php?rest_route=\/wp\/v2\/users\/1"}],"replies":[{"embeddable":true,"href":"https:\/\/radiorevelacionfm.cl\/index.php?rest_route=%2Fwp%2Fv2%2Fcomments&post=10592"}],"version-history":[{"count":3,"href":"https:\/\/radiorevelacionfm.cl\/index.php?rest_route=\/wp\/v2\/posts\/10592\/revisions"}],"predecessor-version":[{"id":10609,"href":"https:\/\/radiorevelacionfm.cl\/index.php?rest_route=\/wp\/v2\/posts\/10592\/revisions\/10609"}],"wp:featuredmedia":[{"embeddable":true,"href":"https:\/\/radiorevelacionfm.cl\/index.php?rest_route=\/wp\/v2\/media\/10610"}],"wp:attachment":[{"href":"https:\/\/radiorevelacionfm.cl\/index.php?rest_route=%2Fwp%2Fv2%2Fmedia&parent=10592"}],"wp:term":[{"taxonomy":"category","embeddable":true,"href":"https:\/\/radiorevelacionfm.cl\/index.php?rest_route=%2Fwp%2Fv2%2Fcategories&post=10592"},{"taxonomy":"post_tag","embeddable":true,"href":"https:\/\/radiorevelacionfm.cl\/index.php?rest_route=%2Fwp%2Fv2%2Ftags&post=10592"}],"curies":[{"name":"wp","href":"https:\/\/api.w.org\/{rel}","templated":true}]}}