{"id":10589,"date":"2021-11-09T20:00:28","date_gmt":"2021-11-09T23:00:28","guid":{"rendered":"https:\/\/radiorevelacionfm.cl\/?p=10589"},"modified":"2021-11-09T20:00:28","modified_gmt":"2021-11-09T23:00:28","slug":"gobernadora-regional-une-fuerzas-con-dirigentes-de-la-pesca-en-reunion-con-subsecretaria-de-la-cartera","status":"publish","type":"post","link":"https:\/\/radiorevelacionfm.cl\/?p=10589","title":{"rendered":"Gobernadora Regional une fuerzas con dirigentes de la pesca en reuni\u00f3n con Subsecretaria de la cartera"},"content":{"rendered":"<div class=\"flex_column av_one_full  flex_column_div av-zero-column-padding first  avia-builder-el-0  el_before_av_one_full  avia-builder-el-first  \" style='border-radius:0px; '><div  class='avia-image-container  av-styling-    avia-builder-el-1  avia-builder-el-no-sibling  avia-align-center '  itemprop=\"image\" itemscope=\"itemscope\" itemtype=\"https:\/\/schema.org\/ImageObject\"  ><div class='avia-image-container-inner'><div class='avia-image-overlay-wrap'><img decoding=\"async\" class='wp-image-10590 avia-img-lazy-loading-not-10590 avia_image' src=\"https:\/\/radiorevelacionfm.cl\/wp-content\/uploads\/2021\/11\/Foto-2-1.jpeg\" alt='' title='Foto-2 (1)' height=\"600\" width=\"900\"  itemprop=\"thumbnailUrl\" srcset=\"https:\/\/radiorevelacionfm.cl\/wp-content\/uploads\/2021\/11\/Foto-2-1.jpeg 900w, https:\/\/radiorevelacionfm.cl\/wp-content\/uploads\/2021\/11\/Foto-2-1-300x200.jpeg 300w, https:\/\/radiorevelacionfm.cl\/wp-content\/uploads\/2021\/11\/Foto-2-1-768x512.jpeg 768w, https:\/\/radiorevelacionfm.cl\/wp-content\/uploads\/2021\/11\/Foto-2-1-705x470.jpeg 705w, https:\/\/radiorevelacionfm.cl\/wp-content\/uploads\/2021\/11\/Foto-2-1-600x400.jpeg 600w\" sizes=\"(max-width: 900px) 100vw, 900px\" \/><\/div><\/div><\/div><\/div><div class=\"flex_column av_one_full  flex_column_div av-zero-column-padding first  avia-builder-el-2  el_after_av_one_full  el_before_av_one_full  column-top-margin\" style='border-radius:0px; '><section class=\"av_textblock_section \"  itemscope=\"itemscope\" itemtype=\"https:\/\/schema.org\/BlogPosting\" itemprop=\"blogPost\" ><div class='avia_textblock  '   itemprop=\"text\" ><p style=\"text-align: center;\"><span style=\"font-size: 18pt;\"><b>Gobernadora Regional une fuerzas con dirigentes de la pesca en reuni\u00f3n con Subsecretaria de la cartera<\/b><\/span><\/p>\n<div id=\"gtx-trans\" style=\"position: absolute; left: -50px; top: 4.31534px;\">\n<div class=\"gtx-trans-icon\"><\/div>\n<\/div>\n<\/div><\/section><\/div><div class=\"flex_column av_one_full  flex_column_div av-zero-column-padding first  avia-builder-el-4  el_after_av_one_full  el_before_av_hr  column-top-margin\" style='border-radius:0px; '><section class=\"av_textblock_section \"  itemscope=\"itemscope\" itemtype=\"https:\/\/schema.org\/BlogPosting\" itemprop=\"blogPost\" ><div class='avia_textblock  '   itemprop=\"text\" ><p style=\"text-align: justify;\">Una instancia de di\u00e1logo abierto junto a dirigentes de la pesca es la que propici\u00f3 la m\u00e1xima autoridad regional, Gobernadora Andrea Mac\u00edas Palma el d\u00eda de ayer a prop\u00f3sito de la visita a la regi\u00f3n de la Subsecretaria de Pesca, Alicia Gallardo.<\/p>\n<p style=\"text-align: justify;\">Para la Gobernadora Mac\u00edas, la visita se da para ver las urgencias de una regi\u00f3n que ha sido menoscabada a prop\u00f3sitos de la pol\u00edtica p\u00fablica centralista. \u00abSostuvimos una conversaci\u00f3n que se produce en un momento bien \u00e1lgido para nosotros como regi\u00f3n donde hemos estado muy pendientes de las modificaciones que se est\u00e1n haciendo a la Ley de Pesca y creemos que nuevamente van en desmedro de nuestra regi\u00f3n. \u00bfPorqu\u00e9? Porque una vez m\u00e1s no se consideran las particularidades de nuestra regi\u00f3n y de nuestro litoral, no se comprende nuestro territorio como una zona que es diferente, que en nuestro litoral no tenemos otras oportunidades de desarrollo como si lo hay en otras regiones\u00bb, afirm\u00f3.<\/p>\n<p style=\"text-align: justify;\">Un diagn\u00f3stico similar presentaron dirigentes de la pesca artesanal como Cristian Espinoza, Presidente del Sindicato N\u00ba1 de Puerto Gala. \u00abEn esta reuni\u00f3n se vieron el nivel central con algo hist\u00f3rico a nivel nacional que son los Gobiernos Regionales. Entonces estoy gratamente sorprendido en cuanto al funcionamiento de nuestra Gobernadora Regional que realmente tiene una visi\u00f3n de un desarrollo arm\u00f3nico de la localidad\u00bb, coment\u00f3 en la oportunidad.<\/p>\n<p style=\"text-align: justify;\">Tambi\u00e9n particip\u00f3 Daniel Caniullan Huentel, Presidente de la comunidad Pu Wapi de Guaitecas y miembro del comit\u00e9 bent\u00f3nico regional de Ays\u00e9n. \u00abLa verdad es que una fue una reuni\u00f3n bastante interesante donde pudimos exponer muchas preocupaciones que hoy nos tienen en estado de alerta a la pesca artesanal de la regi\u00f3n de Ays\u00e9n y valoro el tiempo que se da la Gobernadora Regional de Ays\u00e9n de poder apoyar y defender los intereses de la gente de nuestro territorio, por lo tanto, vamos a estar muy despierto con lo que se viene en la ley bent\u00f3nica que se est\u00e1 discutiendo en el Congreso. Se dieron unos plazos muy muy acotados para presentar indicaciones. Esta Ley, as\u00ed como est\u00e1, es un traje a la medida para favorecer a la pesca ilegal y a las flotas que hoy d\u00eda no tiene recursos pesqueros, por lo tanto, para nosotros es fundamental buscar y ver la sustentabilidad de nuestros recursos pesqueros de la regi\u00f3n de Ays\u00e9n\u00bb.<\/p>\n<p style=\"text-align: justify;\">Una alerta que tiene a todo el sector pesquero trabajando para revertir un trato a la regi\u00f3n de Ays\u00e9n que se ha mantenido por largos a\u00f1os. \u00abEsta es la regi\u00f3n, para m\u00ed, m\u00e1s abandonada por las autoridades, y adem\u00e1s, no hay muchos dirigentes que se preocupen de los temas porque no tienen los recursos o no tienen las capacidades para ir a exponer al Congreso, nos toca a nosotros. Nosotros vivimos permanentemente viajando, dando la pelea, pero ya estamos viejos, ya estamos medios cabreados. As\u00ed que una tremenda esperanza, porque la Gobernadora Mac\u00edas habla de la defensa de los recursos y tambi\u00e9n de poder capacitar a nuevos dirigentes para que venga el recambio\u00bb, coment\u00f3 Renato Flores.<\/p>\n<p style=\"text-align: justify;\">Finalmente para la Gobernadora Mac\u00edas, el compromiso del Gobierno Regional ser\u00e1 estar presente en las indicaciones que modifique una Ley que puede significar m\u00e1s amenazas para el sector en Ays\u00e9n. \u00abYa expusimos en la Comisi\u00f3n de la C\u00e1mara de Diputados y hoy d\u00eda se ha ampliado en una semana m\u00e1s el recibir indicaciones, por lo tanto hemos hecho un acuerdo para poder presentar modificaciones que puedan contrarrestar las decisiones o las indicaciones que fueron establecidas desde el nivel central. As\u00ed que reafirmamos el compromiso con el desarrollo de nuestra regi\u00f3n. El desarrollo va a hacer el d\u00eda en que todo este recurso econ\u00f3mico que se mueve a trav\u00e9s de la industria, reflote en bienestar, en calidad de vida para nuestra gente, sobre todo aquellos territorios m\u00e1s rezagados, como lo es nuestro sector litoral, puntualiz\u00f3.<\/p>\n<\/div><\/section><\/div><div  style='height:50px' class='hr hr-invisible   avia-builder-el-6  el_after_av_one_full  el_before_av_social_share '><span class='hr-inner ' ><span class='hr-inner-style'><\/span><\/span><\/div><\/p>\n<div  class='av-social-sharing-box  avia-builder-el-7  el_after_av_hr  el_before_av_hr  '><div class='av-share-box'><h5 class='av-share-link-description av-no-toc '>Compartir esta noticia<\/h5><ul class='av-share-box-list noLightbox'><li class='av-share-link av-social-link-facebook' ><a target=\"_blank\" aria-label=\"Compartir en Facebook\" href='https:\/\/www.facebook.com\/sharer.php?u=https:\/\/radiorevelacionfm.cl\/?p=10589&#038;t=Gobernadora%20Regional%20une%20fuerzas%20con%20dirigentes%20de%20la%20pesca%20en%20reuni%C3%B3n%20con%20Subsecretaria%20de%20la%20cartera' aria-hidden='false' data-av_icon='\ue8f3' data-av_iconfont='entypo-fontello' title='' data-avia-related-tooltip='Compartir en Facebook' rel=\"noopener\"><span class='avia_hidden_link_text'>Compartir en Facebook<\/span><\/a><\/li><li class='av-share-link av-social-link-twitter' ><a target=\"_blank\" aria-label=\"Compartir en Twitter\" href='https:\/\/twitter.com\/share?text=Gobernadora%20Regional%20une%20fuerzas%20con%20dirigentes%20de%20la%20pesca%20en%20reuni%C3%B3n%20con%20Subsecretaria%20de%20la%20cartera&#038;url=https:\/\/radiorevelacionfm.cl\/?p=10589' aria-hidden='false' data-av_icon='\ue8f1' data-av_iconfont='entypo-fontello' title='' data-avia-related-tooltip='Compartir en Twitter' rel=\"noopener\"><span class='avia_hidden_link_text'>Compartir en Twitter<\/span><\/a><\/li><li class='av-share-link av-social-link-whatsapp' ><a target=\"_blank\" aria-label=\"Compartir en Whatsapp\" href='https:\/\/api.whatsapp.com\/send?text=https:\/\/radiorevelacionfm.cl\/?p=10589' aria-hidden='false' data-av_icon='\uf232' data-av_iconfont='entypo-fontello' title='' data-avia-related-tooltip='Compartir en Whatsapp' rel=\"noopener\"><span class='avia_hidden_link_text'>Compartir en Whatsapp<\/span><\/a><\/li><li class='av-share-link av-social-link-linkedin' ><a target=\"_blank\" aria-label=\"Compartir en LinkedIn\" href='https:\/\/linkedin.com\/shareArticle?mini=true&#038;title=Gobernadora%20Regional%20une%20fuerzas%20con%20dirigentes%20de%20la%20pesca%20en%20reuni%C3%B3n%20con%20Subsecretaria%20de%20la%20cartera&#038;url=https:\/\/radiorevelacionfm.cl\/?p=10589' aria-hidden='false' data-av_icon='\ue8fc' data-av_iconfont='entypo-fontello' title='' data-avia-related-tooltip='Compartir en LinkedIn' rel=\"noopener\"><span class='avia_hidden_link_text'>Compartir en LinkedIn<\/span><\/a><\/li><li class='av-share-link av-social-link-mail' ><a  aria-label=\"Compartir por correo\" href='mailto:?subject=Gobernadora%20Regional%20une%20fuerzas%20con%20dirigentes%20de%20la%20pesca%20en%20reuni%C3%B3n%20con%20Subsecretaria%20de%20la%20cartera&#038;body=https:\/\/radiorevelacionfm.cl\/?p=10589' aria-hidden='false' data-av_icon='\ue805' data-av_iconfont='entypo-fontello' title='' data-avia-related-tooltip='Compartir por correo'><span class='avia_hidden_link_text'>Compartir por correo<\/span><\/a><\/li><\/ul><\/div><\/div>\n<div  style='height:50px' class='hr hr-invisible   avia-builder-el-8  el_after_av_social_share  el_before_av_comments_list '><span class='hr-inner ' ><span class='hr-inner-style'><\/span><\/span><\/div>\n<div  class='av-buildercomment  av-blog-meta-html-info-disabled av-blog-meta-tag-disabled  '><\/div>\n","protected":false},"excerpt":{"rendered":"","protected":false},"author":1,"featured_media":10590,"comment_status":"open","ping_status":"open","sticky":false,"template":"","format":"standard","meta":{"footnotes":""},"categories":[38],"tags":[],"class_list":["post-10589","post","type-post","status-publish","format-standard","has-post-thumbnail","hentry","category-regional"],"jetpack_featured_media_url":"https:\/\/radiorevelacionfm.cl\/wp-content\/uploads\/2021\/11\/Foto-2-1.jpeg","_links":{"self":[{"href":"https:\/\/radiorevelacionfm.cl\/index.php?rest_route=\/wp\/v2\/posts\/10589","targetHints":{"allow":["GET"]}}],"collection":[{"href":"https:\/\/radiorevelacionfm.cl\/index.php?rest_route=\/wp\/v2\/posts"}],"about":[{"href":"https:\/\/radiorevelacionfm.cl\/index.php?rest_route=\/wp\/v2\/types\/post"}],"author":[{"embeddable":true,"href":"https:\/\/radiorevelacionfm.cl\/index.php?rest_route=\/wp\/v2\/users\/1"}],"replies":[{"embeddable":true,"href":"https:\/\/radiorevelacionfm.cl\/index.php?rest_route=%2Fwp%2Fv2%2Fcomments&post=10589"}],"version-history":[{"count":2,"href":"https:\/\/radiorevelacionfm.cl\/index.php?rest_route=\/wp\/v2\/posts\/10589\/revisions"}],"predecessor-version":[{"id":10600,"href":"https:\/\/radiorevelacionfm.cl\/index.php?rest_route=\/wp\/v2\/posts\/10589\/revisions\/10600"}],"wp:featuredmedia":[{"embeddable":true,"href":"https:\/\/radiorevelacionfm.cl\/index.php?rest_route=\/wp\/v2\/media\/10590"}],"wp:attachment":[{"href":"https:\/\/radiorevelacionfm.cl\/index.php?rest_route=%2Fwp%2Fv2%2Fmedia&parent=10589"}],"wp:term":[{"taxonomy":"category","embeddable":true,"href":"https:\/\/radiorevelacionfm.cl\/index.php?rest_route=%2Fwp%2Fv2%2Fcategories&post=10589"},{"taxonomy":"post_tag","embeddable":true,"href":"https:\/\/radiorevelacionfm.cl\/index.php?rest_route=%2Fwp%2Fv2%2Ftags&post=10589"}],"curies":[{"name":"wp","href":"https:\/\/api.w.org\/{rel}","templated":true}]}}