{"id":10585,"date":"2021-11-10T09:53:00","date_gmt":"2021-11-10T12:53:00","guid":{"rendered":"https:\/\/radiorevelacionfm.cl\/?p=10585"},"modified":"2021-11-10T09:53:00","modified_gmt":"2021-11-10T12:53:00","slug":"bosques-y-cambio-climatico-chile-por-la-senda-correcta","status":"publish","type":"post","link":"https:\/\/radiorevelacionfm.cl\/?p=10585","title":{"rendered":"Bosques y cambio clim\u00e1tico: Chile, por la senda correcta"},"content":{"rendered":"<div class=\"flex_column av_one_full  flex_column_div av-zero-column-padding first  avia-builder-el-0  el_before_av_one_full  avia-builder-el-first  \" style='border-radius:0px; '><div  class='avia-image-container  av-styling-    avia-builder-el-1  avia-builder-el-no-sibling  avia-align-center '  itemprop=\"image\" itemscope=\"itemscope\" itemtype=\"https:\/\/schema.org\/ImageObject\"  ><div class='avia-image-container-inner'><div class='avia-image-overlay-wrap'><img decoding=\"async\" class='wp-image-10586 avia-img-lazy-loading-not-10586 avia_image' src=\"https:\/\/radiorevelacionfm.cl\/wp-content\/uploads\/2021\/11\/bosques-1_optimized.jpg\" alt='' title='bosques-(1)_optimized' height=\"600\" width=\"903\"  itemprop=\"thumbnailUrl\" srcset=\"https:\/\/radiorevelacionfm.cl\/wp-content\/uploads\/2021\/11\/bosques-1_optimized.jpg 903w, https:\/\/radiorevelacionfm.cl\/wp-content\/uploads\/2021\/11\/bosques-1_optimized-300x199.jpg 300w, https:\/\/radiorevelacionfm.cl\/wp-content\/uploads\/2021\/11\/bosques-1_optimized-768x510.jpg 768w, https:\/\/radiorevelacionfm.cl\/wp-content\/uploads\/2021\/11\/bosques-1_optimized-705x468.jpg 705w, https:\/\/radiorevelacionfm.cl\/wp-content\/uploads\/2021\/11\/bosques-1_optimized-600x399.jpg 600w\" sizes=\"(max-width: 903px) 100vw, 903px\" \/><\/div><\/div><\/div><\/div><div class=\"flex_column av_one_full  flex_column_div av-zero-column-padding first  avia-builder-el-2  el_after_av_one_full  el_before_av_one_full  column-top-margin\" style='border-radius:0px; '><section class=\"av_textblock_section \"  itemscope=\"itemscope\" itemtype=\"https:\/\/schema.org\/BlogPosting\" itemprop=\"blogPost\" ><div class='avia_textblock  '   itemprop=\"text\" ><p style=\"text-align: center;\"><span style=\"font-size: 18pt;\"><strong>Bosques y cambio clim\u00e1tico: <\/strong><strong>Chile, por la senda correcta<\/strong><\/span><\/p>\n<div id=\"gtx-trans\" style=\"position: absolute; left: -50px; top: 4.31534px;\">\n<div class=\"gtx-trans-icon\"><\/div>\n<\/div>\n<\/div><\/section><\/div><div class=\"flex_column av_one_full  flex_column_div av-zero-column-padding first  avia-builder-el-4  el_after_av_one_full  el_before_av_hr  column-top-margin\" style='border-radius:0px; '><section class=\"av_textblock_section \"  itemscope=\"itemscope\" itemtype=\"https:\/\/schema.org\/BlogPosting\" itemprop=\"blogPost\" ><div class='avia_textblock  '   itemprop=\"text\" ><p style=\"text-align: justify;\">Por Rodrigo Munita, director ejecutivo CONAF.<\/p>\n<p style=\"text-align: justify;\">Recientemente m\u00e1s de un centenar de pa\u00edses, entre ellos Chile, se comprometi\u00f3 en la Conferencia de las Partes (COP) 26 de la Convenci\u00f3n Marco de las Naciones Unidas sobre el Cambio Clim\u00e1tico (CMNUCC), que se celebra en Glasgow, a poner fin a la deforestaci\u00f3n y degradaci\u00f3n de ecosistemas forestales. Esta noticia es muy alentadora, no solo porque las naciones firmantes representan el 85% de los bosques del planeta, permitiendo de esta forma que los bosques logren desarrollar todo su potencial como sumideros de carbono, sino tambi\u00e9n porque reafirma que nuestro pa\u00eds camina por la senda correcta en materia de bosques y cambio clim\u00e1tico.<\/p>\n<p style=\"text-align: justify;\">Esto incluye el seguimiento a la participaci\u00f3n de los pueblos ind\u00edgenas en los procesos nacionales e internacionales relevantes en la creaci\u00f3n de los planes clim\u00e1ticos nacionales y el fortalecimiento de capacidades en incidencia a los pueblos ind\u00edgenas para promover la transparencia y el di\u00e1logo entre las comunidades y el gobierno.<\/p>\n<p style=\"text-align: justify;\">Chile, mediante la Estrategia Nacional de Cambio Clim\u00e1tico y Recursos Vegetacionales (ENCCRV) de CONAF, trabaja en implementar medidas de acci\u00f3n orientadas a mitigar y disminuir la vulnerabilidad ante los efectos del cambio clim\u00e1tico, a trav\u00e9s del enfoque REDD+ (reducci\u00f3n de emisiones por deforestaci\u00f3n y degradaci\u00f3n de los bosques) de la CMNUCC.<\/p>\n<p style=\"text-align: justify;\">Dentro de estas iniciativas que lidera CONAF, en el marco de la ENCCRV, se encuentra el proyecto +Bosques, financiado por el Fondo Verde del Clima y ejecutado con el apoyo de FAO. Este proyecto es el primero de pago por resultados y uno de los primeros de estas caracter\u00edsticas en el mundo, y el m\u00e1s grande de Latinoam\u00e9rica. Su trabajo en gesti\u00f3n forestal sustentable, iniciado en agosto de 2020, busca implementar m\u00e1s de 25 mil hect\u00e1reas, entre las regiones del Maule y Los Lagos, mediante acciones de forestaci\u00f3n y revegetaci\u00f3n (7.688 ha), restauraci\u00f3n de ecosistemas forestales (4.271 ha), silvicultura preventiva (4.271 ha) y manejo forestal sustentable (9.738 ha). Con lo anterior, se espera beneficiar a m\u00e1s de 90 mil personas entre beneficiarios directos e indirectos.<\/p>\n<p style=\"text-align: justify;\">+Bosques es un proyecto enmarcado en la fase de pagos de la ENCCRV destinado a contribuir a la mitigaci\u00f3n del cambio clim\u00e1tico mediante el aumento de la captura de CO<sub>2<\/sub>. Su objetivo es 256.000 toneladas de emisiones de CO<sub>2<\/sub> equivalente reducidas, evitadas y\/o removidas anuales de gases de efecto invernadero por sumideros de actividades forestales y de uso de la tierra para el a\u00f1o 2030.<\/p>\n<p style=\"text-align: justify;\">Pero nuestra satisfacci\u00f3n va mucho m\u00e1s all\u00e1 del proyecto +Bosques, ya que dentro de la gesti\u00f3n forestal desplegada en este tiempo de pandemia figura, adem\u00e1s, el programa de reactivaci\u00f3n econ\u00f3mica que lleva adelante CONAF, iniciativa del Gobierno de Chile orientada a estimular la econom\u00eda y la generaci\u00f3n de empleos, por medio de la gesti\u00f3n forestal sostenible y las soluciones basadas en la naturaleza. De esta forma, el establecimiento de nuevos bosques, la restauraci\u00f3n de los bosques degradados y el mejoramiento de los bosques existentes contribuir\u00e1n directamente a la mitigaci\u00f3n del cambio clim\u00e1tico y a la adaptaci\u00f3n de sus efectos. Dichas acciones se realizar\u00e1n en predios de peque\u00f1os(as) y medianos(as) propietarios(as) que deseen establecer o mejorar los bosques.<\/p>\n<p style=\"text-align: justify;\">La planificaci\u00f3n de este trabajo considera unas 24.130 hect\u00e1reas, entre Coquimbo y Magallanes, lo que representa una inversi\u00f3n de M$21.000.000, con cerca de 16.300 empleos directos y m\u00e1s de 10.800 beneficiarios.<\/p>\n<p style=\"text-align: justify;\">Estas acciones en el \u00e1mbito forestal, con la mirada puesta en el territorio, en las personas, y al observar lo que ocurre en el marco de la COP 26 con el compromiso de revertir la destrucci\u00f3n de los bosques al a\u00f1o 2030, nos permite decir con convicci\u00f3n que vamos por la senda correcta hacia un desarrollo sostenible y de una transformaci\u00f3n rural inclusiva.<\/p>\n<\/div><\/section><\/div><div  style='height:50px' class='hr hr-invisible   avia-builder-el-6  el_after_av_one_full  el_before_av_social_share '><span class='hr-inner ' ><span class='hr-inner-style'><\/span><\/span><\/div><\/p>\n<div  class='av-social-sharing-box  avia-builder-el-7  el_after_av_hr  el_before_av_hr  '><div class='av-share-box'><h5 class='av-share-link-description av-no-toc '>Compartir esta noticia<\/h5><ul class='av-share-box-list noLightbox'><li class='av-share-link av-social-link-facebook' ><a target=\"_blank\" aria-label=\"Compartir en Facebook\" href='https:\/\/www.facebook.com\/sharer.php?u=https:\/\/radiorevelacionfm.cl\/?p=10585&#038;t=Bosques%20y%20cambio%20clim%C3%A1tico%3A%20Chile%2C%20por%20la%20senda%20correcta' aria-hidden='false' data-av_icon='\ue8f3' data-av_iconfont='entypo-fontello' title='' data-avia-related-tooltip='Compartir en Facebook' rel=\"noopener\"><span class='avia_hidden_link_text'>Compartir en Facebook<\/span><\/a><\/li><li class='av-share-link av-social-link-twitter' ><a target=\"_blank\" aria-label=\"Compartir en Twitter\" href='https:\/\/twitter.com\/share?text=Bosques%20y%20cambio%20clim%C3%A1tico%3A%20Chile%2C%20por%20la%20senda%20correcta&#038;url=https:\/\/radiorevelacionfm.cl\/?p=10585' aria-hidden='false' data-av_icon='\ue8f1' data-av_iconfont='entypo-fontello' title='' data-avia-related-tooltip='Compartir en Twitter' rel=\"noopener\"><span class='avia_hidden_link_text'>Compartir en Twitter<\/span><\/a><\/li><li class='av-share-link av-social-link-whatsapp' ><a target=\"_blank\" aria-label=\"Compartir en Whatsapp\" href='https:\/\/api.whatsapp.com\/send?text=https:\/\/radiorevelacionfm.cl\/?p=10585' aria-hidden='false' data-av_icon='\uf232' data-av_iconfont='entypo-fontello' title='' data-avia-related-tooltip='Compartir en Whatsapp' rel=\"noopener\"><span class='avia_hidden_link_text'>Compartir en Whatsapp<\/span><\/a><\/li><li class='av-share-link av-social-link-linkedin' ><a target=\"_blank\" aria-label=\"Compartir en LinkedIn\" href='https:\/\/linkedin.com\/shareArticle?mini=true&#038;title=Bosques%20y%20cambio%20clim%C3%A1tico%3A%20Chile%2C%20por%20la%20senda%20correcta&#038;url=https:\/\/radiorevelacionfm.cl\/?p=10585' aria-hidden='false' data-av_icon='\ue8fc' data-av_iconfont='entypo-fontello' title='' data-avia-related-tooltip='Compartir en LinkedIn' rel=\"noopener\"><span class='avia_hidden_link_text'>Compartir en LinkedIn<\/span><\/a><\/li><li class='av-share-link av-social-link-mail' ><a  aria-label=\"Compartir por correo\" href='mailto:?subject=Bosques%20y%20cambio%20clim%C3%A1tico%3A%20Chile%2C%20por%20la%20senda%20correcta&#038;body=https:\/\/radiorevelacionfm.cl\/?p=10585' aria-hidden='false' data-av_icon='\ue805' data-av_iconfont='entypo-fontello' title='' data-avia-related-tooltip='Compartir por correo'><span class='avia_hidden_link_text'>Compartir por correo<\/span><\/a><\/li><\/ul><\/div><\/div>\n<div  style='height:50px' class='hr hr-invisible   avia-builder-el-8  el_after_av_social_share  el_before_av_comments_list '><span class='hr-inner ' ><span class='hr-inner-style'><\/span><\/span><\/div>\n<div  class='av-buildercomment  av-blog-meta-html-info-disabled av-blog-meta-tag-disabled  '><\/div>\n","protected":false},"excerpt":{"rendered":"","protected":false},"author":1,"featured_media":10586,"comment_status":"open","ping_status":"open","sticky":false,"template":"","format":"standard","meta":{"footnotes":""},"categories":[39],"tags":[],"class_list":["post-10585","post","type-post","status-publish","format-standard","has-post-thumbnail","hentry","category-medio-ambiente"],"jetpack_featured_media_url":"https:\/\/radiorevelacionfm.cl\/wp-content\/uploads\/2021\/11\/bosques-1_optimized.jpg","_links":{"self":[{"href":"https:\/\/radiorevelacionfm.cl\/index.php?rest_route=\/wp\/v2\/posts\/10585","targetHints":{"allow":["GET"]}}],"collection":[{"href":"https:\/\/radiorevelacionfm.cl\/index.php?rest_route=\/wp\/v2\/posts"}],"about":[{"href":"https:\/\/radiorevelacionfm.cl\/index.php?rest_route=\/wp\/v2\/types\/post"}],"author":[{"embeddable":true,"href":"https:\/\/radiorevelacionfm.cl\/index.php?rest_route=\/wp\/v2\/users\/1"}],"replies":[{"embeddable":true,"href":"https:\/\/radiorevelacionfm.cl\/index.php?rest_route=%2Fwp%2Fv2%2Fcomments&post=10585"}],"version-history":[{"count":2,"href":"https:\/\/radiorevelacionfm.cl\/index.php?rest_route=\/wp\/v2\/posts\/10585\/revisions"}],"predecessor-version":[{"id":10608,"href":"https:\/\/radiorevelacionfm.cl\/index.php?rest_route=\/wp\/v2\/posts\/10585\/revisions\/10608"}],"wp:featuredmedia":[{"embeddable":true,"href":"https:\/\/radiorevelacionfm.cl\/index.php?rest_route=\/wp\/v2\/media\/10586"}],"wp:attachment":[{"href":"https:\/\/radiorevelacionfm.cl\/index.php?rest_route=%2Fwp%2Fv2%2Fmedia&parent=10585"}],"wp:term":[{"taxonomy":"category","embeddable":true,"href":"https:\/\/radiorevelacionfm.cl\/index.php?rest_route=%2Fwp%2Fv2%2Fcategories&post=10585"},{"taxonomy":"post_tag","embeddable":true,"href":"https:\/\/radiorevelacionfm.cl\/index.php?rest_route=%2Fwp%2Fv2%2Ftags&post=10585"}],"curies":[{"name":"wp","href":"https:\/\/api.w.org\/{rel}","templated":true}]}}