{"id":10568,"date":"2021-11-09T17:20:18","date_gmt":"2021-11-09T20:20:18","guid":{"rendered":"https:\/\/radiorevelacionfm.cl\/?p=10568"},"modified":"2021-11-09T17:20:18","modified_gmt":"2021-11-09T20:20:18","slug":"lanzan-nueva-convocatoria-para-la-20a-edicion-de-la-muestra-nacional-de-dramaturgia","status":"publish","type":"post","link":"https:\/\/radiorevelacionfm.cl\/?p=10568","title":{"rendered":"Lanzan nueva convocatoria para la 20\u00aa edici\u00f3n de la Muestra Nacional de Dramaturgia"},"content":{"rendered":"<div class=\"flex_column av_one_full  flex_column_div av-zero-column-padding first  avia-builder-el-0  el_before_av_one_full  avia-builder-el-first  \" style='border-radius:0px; '><div  class='avia-image-container  av-styling-    avia-builder-el-1  avia-builder-el-no-sibling  avia-align-center '  itemprop=\"image\" itemscope=\"itemscope\" itemtype=\"https:\/\/schema.org\/ImageObject\"  ><div class='avia-image-container-inner'><div class='avia-image-overlay-wrap'><img decoding=\"async\" class='wp-image-10569 avia-img-lazy-loading-not-10569 avia_image' src=\"https:\/\/radiorevelacionfm.cl\/wp-content\/uploads\/2021\/11\/2016-La-vida-terrestre-de-Nebraska-de-Bruce-Gibbons-1-1.jpg\" alt='' title='2016 - La vida terrestre de Nebraska, de Bruce Gibbons (1) (1)' height=\"600\" width=\"901\"  itemprop=\"thumbnailUrl\" srcset=\"https:\/\/radiorevelacionfm.cl\/wp-content\/uploads\/2021\/11\/2016-La-vida-terrestre-de-Nebraska-de-Bruce-Gibbons-1-1.jpg 901w, https:\/\/radiorevelacionfm.cl\/wp-content\/uploads\/2021\/11\/2016-La-vida-terrestre-de-Nebraska-de-Bruce-Gibbons-1-1-300x200.jpg 300w, https:\/\/radiorevelacionfm.cl\/wp-content\/uploads\/2021\/11\/2016-La-vida-terrestre-de-Nebraska-de-Bruce-Gibbons-1-1-768x511.jpg 768w, https:\/\/radiorevelacionfm.cl\/wp-content\/uploads\/2021\/11\/2016-La-vida-terrestre-de-Nebraska-de-Bruce-Gibbons-1-1-705x469.jpg 705w, https:\/\/radiorevelacionfm.cl\/wp-content\/uploads\/2021\/11\/2016-La-vida-terrestre-de-Nebraska-de-Bruce-Gibbons-1-1-600x400.jpg 600w\" sizes=\"(max-width: 901px) 100vw, 901px\" \/><\/div><\/div><\/div><\/div><div class=\"flex_column av_one_full  flex_column_div av-zero-column-padding first  avia-builder-el-2  el_after_av_one_full  el_before_av_one_full  column-top-margin\" style='border-radius:0px; '><section class=\"av_textblock_section \"  itemscope=\"itemscope\" itemtype=\"https:\/\/schema.org\/BlogPosting\" itemprop=\"blogPost\" ><div class='avia_textblock  '   itemprop=\"text\" ><p style=\"text-align: center;\"><strong><span style=\"font-size: 18pt;\">Lanzan nueva convocatoria para la 20\u00aa edici\u00f3n de la Muestra Nacional de Dramaturgia <\/span><\/strong><\/p>\n<div id=\"gtx-trans\" style=\"position: absolute; left: -50px; top: 4.31534px;\">\n<div class=\"gtx-trans-icon\"><\/div>\n<\/div>\n<\/div><\/section><\/div><div class=\"flex_column av_one_full  flex_column_div av-zero-column-padding first  avia-builder-el-4  el_after_av_one_full  el_before_av_hr  column-top-margin\" style='border-radius:0px; '><section class=\"av_textblock_section \"  itemscope=\"itemscope\" itemtype=\"https:\/\/schema.org\/BlogPosting\" itemprop=\"blogPost\" ><div class='avia_textblock  '   itemprop=\"text\" ><p style=\"text-align: justify;\">El Ministerio de las Culturas, las Artes y el Patrimonio, a trav\u00e9s de la secretar\u00eda Ejecutiva de Artes Esc\u00e9nicas, invita a dramaturgas y dramaturgos chilenos a participar de la <strong>XX Muestra Nacional de Dramaturgia,<\/strong> emblem\u00e1tico programa que premiar\u00e1 a las mejores cinco obras de teatro participantes de la convocatoria.<\/p>\n<p style=\"text-align: justify;\">\u201cLa Muestra Nacional de Dramaturgia se ha instalado como un espacio valorado y esperado por el sector de las artes esc\u00e9nicas. Adem\u00e1s de convertirse en una fiesta del teatro para los artistas y el p\u00fablico. La muestra nos ha permitido visibilizar el inmenso valor y tradici\u00f3n que la dramaturgia tiene en nuestro pa\u00eds\u201d, se\u00f1al\u00f3 la Ministra de las Culturas, las Artes y el Patrimonio, Consuelo Vald\u00e9s.<\/p>\n<p style=\"text-align: justify;\">Adem\u00e1s, agreg\u00f3 que \u201cel enorme talento de nuestros artistas ha permeado en la vida de las personas a trav\u00e9s de las historias que hemos visto pasar en las versiones anteriores. Chile es un pa\u00eds de dramaturgos, y esta muestra viene a celebrar esta identidad\u201d.<\/p>\n<p style=\"text-align: justify;\">Esta edici\u00f3n pondr\u00e1 un especial \u00e9nfasis en la descentralizaci\u00f3n de la creaci\u00f3n art\u00edstica, ya que al menos dos de los dramaturgos seleccionados deben ser residentes en regiones distintas a la Metropolitana, adem\u00e1s de distinguir entre autores Emergentes y de Trayectoria.<\/p>\n<p style=\"text-align: justify;\">La primera categor\u00eda seleccionar\u00e1 a tres postulantes que cuenten con un m\u00e1ximo de tres estrenos profesionales, presenciales y\/o virtuales a la fecha de postulaci\u00f3n del proyecto. En tanto, la segunda categor\u00eda, galardonar\u00e1 a dos autores que cuenten con un m\u00ednimo de cuatro estrenos profesionales. Todas las obras premiadas recibir\u00e1n un est\u00edmulo econ\u00f3mico y la posibilidad de ser montadas profesionalmente durante 2022.<\/p>\n<p style=\"text-align: justify;\">Los autores seleccionados recibir\u00e1n un premio \u00fanico en dinero y la invitaci\u00f3n a participar de un programa de actividades a desarrollarse el a\u00f1o 2022, que incluye el montaje profesional de las obras, oportunidades de formaci\u00f3n, encuentros e intercambio que fomenten la dramaturgia nacional, la visibilidad del oficio y su puesta en valor en el desarrollo art\u00edstico nacional.<\/p>\n<p style=\"text-align: justify;\">Los montos a recibir por categor\u00eda son 3 millones de pesos para los ganadores en categor\u00eda emergente, y 5 millones de pesos para los ganadores en la categor\u00eda trayectoria.<\/p>\n<p style=\"text-align: justify;\">La convocatoria estar\u00e1 abierta hasta 29 de noviembre hasta las 17:00 horas. Toda la informaci\u00f3n estar\u00e1 contenida en el sitio web <a href=\"http:\/\/www.fondosdecultura.gob.cl\/\">www.fondosdecultura.gob.cl<\/a><\/p>\n<\/div><\/section><\/div><div  style='height:50px' class='hr hr-invisible   avia-builder-el-6  el_after_av_one_full  el_before_av_social_share '><span class='hr-inner ' ><span class='hr-inner-style'><\/span><\/span><\/div><\/p>\n<div  class='av-social-sharing-box  avia-builder-el-7  el_after_av_hr  el_before_av_hr  '><div class='av-share-box'><h5 class='av-share-link-description av-no-toc '>Compartir esta noticia<\/h5><ul class='av-share-box-list noLightbox'><li class='av-share-link av-social-link-facebook' ><a target=\"_blank\" aria-label=\"Compartir en Facebook\" href='https:\/\/www.facebook.com\/sharer.php?u=https:\/\/radiorevelacionfm.cl\/?p=10568&#038;t=Lanzan%20nueva%20convocatoria%20para%20la%2020%C2%AA%20edici%C3%B3n%20de%20la%20Muestra%20Nacional%20de%20Dramaturgia' aria-hidden='false' data-av_icon='\ue8f3' data-av_iconfont='entypo-fontello' title='' data-avia-related-tooltip='Compartir en Facebook' rel=\"noopener\"><span class='avia_hidden_link_text'>Compartir en Facebook<\/span><\/a><\/li><li class='av-share-link av-social-link-twitter' ><a target=\"_blank\" aria-label=\"Compartir en Twitter\" href='https:\/\/twitter.com\/share?text=Lanzan%20nueva%20convocatoria%20para%20la%2020%C2%AA%20edici%C3%B3n%20de%20la%20Muestra%20Nacional%20de%20Dramaturgia&#038;url=https:\/\/radiorevelacionfm.cl\/?p=10568' aria-hidden='false' data-av_icon='\ue8f1' data-av_iconfont='entypo-fontello' title='' data-avia-related-tooltip='Compartir en Twitter' rel=\"noopener\"><span class='avia_hidden_link_text'>Compartir en Twitter<\/span><\/a><\/li><li class='av-share-link av-social-link-whatsapp' ><a target=\"_blank\" aria-label=\"Compartir en Whatsapp\" href='https:\/\/api.whatsapp.com\/send?text=https:\/\/radiorevelacionfm.cl\/?p=10568' aria-hidden='false' data-av_icon='\uf232' data-av_iconfont='entypo-fontello' title='' data-avia-related-tooltip='Compartir en Whatsapp' rel=\"noopener\"><span class='avia_hidden_link_text'>Compartir en Whatsapp<\/span><\/a><\/li><li class='av-share-link av-social-link-linkedin' ><a target=\"_blank\" aria-label=\"Compartir en LinkedIn\" href='https:\/\/linkedin.com\/shareArticle?mini=true&#038;title=Lanzan%20nueva%20convocatoria%20para%20la%2020%C2%AA%20edici%C3%B3n%20de%20la%20Muestra%20Nacional%20de%20Dramaturgia&#038;url=https:\/\/radiorevelacionfm.cl\/?p=10568' aria-hidden='false' data-av_icon='\ue8fc' data-av_iconfont='entypo-fontello' title='' data-avia-related-tooltip='Compartir en LinkedIn' rel=\"noopener\"><span class='avia_hidden_link_text'>Compartir en LinkedIn<\/span><\/a><\/li><li class='av-share-link av-social-link-mail' ><a  aria-label=\"Compartir por correo\" href='mailto:?subject=Lanzan%20nueva%20convocatoria%20para%20la%2020%C2%AA%20edici%C3%B3n%20de%20la%20Muestra%20Nacional%20de%20Dramaturgia&#038;body=https:\/\/radiorevelacionfm.cl\/?p=10568' aria-hidden='false' data-av_icon='\ue805' data-av_iconfont='entypo-fontello' title='' data-avia-related-tooltip='Compartir por correo'><span class='avia_hidden_link_text'>Compartir por correo<\/span><\/a><\/li><\/ul><\/div><\/div>\n<div  style='height:50px' class='hr hr-invisible   avia-builder-el-8  el_after_av_social_share  el_before_av_comments_list '><span class='hr-inner ' ><span class='hr-inner-style'><\/span><\/span><\/div>\n<div  class='av-buildercomment  av-blog-meta-html-info-disabled av-blog-meta-tag-disabled  '><\/div>\n","protected":false},"excerpt":{"rendered":"","protected":false},"author":1,"featured_media":10569,"comment_status":"open","ping_status":"open","sticky":false,"template":"","format":"standard","meta":{"footnotes":""},"categories":[52],"tags":[],"class_list":["post-10568","post","type-post","status-publish","format-standard","has-post-thumbnail","hentry","category-cultura"],"jetpack_featured_media_url":"https:\/\/radiorevelacionfm.cl\/wp-content\/uploads\/2021\/11\/2016-La-vida-terrestre-de-Nebraska-de-Bruce-Gibbons-1-1.jpg","_links":{"self":[{"href":"https:\/\/radiorevelacionfm.cl\/index.php?rest_route=\/wp\/v2\/posts\/10568","targetHints":{"allow":["GET"]}}],"collection":[{"href":"https:\/\/radiorevelacionfm.cl\/index.php?rest_route=\/wp\/v2\/posts"}],"about":[{"href":"https:\/\/radiorevelacionfm.cl\/index.php?rest_route=\/wp\/v2\/types\/post"}],"author":[{"embeddable":true,"href":"https:\/\/radiorevelacionfm.cl\/index.php?rest_route=\/wp\/v2\/users\/1"}],"replies":[{"embeddable":true,"href":"https:\/\/radiorevelacionfm.cl\/index.php?rest_route=%2Fwp%2Fv2%2Fcomments&post=10568"}],"version-history":[{"count":2,"href":"https:\/\/radiorevelacionfm.cl\/index.php?rest_route=\/wp\/v2\/posts\/10568\/revisions"}],"predecessor-version":[{"id":10588,"href":"https:\/\/radiorevelacionfm.cl\/index.php?rest_route=\/wp\/v2\/posts\/10568\/revisions\/10588"}],"wp:featuredmedia":[{"embeddable":true,"href":"https:\/\/radiorevelacionfm.cl\/index.php?rest_route=\/wp\/v2\/media\/10569"}],"wp:attachment":[{"href":"https:\/\/radiorevelacionfm.cl\/index.php?rest_route=%2Fwp%2Fv2%2Fmedia&parent=10568"}],"wp:term":[{"taxonomy":"category","embeddable":true,"href":"https:\/\/radiorevelacionfm.cl\/index.php?rest_route=%2Fwp%2Fv2%2Fcategories&post=10568"},{"taxonomy":"post_tag","embeddable":true,"href":"https:\/\/radiorevelacionfm.cl\/index.php?rest_route=%2Fwp%2Fv2%2Ftags&post=10568"}],"curies":[{"name":"wp","href":"https:\/\/api.w.org\/{rel}","templated":true}]}}