{"id":10563,"date":"2021-11-09T13:01:34","date_gmt":"2021-11-09T16:01:34","guid":{"rendered":"https:\/\/radiorevelacionfm.cl\/?p=10563"},"modified":"2021-11-09T13:01:34","modified_gmt":"2021-11-09T16:01:34","slug":"invitan-a-comerciantes-y-productores-de-lena-a-informarse-de-la-proxima-convocatoria-al-sello-calidad-de-lena","status":"publish","type":"post","link":"https:\/\/radiorevelacionfm.cl\/?p=10563","title":{"rendered":"Invitan a comerciantes y productores de le\u00f1a a informarse de la pr\u00f3xima convocatoria al Sello Calidad de Le\u00f1a"},"content":{"rendered":"<div class=\"flex_column av_one_full  flex_column_div av-zero-column-padding first  avia-builder-el-0  el_before_av_one_full  avia-builder-el-first  \" style='border-radius:0px; '><div  class='avia-image-container  av-styling-    avia-builder-el-1  avia-builder-el-no-sibling  avia-align-center '  itemprop=\"image\" itemscope=\"itemscope\" itemtype=\"https:\/\/schema.org\/ImageObject\"  ><div class='avia-image-container-inner'><div class='avia-image-overlay-wrap'><img decoding=\"async\" class='wp-image-10564 avia-img-lazy-loading-not-10564 avia_image' src=\"https:\/\/radiorevelacionfm.cl\/wp-content\/uploads\/2021\/11\/Lena-3-60-1.jpg\" alt='' title='Le\u00f1a 3 (60) (1)' height=\"600\" width=\"1067\"  itemprop=\"thumbnailUrl\" srcset=\"https:\/\/radiorevelacionfm.cl\/wp-content\/uploads\/2021\/11\/Lena-3-60-1.jpg 1067w, https:\/\/radiorevelacionfm.cl\/wp-content\/uploads\/2021\/11\/Lena-3-60-1-300x169.jpg 300w, https:\/\/radiorevelacionfm.cl\/wp-content\/uploads\/2021\/11\/Lena-3-60-1-1030x579.jpg 1030w, https:\/\/radiorevelacionfm.cl\/wp-content\/uploads\/2021\/11\/Lena-3-60-1-768x432.jpg 768w, https:\/\/radiorevelacionfm.cl\/wp-content\/uploads\/2021\/11\/Lena-3-60-1-705x396.jpg 705w, https:\/\/radiorevelacionfm.cl\/wp-content\/uploads\/2021\/11\/Lena-3-60-1-600x337.jpg 600w\" sizes=\"(max-width: 1067px) 100vw, 1067px\" \/><\/div><\/div><\/div><\/div><div class=\"flex_column av_one_full  flex_column_div av-zero-column-padding first  avia-builder-el-2  el_after_av_one_full  el_before_av_one_full  column-top-margin\" style='border-radius:0px; '><section class=\"av_textblock_section \"  itemscope=\"itemscope\" itemtype=\"https:\/\/schema.org\/BlogPosting\" itemprop=\"blogPost\" ><div class='avia_textblock  '   itemprop=\"text\" ><p style=\"text-align: center;\"><strong><span style=\"font-size: 18pt;\">Invitan a comerciantes y productores de le\u00f1a a informarse de la pr\u00f3xima convocatoria al Sello Calidad de Le\u00f1a <\/span><\/strong><\/p>\n<div id=\"gtx-trans\" style=\"position: absolute; left: -50px; top: 4.31534px;\">\n<div class=\"gtx-trans-icon\"><\/div>\n<\/div>\n<\/div><\/section><\/div><div class=\"flex_column av_one_full  flex_column_div av-zero-column-padding first  avia-builder-el-4  el_after_av_one_full  el_before_av_hr  column-top-margin\" style='border-radius:0px; '><section class=\"av_textblock_section \"  itemscope=\"itemscope\" itemtype=\"https:\/\/schema.org\/BlogPosting\" itemprop=\"blogPost\" ><div class='avia_textblock  '   itemprop=\"text\" ><p style=\"text-align: justify;\">El Ministerio de Energ\u00eda y la Agencia de Sostenibilidad Energ\u00e9tica (AgenciaSE), invitan a los productores y comerciantes de le\u00f1a de Ays\u00e9n a informarse con anticipaci\u00f3n para la pr\u00f3xima convocatoria de postulaci\u00f3n al Sello Calidad de Le\u00f1a.<\/p>\n<p style=\"text-align: justify;\">Esta iniciativa es un reconocimiento entregado por ambas instituciones que destaca y visibiliza tanto a comerciantes como a productores de le\u00f1a, que respetan la normativa tributaria y forestal, y cuyo proceso de producci\u00f3n les permite generar un producto que cumple con un est\u00e1ndar de calidad, es decir, le\u00f1a seca y de dimensiones \u00f3ptimas para su uso en equipos dedicados a la calefacci\u00f3n de los hogares.<\/p>\n<p style=\"text-align: justify;\">Al respecto, el Seremi de Energ\u00eda de Ays\u00e9n, Juan Luis Amen\u00e1bar, se\u00f1al\u00f3 que \u201ca trav\u00e9s del Sello Calidad de Le\u00f1a buscamos reconocer y apoyar a los productores y comerciantes que hacen bien las cosas y que ofrecen a las familias de Ays\u00e9n le\u00f1a seca, de calidad, con un porcentaje de humedad inferior al 25%. Adem\u00e1s, es importante destacar que los consumidores regionales gradualmente han demostrado cambios en sus h\u00e1bitos de consumo de le\u00f1a, lo que ha generado una creciente demanda por le\u00f1a seca que es necesario satisfacer y garantizar\u201d.<\/p>\n<p style=\"text-align: justify;\">Asimismo, Amen\u00e1bar explic\u00f3 que \u201cel Sello Calidad de Le\u00f1a busca adem\u00e1s preparar el mercado para la implementaci\u00f3n del Proyecto de Ley de Biocombustibles S\u00f3lidos (BCS) aprobado en general por la C\u00e1mara de Diputados el pasado mes de agosto, y que ahora se encuentra en el Senado para su tramitaci\u00f3n, y que precisamente regular\u00e1 la calidad de la le\u00f1a que se comercializa en Chile, un anhelo de muchos a\u00f1os del rubro le\u00f1ero\u201d.<\/p>\n<p style=\"text-align: justify;\">El Sello Calidad de Le\u00f1a es el \u00fanico sello de este tipo en el pa\u00eds, reemplaza al anterior Sello \u201cLe\u00f1a Certificada\u201d del Sistema Nacional de Certificaci\u00f3n de Le\u00f1a, y es producto del trabajo conjunto y coordinado entre el Ministerio de Energ\u00eda, la AgenciaSE y destacadas instituciones del sector p\u00fablico y privado.<\/p>\n<p style=\"text-align: justify;\">BENEFICIOS<\/p>\n<p style=\"text-align: justify;\">El proceso de postulaci\u00f3n y monitoreo del est\u00e1ndar para obtener el Sello Calidad de Le\u00f1a no tiene costos para los interesados, quienes al aprobar su solicitud podr\u00e1n utilizar el sello en todo el material de difusi\u00f3n propio de la empresa tales como sacos, boletas y letreros.<\/p>\n<p style=\"text-align: justify;\">El Sello Calidad de Le\u00f1a es un beneficio para los comerciantes de le\u00f1a, que les permitir\u00e1 diferenciarse en el mercado con un producto de calidad estandarizada, pudiendo adem\u00e1s participar en las instancias de difusi\u00f3n que genera el Ministerio de Energ\u00eda y la Agencia SE.<\/p>\n<p style=\"text-align: justify;\">Finalmente, la autoridad regional agreg\u00f3 que \u201cme gustar\u00eda invitar a todos los productores de Ays\u00e9n a informarse con tiempo sobre los requisitos para postular al sello, esto lo pueden hacer visitando la p\u00e1gina web\u00a0<a href=\"http:\/\/www.sellocalidadlena.cl\/\">www.sellocalidadlena.cl<\/a>, donde podr\u00e1n descargar las bases de postulaci\u00f3n y as\u00ed estar mejor preparados para la pr\u00f3xima convocatoria\u201d.<\/p>\n<\/div><\/section><\/div><div  style='height:50px' class='hr hr-invisible   avia-builder-el-6  el_after_av_one_full  el_before_av_social_share '><span class='hr-inner ' ><span class='hr-inner-style'><\/span><\/span><\/div><\/p>\n<div  class='av-social-sharing-box  avia-builder-el-7  el_after_av_hr  el_before_av_hr  '><div class='av-share-box'><h5 class='av-share-link-description av-no-toc '>Compartir esta noticia<\/h5><ul class='av-share-box-list noLightbox'><li class='av-share-link av-social-link-facebook' ><a target=\"_blank\" aria-label=\"Compartir en Facebook\" href='https:\/\/www.facebook.com\/sharer.php?u=https:\/\/radiorevelacionfm.cl\/?p=10563&#038;t=Invitan%20a%20comerciantes%20y%20productores%20de%20le%C3%B1a%20a%20informarse%20de%20la%20pr%C3%B3xima%20convocatoria%20al%20Sello%20Calidad%20de%20Le%C3%B1a' aria-hidden='false' data-av_icon='\ue8f3' data-av_iconfont='entypo-fontello' title='' data-avia-related-tooltip='Compartir en Facebook' rel=\"noopener\"><span class='avia_hidden_link_text'>Compartir en Facebook<\/span><\/a><\/li><li class='av-share-link av-social-link-twitter' ><a target=\"_blank\" aria-label=\"Compartir en Twitter\" href='https:\/\/twitter.com\/share?text=Invitan%20a%20comerciantes%20y%20productores%20de%20le%C3%B1a%20a%20informarse%20de%20la%20pr%C3%B3xima%20convocatoria%20al%20Sello%20Calidad%20de%20Le%C3%B1a&#038;url=https:\/\/radiorevelacionfm.cl\/?p=10563' aria-hidden='false' data-av_icon='\ue8f1' data-av_iconfont='entypo-fontello' title='' data-avia-related-tooltip='Compartir en Twitter' rel=\"noopener\"><span class='avia_hidden_link_text'>Compartir en Twitter<\/span><\/a><\/li><li class='av-share-link av-social-link-whatsapp' ><a target=\"_blank\" aria-label=\"Compartir en Whatsapp\" href='https:\/\/api.whatsapp.com\/send?text=https:\/\/radiorevelacionfm.cl\/?p=10563' aria-hidden='false' data-av_icon='\uf232' data-av_iconfont='entypo-fontello' title='' data-avia-related-tooltip='Compartir en Whatsapp' rel=\"noopener\"><span class='avia_hidden_link_text'>Compartir en Whatsapp<\/span><\/a><\/li><li class='av-share-link av-social-link-linkedin' ><a target=\"_blank\" aria-label=\"Compartir en LinkedIn\" href='https:\/\/linkedin.com\/shareArticle?mini=true&#038;title=Invitan%20a%20comerciantes%20y%20productores%20de%20le%C3%B1a%20a%20informarse%20de%20la%20pr%C3%B3xima%20convocatoria%20al%20Sello%20Calidad%20de%20Le%C3%B1a&#038;url=https:\/\/radiorevelacionfm.cl\/?p=10563' aria-hidden='false' data-av_icon='\ue8fc' data-av_iconfont='entypo-fontello' title='' data-avia-related-tooltip='Compartir en LinkedIn' rel=\"noopener\"><span class='avia_hidden_link_text'>Compartir en LinkedIn<\/span><\/a><\/li><li class='av-share-link av-social-link-mail' ><a  aria-label=\"Compartir por correo\" href='mailto:?subject=Invitan%20a%20comerciantes%20y%20productores%20de%20le%C3%B1a%20a%20informarse%20de%20la%20pr%C3%B3xima%20convocatoria%20al%20Sello%20Calidad%20de%20Le%C3%B1a&#038;body=https:\/\/radiorevelacionfm.cl\/?p=10563' aria-hidden='false' data-av_icon='\ue805' data-av_iconfont='entypo-fontello' title='' data-avia-related-tooltip='Compartir por correo'><span class='avia_hidden_link_text'>Compartir por correo<\/span><\/a><\/li><\/ul><\/div><\/div>\n<div  style='height:50px' class='hr hr-invisible   avia-builder-el-8  el_after_av_social_share  el_before_av_comments_list '><span class='hr-inner ' ><span class='hr-inner-style'><\/span><\/span><\/div>\n<div  class='av-buildercomment  av-blog-meta-html-info-disabled av-blog-meta-tag-disabled  '><\/div>\n","protected":false},"excerpt":{"rendered":"","protected":false},"author":1,"featured_media":10564,"comment_status":"open","ping_status":"open","sticky":false,"template":"","format":"standard","meta":{"footnotes":""},"categories":[38],"tags":[],"class_list":["post-10563","post","type-post","status-publish","format-standard","has-post-thumbnail","hentry","category-regional"],"jetpack_featured_media_url":"https:\/\/radiorevelacionfm.cl\/wp-content\/uploads\/2021\/11\/Lena-3-60-1.jpg","_links":{"self":[{"href":"https:\/\/radiorevelacionfm.cl\/index.php?rest_route=\/wp\/v2\/posts\/10563","targetHints":{"allow":["GET"]}}],"collection":[{"href":"https:\/\/radiorevelacionfm.cl\/index.php?rest_route=\/wp\/v2\/posts"}],"about":[{"href":"https:\/\/radiorevelacionfm.cl\/index.php?rest_route=\/wp\/v2\/types\/post"}],"author":[{"embeddable":true,"href":"https:\/\/radiorevelacionfm.cl\/index.php?rest_route=\/wp\/v2\/users\/1"}],"replies":[{"embeddable":true,"href":"https:\/\/radiorevelacionfm.cl\/index.php?rest_route=%2Fwp%2Fv2%2Fcomments&post=10563"}],"version-history":[{"count":2,"href":"https:\/\/radiorevelacionfm.cl\/index.php?rest_route=\/wp\/v2\/posts\/10563\/revisions"}],"predecessor-version":[{"id":10571,"href":"https:\/\/radiorevelacionfm.cl\/index.php?rest_route=\/wp\/v2\/posts\/10563\/revisions\/10571"}],"wp:featuredmedia":[{"embeddable":true,"href":"https:\/\/radiorevelacionfm.cl\/index.php?rest_route=\/wp\/v2\/media\/10564"}],"wp:attachment":[{"href":"https:\/\/radiorevelacionfm.cl\/index.php?rest_route=%2Fwp%2Fv2%2Fmedia&parent=10563"}],"wp:term":[{"taxonomy":"category","embeddable":true,"href":"https:\/\/radiorevelacionfm.cl\/index.php?rest_route=%2Fwp%2Fv2%2Fcategories&post=10563"},{"taxonomy":"post_tag","embeddable":true,"href":"https:\/\/radiorevelacionfm.cl\/index.php?rest_route=%2Fwp%2Fv2%2Ftags&post=10563"}],"curies":[{"name":"wp","href":"https:\/\/api.w.org\/{rel}","templated":true}]}}