{"id":10558,"date":"2021-11-09T11:56:16","date_gmt":"2021-11-09T14:56:16","guid":{"rendered":"https:\/\/radiorevelacionfm.cl\/?p=10558"},"modified":"2021-11-09T11:56:16","modified_gmt":"2021-11-09T14:56:16","slug":"seremi-de-salud-aysen-reconoce-vacunacion-erronea-con-lotes-no-vigentes-de-astrazeneca-y-pfizer","status":"publish","type":"post","link":"https:\/\/radiorevelacionfm.cl\/?p=10558","title":{"rendered":"Seremi de Salud Ays\u00e9n reconoce vacunaci\u00f3n err\u00f3nea con lotes no vigentes de Astrazeneca y Pfizer"},"content":{"rendered":"<div class=\"flex_column av_one_full  flex_column_div av-zero-column-padding first  avia-builder-el-0  el_before_av_one_full  avia-builder-el-first  \" style='border-radius:0px; '><div  class='avia-image-container  av-styling-    avia-builder-el-1  avia-builder-el-no-sibling  avia-align-center '  itemprop=\"image\" itemscope=\"itemscope\" itemtype=\"https:\/\/schema.org\/ImageObject\"  ><div class='avia-image-container-inner'><div class='avia-image-overlay-wrap'><img decoding=\"async\" class='wp-image-10560 avia-img-lazy-loading-not-10560 avia_image' src=\"https:\/\/radiorevelacionfm.cl\/wp-content\/uploads\/2021\/11\/astrazeneca-2-1.jpg\" alt='' title='astrazeneca (2) (1)' height=\"600\" width=\"1011\"  itemprop=\"thumbnailUrl\" srcset=\"https:\/\/radiorevelacionfm.cl\/wp-content\/uploads\/2021\/11\/astrazeneca-2-1.jpg 1011w, https:\/\/radiorevelacionfm.cl\/wp-content\/uploads\/2021\/11\/astrazeneca-2-1-300x178.jpg 300w, https:\/\/radiorevelacionfm.cl\/wp-content\/uploads\/2021\/11\/astrazeneca-2-1-768x456.jpg 768w, https:\/\/radiorevelacionfm.cl\/wp-content\/uploads\/2021\/11\/astrazeneca-2-1-705x418.jpg 705w, https:\/\/radiorevelacionfm.cl\/wp-content\/uploads\/2021\/11\/astrazeneca-2-1-600x356.jpg 600w\" sizes=\"(max-width: 1011px) 100vw, 1011px\" \/><\/div><\/div><\/div><\/div><div class=\"flex_column av_one_full  flex_column_div av-zero-column-padding first  avia-builder-el-2  el_after_av_one_full  el_before_av_one_full  column-top-margin\" style='border-radius:0px; '><section class=\"av_textblock_section \"  itemscope=\"itemscope\" itemtype=\"https:\/\/schema.org\/BlogPosting\" itemprop=\"blogPost\" ><div class='avia_textblock  '   itemprop=\"text\" ><p style=\"text-align: center;\"><strong><span style=\"font-size: 18pt;\">Seremi de Salud Ays\u00e9n reconoce vacunaci\u00f3n err\u00f3nea con lotes no vigentes de Astrazeneca y Pfizer <\/span><\/strong><\/p>\n<div id=\"gtx-trans\" style=\"position: absolute; left: -50px; top: 4.31534px;\">\n<div class=\"gtx-trans-icon\"><\/div>\n<\/div>\n<\/div><\/section><\/div><div class=\"flex_column av_one_full  flex_column_div av-zero-column-padding first  avia-builder-el-4  el_after_av_one_full  el_before_av_hr  column-top-margin\" style='border-radius:0px; '><section class=\"av_textblock_section \"  itemscope=\"itemscope\" itemtype=\"https:\/\/schema.org\/BlogPosting\" itemprop=\"blogPost\" ><div class='avia_textblock  '   itemprop=\"text\" ><p style=\"text-align: justify;\">En el marco del programa de vacunaci\u00f3n contra COVID 19, la SEREMI de Salud Ays\u00e9n informa la ocasi\u00f3n de un error program\u00e1tico (EPRO) localizado en las comunas de Coyhaique (54 personas) y Ays\u00e9n (06 personas).<\/p>\n<p style=\"text-align: justify;\">De acuerdo con lo informado por el Programa Nacional de Inmunizaciones se trata de la administraci\u00f3n de 54 dosis de vacuna Astrazeneca fuera de la fecha de vigencia establecida por el laboratorio (31\/10\/2021). De ellos, 53 correspond\u00edan a dosis de refuerzo y 01 caso de segunda dosis.<\/p>\n<p style=\"text-align: justify;\">En el caso de la vacuna Pfizer, se detect\u00f3 la inoculaci\u00f3n de 06 personas, administradas en el Hospital de Ays\u00e9n, con tres d\u00edas posteriores a su vigencia de uso despu\u00e9s del descongelamiento de este lote.<\/p>\n<p style=\"text-align: justify;\">Es importante se\u00f1alar que estos eventos no implican un riesgo para la salud de las personas, sin embargo, ellas pudieron haber perdido su protecci\u00f3n, por lo cual, es importante que se puedan vacunar nuevamente.<\/p>\n<p style=\"text-align: justify;\">Al respecto, la Autoridad Sanitaria regional ha determinado diversas acciones a seguir entre ellas:<\/p>\n<p style=\"text-align: justify;\">Iniciar seguimiento m\u00e9dico a los usuarios que fueron inoculados, y dar curso a sumario para determinar responsabilidades.<\/p>\n<p style=\"text-align: justify;\">Reuni\u00f3n informativa con los directores y encargados del Programa Nacional de Inmunizaciones para entregar los lineamientos t\u00e9cnicos y reforzar la importancia que los equipos a nivel local cumplan con las normativas asociadas al almacenamiento y manejo de vacunas entregadas por la Autoridad Sanitaria.<\/p>\n<p style=\"text-align: justify;\">Revisi\u00f3n de los procedimientos t\u00e9cnicos y administrativos asociados a los procesos de vacunaci\u00f3n, para determinar las causas que originaron este evento.<\/p>\n<p style=\"text-align: justify;\">Desarrollo de un nuevo proceso de vacunaci\u00f3n focalizado s\u00f3lo en las personas que recibieron dichas dosis, para asegurar la adecuada protecci\u00f3n contra el COVID 19.<\/p>\n<\/div><\/section><\/div><div  style='height:50px' class='hr hr-invisible   avia-builder-el-6  el_after_av_one_full  el_before_av_social_share '><span class='hr-inner ' ><span class='hr-inner-style'><\/span><\/span><\/div><\/p>\n<div  class='av-social-sharing-box  avia-builder-el-7  el_after_av_hr  el_before_av_hr  '><div class='av-share-box'><h5 class='av-share-link-description av-no-toc '>Compartir esta noticia<\/h5><ul class='av-share-box-list noLightbox'><li class='av-share-link av-social-link-facebook' ><a target=\"_blank\" aria-label=\"Compartir en Facebook\" href='https:\/\/www.facebook.com\/sharer.php?u=https:\/\/radiorevelacionfm.cl\/?p=10558&#038;t=Seremi%20de%20Salud%20Ays%C3%A9n%20reconoce%20vacunaci%C3%B3n%20err%C3%B3nea%20con%20lotes%20no%20vigentes%20de%20Astrazeneca%20y%20Pfizer' aria-hidden='false' data-av_icon='\ue8f3' data-av_iconfont='entypo-fontello' title='' data-avia-related-tooltip='Compartir en Facebook' rel=\"noopener\"><span class='avia_hidden_link_text'>Compartir en Facebook<\/span><\/a><\/li><li class='av-share-link av-social-link-twitter' ><a target=\"_blank\" aria-label=\"Compartir en Twitter\" href='https:\/\/twitter.com\/share?text=Seremi%20de%20Salud%20Ays%C3%A9n%20reconoce%20vacunaci%C3%B3n%20err%C3%B3nea%20con%20lotes%20no%20vigentes%20de%20Astrazeneca%20y%20Pfizer&#038;url=https:\/\/radiorevelacionfm.cl\/?p=10558' aria-hidden='false' data-av_icon='\ue8f1' data-av_iconfont='entypo-fontello' title='' data-avia-related-tooltip='Compartir en Twitter' rel=\"noopener\"><span class='avia_hidden_link_text'>Compartir en Twitter<\/span><\/a><\/li><li class='av-share-link av-social-link-whatsapp' ><a target=\"_blank\" aria-label=\"Compartir en Whatsapp\" href='https:\/\/api.whatsapp.com\/send?text=https:\/\/radiorevelacionfm.cl\/?p=10558' aria-hidden='false' data-av_icon='\uf232' data-av_iconfont='entypo-fontello' title='' data-avia-related-tooltip='Compartir en Whatsapp' rel=\"noopener\"><span class='avia_hidden_link_text'>Compartir en Whatsapp<\/span><\/a><\/li><li class='av-share-link av-social-link-linkedin' ><a target=\"_blank\" aria-label=\"Compartir en LinkedIn\" href='https:\/\/linkedin.com\/shareArticle?mini=true&#038;title=Seremi%20de%20Salud%20Ays%C3%A9n%20reconoce%20vacunaci%C3%B3n%20err%C3%B3nea%20con%20lotes%20no%20vigentes%20de%20Astrazeneca%20y%20Pfizer&#038;url=https:\/\/radiorevelacionfm.cl\/?p=10558' aria-hidden='false' data-av_icon='\ue8fc' data-av_iconfont='entypo-fontello' title='' data-avia-related-tooltip='Compartir en LinkedIn' rel=\"noopener\"><span class='avia_hidden_link_text'>Compartir en LinkedIn<\/span><\/a><\/li><li class='av-share-link av-social-link-mail' ><a  aria-label=\"Compartir por correo\" href='mailto:?subject=Seremi%20de%20Salud%20Ays%C3%A9n%20reconoce%20vacunaci%C3%B3n%20err%C3%B3nea%20con%20lotes%20no%20vigentes%20de%20Astrazeneca%20y%20Pfizer&#038;body=https:\/\/radiorevelacionfm.cl\/?p=10558' aria-hidden='false' data-av_icon='\ue805' data-av_iconfont='entypo-fontello' title='' data-avia-related-tooltip='Compartir por correo'><span class='avia_hidden_link_text'>Compartir por correo<\/span><\/a><\/li><\/ul><\/div><\/div>\n<div  style='height:50px' class='hr hr-invisible   avia-builder-el-8  el_after_av_social_share  el_before_av_comments_list '><span class='hr-inner ' ><span class='hr-inner-style'><\/span><\/span><\/div>\n<div  class='av-buildercomment  av-blog-meta-html-info-disabled av-blog-meta-tag-disabled  '><\/div>\n","protected":false},"excerpt":{"rendered":"","protected":false},"author":1,"featured_media":10560,"comment_status":"open","ping_status":"open","sticky":false,"template":"","format":"standard","meta":{"footnotes":""},"categories":[46],"tags":[],"class_list":["post-10558","post","type-post","status-publish","format-standard","has-post-thumbnail","hentry","category-salud"],"jetpack_featured_media_url":"https:\/\/radiorevelacionfm.cl\/wp-content\/uploads\/2021\/11\/astrazeneca-2-1.jpg","_links":{"self":[{"href":"https:\/\/radiorevelacionfm.cl\/index.php?rest_route=\/wp\/v2\/posts\/10558","targetHints":{"allow":["GET"]}}],"collection":[{"href":"https:\/\/radiorevelacionfm.cl\/index.php?rest_route=\/wp\/v2\/posts"}],"about":[{"href":"https:\/\/radiorevelacionfm.cl\/index.php?rest_route=\/wp\/v2\/types\/post"}],"author":[{"embeddable":true,"href":"https:\/\/radiorevelacionfm.cl\/index.php?rest_route=\/wp\/v2\/users\/1"}],"replies":[{"embeddable":true,"href":"https:\/\/radiorevelacionfm.cl\/index.php?rest_route=%2Fwp%2Fv2%2Fcomments&post=10558"}],"version-history":[{"count":2,"href":"https:\/\/radiorevelacionfm.cl\/index.php?rest_route=\/wp\/v2\/posts\/10558\/revisions"}],"predecessor-version":[{"id":10562,"href":"https:\/\/radiorevelacionfm.cl\/index.php?rest_route=\/wp\/v2\/posts\/10558\/revisions\/10562"}],"wp:featuredmedia":[{"embeddable":true,"href":"https:\/\/radiorevelacionfm.cl\/index.php?rest_route=\/wp\/v2\/media\/10560"}],"wp:attachment":[{"href":"https:\/\/radiorevelacionfm.cl\/index.php?rest_route=%2Fwp%2Fv2%2Fmedia&parent=10558"}],"wp:term":[{"taxonomy":"category","embeddable":true,"href":"https:\/\/radiorevelacionfm.cl\/index.php?rest_route=%2Fwp%2Fv2%2Fcategories&post=10558"},{"taxonomy":"post_tag","embeddable":true,"href":"https:\/\/radiorevelacionfm.cl\/index.php?rest_route=%2Fwp%2Fv2%2Ftags&post=10558"}],"curies":[{"name":"wp","href":"https:\/\/api.w.org\/{rel}","templated":true}]}}