{"id":10551,"date":"2021-11-09T10:18:32","date_gmt":"2021-11-09T13:18:32","guid":{"rendered":"https:\/\/radiorevelacionfm.cl\/?p=10551"},"modified":"2021-11-09T10:18:32","modified_gmt":"2021-11-09T13:18:32","slug":"ind-realiza-encuentro-deportivo-de-gimnasia-ritmica-y-patinaje-artistico-del-programa-crecer-en-movimiento","status":"publish","type":"post","link":"https:\/\/radiorevelacionfm.cl\/?p=10551","title":{"rendered":"IND realiza encuentro deportivo de gimnasia r\u00edtmica y patinaje art\u00edstico del Programa Crecer en Movimiento"},"content":{"rendered":"<div class=\"flex_column av_one_full  flex_column_div av-zero-column-padding first  avia-builder-el-0  el_before_av_one_full  avia-builder-el-first  \" style='border-radius:0px; '><div  class='avia-image-container  av-styling-    avia-builder-el-1  avia-builder-el-no-sibling  avia-align-center '  itemprop=\"image\" itemscope=\"itemscope\" itemtype=\"https:\/\/schema.org\/ImageObject\"  ><div class='avia-image-container-inner'><div class='avia-image-overlay-wrap'><img decoding=\"async\" class='wp-image-10552 avia-img-lazy-loading-not-10552 avia_image' src=\"https:\/\/radiorevelacionfm.cl\/wp-content\/uploads\/2021\/11\/3-59-1-1.jpg\" alt='' title='3 (59) (1) (1)' height=\"600\" width=\"900\"  itemprop=\"thumbnailUrl\" srcset=\"https:\/\/radiorevelacionfm.cl\/wp-content\/uploads\/2021\/11\/3-59-1-1.jpg 900w, https:\/\/radiorevelacionfm.cl\/wp-content\/uploads\/2021\/11\/3-59-1-1-300x200.jpg 300w, https:\/\/radiorevelacionfm.cl\/wp-content\/uploads\/2021\/11\/3-59-1-1-768x512.jpg 768w, https:\/\/radiorevelacionfm.cl\/wp-content\/uploads\/2021\/11\/3-59-1-1-705x470.jpg 705w, https:\/\/radiorevelacionfm.cl\/wp-content\/uploads\/2021\/11\/3-59-1-1-600x400.jpg 600w\" sizes=\"(max-width: 900px) 100vw, 900px\" \/><\/div><\/div><\/div><\/div><div class=\"flex_column av_one_full  flex_column_div av-zero-column-padding first  avia-builder-el-2  el_after_av_one_full  el_before_av_one_full  column-top-margin\" style='border-radius:0px; '><section class=\"av_textblock_section \"  itemscope=\"itemscope\" itemtype=\"https:\/\/schema.org\/BlogPosting\" itemprop=\"blogPost\" ><div class='avia_textblock  '   itemprop=\"text\" ><p style=\"text-align: center;\"><strong><span style=\"font-size: 18pt;\">IND realiza encuentro deportivo de gimnasia r\u00edtmica\u00a0y patinaje\u00a0art\u00edstico\u00a0del Programa Crecer en Movimiento<\/span><\/strong><\/p>\n<div id=\"gtx-trans\" style=\"position: absolute; left: -50px; top: 4.31534px;\">\n<div class=\"gtx-trans-icon\"><\/div>\n<\/div>\n<\/div><\/section><\/div><div class=\"flex_column av_one_full  flex_column_div av-zero-column-padding first  avia-builder-el-4  el_after_av_one_full  el_before_av_hr  column-top-margin\" style='border-radius:0px; '><section class=\"av_textblock_section \"  itemscope=\"itemscope\" itemtype=\"https:\/\/schema.org\/BlogPosting\" itemprop=\"blogPost\" ><div class='avia_textblock  '   itemprop=\"text\" ><p style=\"text-align: justify;\">La Iniciativa forma parte de los \u00abTalleres de Elecci\u00f3n Deportiva\u00bb, para el segundo ciclo de educaci\u00f3n b\u00e1sica y educaci\u00f3n media (12-17 a\u00f1os), con talleres de una disciplina deportiva elegida por los participantes.<\/p>\n<p style=\"text-align: justify;\">La actividad convoc\u00f3 a deportistas de la escuela Sagrada Familia de Puerto Ays\u00e9n a cargo de la profesora Karen Moris, de la escuela de Valle Simpson, escuela Baquedano, escuela V\u00edctor Domingo Silva, profesora Mar\u00eda Riquelme, \u00a0y los clubes de patinaje art\u00edstico Alu\u00e9n y Sobre Ruedas Star.<\/p>\n<p style=\"text-align: justify;\">\u00abYa son tres a\u00f1os desde que el Ministerio del Deporte\u00a0lanz\u00f3\u00a0el Programa Crecer en Movimiento con el objetivo de aumentar los talleres de actividad f\u00edsica en escuelas y colegios, y hoy vemos con alegr\u00eda que nuestros ni\u00f1os y j\u00f3venes disfrutan de la actividad f\u00edsica cuando existen los espacios y las condiciones como en este caso a\u00a0trav\u00e9s\u00a0de los talleres y encuentros deportivos de elecci\u00f3n deportiva de patinaje\u00a0art\u00edstico\u00a0y gimnasia\u00a0r\u00edtmica que ejecuta el Instituto Nacional de Deportes regional\u00bb, se\u00f1al\u00f3 el Seremi del Deporte Rodrigo\u00a0Cubillla\u00a0Retamal.<\/p>\n<p style=\"text-align: justify;\">El Programa<\/p>\n<p style=\"text-align: justify;\">Los talleres del Programa Crecer en Movimiento\u00a0 se dividen en tres modalidades, seg\u00fan el rango de edad: \u00abJugar y aprender\u00bb, para ni\u00f1os de educaci\u00f3n parvularia (2-6 a\u00f1os), con actividades l\u00fadicas-motrices; \u00abDel juego al deporte\u00bb, dirigido a educaci\u00f3n b\u00e1sica (7-11 a\u00f1os) con talleres de diversas disciplinas deportivas; y \u00abEscuelas de elecci\u00f3n deportiva\u00bb, para el segundo ciclo de educaci\u00f3n b\u00e1sica y educaci\u00f3n media (12-17 a\u00f1os), con talleres de una disciplina deportiva elegida por los participantes.<\/p>\n<\/div><\/section><\/div><div  style='height:50px' class='hr hr-invisible   avia-builder-el-6  el_after_av_one_full  el_before_av_social_share '><span class='hr-inner ' ><span class='hr-inner-style'><\/span><\/span><\/div><\/p>\n<div  class='av-social-sharing-box  avia-builder-el-7  el_after_av_hr  el_before_av_hr  '><div class='av-share-box'><h5 class='av-share-link-description av-no-toc '>Compartir esta noticia<\/h5><ul class='av-share-box-list noLightbox'><li class='av-share-link av-social-link-facebook' ><a target=\"_blank\" aria-label=\"Compartir en Facebook\" href='https:\/\/www.facebook.com\/sharer.php?u=https:\/\/radiorevelacionfm.cl\/?p=10551&#038;t=IND%20realiza%20encuentro%20deportivo%20de%20gimnasia%20r%C3%ADtmica%20y%20patinaje%20art%C3%ADstico%20del%20Programa%20Crecer%20en%20Movimiento' aria-hidden='false' data-av_icon='\ue8f3' data-av_iconfont='entypo-fontello' title='' data-avia-related-tooltip='Compartir en Facebook' rel=\"noopener\"><span class='avia_hidden_link_text'>Compartir en Facebook<\/span><\/a><\/li><li class='av-share-link av-social-link-twitter' ><a target=\"_blank\" aria-label=\"Compartir en Twitter\" href='https:\/\/twitter.com\/share?text=IND%20realiza%20encuentro%20deportivo%20de%20gimnasia%20r%C3%ADtmica%20y%20patinaje%20art%C3%ADstico%20del%20Programa%20Crecer%20en%20Movimiento&#038;url=https:\/\/radiorevelacionfm.cl\/?p=10551' aria-hidden='false' data-av_icon='\ue8f1' data-av_iconfont='entypo-fontello' title='' data-avia-related-tooltip='Compartir en Twitter' rel=\"noopener\"><span class='avia_hidden_link_text'>Compartir en Twitter<\/span><\/a><\/li><li class='av-share-link av-social-link-whatsapp' ><a target=\"_blank\" aria-label=\"Compartir en Whatsapp\" href='https:\/\/api.whatsapp.com\/send?text=https:\/\/radiorevelacionfm.cl\/?p=10551' aria-hidden='false' data-av_icon='\uf232' data-av_iconfont='entypo-fontello' title='' data-avia-related-tooltip='Compartir en Whatsapp' rel=\"noopener\"><span class='avia_hidden_link_text'>Compartir en Whatsapp<\/span><\/a><\/li><li class='av-share-link av-social-link-linkedin' ><a target=\"_blank\" aria-label=\"Compartir en LinkedIn\" href='https:\/\/linkedin.com\/shareArticle?mini=true&#038;title=IND%20realiza%20encuentro%20deportivo%20de%20gimnasia%20r%C3%ADtmica%20y%20patinaje%20art%C3%ADstico%20del%20Programa%20Crecer%20en%20Movimiento&#038;url=https:\/\/radiorevelacionfm.cl\/?p=10551' aria-hidden='false' data-av_icon='\ue8fc' data-av_iconfont='entypo-fontello' title='' data-avia-related-tooltip='Compartir en LinkedIn' rel=\"noopener\"><span class='avia_hidden_link_text'>Compartir en LinkedIn<\/span><\/a><\/li><li class='av-share-link av-social-link-mail' ><a  aria-label=\"Compartir por correo\" href='mailto:?subject=IND%20realiza%20encuentro%20deportivo%20de%20gimnasia%20r%C3%ADtmica%20y%20patinaje%20art%C3%ADstico%20del%20Programa%20Crecer%20en%20Movimiento&#038;body=https:\/\/radiorevelacionfm.cl\/?p=10551' aria-hidden='false' data-av_icon='\ue805' data-av_iconfont='entypo-fontello' title='' data-avia-related-tooltip='Compartir por correo'><span class='avia_hidden_link_text'>Compartir por correo<\/span><\/a><\/li><\/ul><\/div><\/div>\n<div  style='height:50px' class='hr hr-invisible   avia-builder-el-8  el_after_av_social_share  el_before_av_comments_list '><span class='hr-inner ' ><span class='hr-inner-style'><\/span><\/span><\/div>\n<div  class='av-buildercomment  av-blog-meta-html-info-disabled av-blog-meta-tag-disabled  '><\/div>\n","protected":false},"excerpt":{"rendered":"","protected":false},"author":1,"featured_media":10552,"comment_status":"open","ping_status":"open","sticky":false,"template":"","format":"standard","meta":{"footnotes":""},"categories":[40],"tags":[],"class_list":["post-10551","post","type-post","status-publish","format-standard","has-post-thumbnail","hentry","category-deportes"],"jetpack_featured_media_url":"https:\/\/radiorevelacionfm.cl\/wp-content\/uploads\/2021\/11\/3-59-1-1.jpg","_links":{"self":[{"href":"https:\/\/radiorevelacionfm.cl\/index.php?rest_route=\/wp\/v2\/posts\/10551","targetHints":{"allow":["GET"]}}],"collection":[{"href":"https:\/\/radiorevelacionfm.cl\/index.php?rest_route=\/wp\/v2\/posts"}],"about":[{"href":"https:\/\/radiorevelacionfm.cl\/index.php?rest_route=\/wp\/v2\/types\/post"}],"author":[{"embeddable":true,"href":"https:\/\/radiorevelacionfm.cl\/index.php?rest_route=\/wp\/v2\/users\/1"}],"replies":[{"embeddable":true,"href":"https:\/\/radiorevelacionfm.cl\/index.php?rest_route=%2Fwp%2Fv2%2Fcomments&post=10551"}],"version-history":[{"count":2,"href":"https:\/\/radiorevelacionfm.cl\/index.php?rest_route=\/wp\/v2\/posts\/10551\/revisions"}],"predecessor-version":[{"id":10557,"href":"https:\/\/radiorevelacionfm.cl\/index.php?rest_route=\/wp\/v2\/posts\/10551\/revisions\/10557"}],"wp:featuredmedia":[{"embeddable":true,"href":"https:\/\/radiorevelacionfm.cl\/index.php?rest_route=\/wp\/v2\/media\/10552"}],"wp:attachment":[{"href":"https:\/\/radiorevelacionfm.cl\/index.php?rest_route=%2Fwp%2Fv2%2Fmedia&parent=10551"}],"wp:term":[{"taxonomy":"category","embeddable":true,"href":"https:\/\/radiorevelacionfm.cl\/index.php?rest_route=%2Fwp%2Fv2%2Fcategories&post=10551"},{"taxonomy":"post_tag","embeddable":true,"href":"https:\/\/radiorevelacionfm.cl\/index.php?rest_route=%2Fwp%2Fv2%2Ftags&post=10551"}],"curies":[{"name":"wp","href":"https:\/\/api.w.org\/{rel}","templated":true}]}}