{"id":10545,"date":"2021-11-09T10:02:44","date_gmt":"2021-11-09T13:02:44","guid":{"rendered":"https:\/\/radiorevelacionfm.cl\/?p=10545"},"modified":"2021-11-09T10:02:44","modified_gmt":"2021-11-09T13:02:44","slug":"reconocen-a-estudiantes-del-liceo-raul-broussain-campino-integrantes-de-la-escuela-de-talentos-de-la-universidad-de-chile","status":"publish","type":"post","link":"https:\/\/radiorevelacionfm.cl\/?p=10545","title":{"rendered":"Reconocen a estudiantes del liceo Ra\u00fal Broussain Campino integrantes de la escuela de talentos de la Universidad de Chile"},"content":{"rendered":"<div class=\"flex_column av_one_full  flex_column_div av-zero-column-padding first  avia-builder-el-0  el_before_av_one_full  avia-builder-el-first  \" style='border-radius:0px; '><div  class='avia-image-container  av-styling-    avia-builder-el-1  avia-builder-el-no-sibling  avia-align-center '  itemprop=\"image\" itemscope=\"itemscope\" itemtype=\"https:\/\/schema.org\/ImageObject\"  ><div class='avia-image-container-inner'><div class='avia-image-overlay-wrap'><img decoding=\"async\" class='wp-image-10546 avia-img-lazy-loading-not-10546 avia_image' src=\"https:\/\/radiorevelacionfm.cl\/wp-content\/uploads\/2021\/11\/Ceremonia_1-1-1.jpg\" alt='' title='Ceremonia_1 (1) (1)' height=\"600\" width=\"800\"  itemprop=\"thumbnailUrl\" srcset=\"https:\/\/radiorevelacionfm.cl\/wp-content\/uploads\/2021\/11\/Ceremonia_1-1-1.jpg 800w, https:\/\/radiorevelacionfm.cl\/wp-content\/uploads\/2021\/11\/Ceremonia_1-1-1-300x225.jpg 300w, https:\/\/radiorevelacionfm.cl\/wp-content\/uploads\/2021\/11\/Ceremonia_1-1-1-768x576.jpg 768w, https:\/\/radiorevelacionfm.cl\/wp-content\/uploads\/2021\/11\/Ceremonia_1-1-1-705x529.jpg 705w, https:\/\/radiorevelacionfm.cl\/wp-content\/uploads\/2021\/11\/Ceremonia_1-1-1-600x450.jpg 600w\" sizes=\"(max-width: 800px) 100vw, 800px\" \/><\/div><\/div><\/div><\/div><div class=\"flex_column av_one_full  flex_column_div av-zero-column-padding first  avia-builder-el-2  el_after_av_one_full  el_before_av_one_full  column-top-margin\" style='border-radius:0px; '><section class=\"av_textblock_section \"  itemscope=\"itemscope\" itemtype=\"https:\/\/schema.org\/BlogPosting\" itemprop=\"blogPost\" ><div class='avia_textblock  '   itemprop=\"text\" ><p style=\"text-align: center;\"><span style=\"font-size: 18pt;\"><strong>Reconocen a estudiantes del liceo Ra\u00fal Broussain Campino integrantes de la escuela de talentos de la Universidad de Chile\u00a0 <\/strong><\/span><\/p>\n<div id=\"gtx-trans\" style=\"position: absolute; left: -50px; top: 4.31534px;\">\n<div class=\"gtx-trans-icon\"><\/div>\n<\/div>\n<\/div><\/section><\/div><div class=\"flex_column av_one_full  flex_column_div av-zero-column-padding first  avia-builder-el-4  el_after_av_one_full  el_before_av_hr  column-top-margin\" style='border-radius:0px; '><section class=\"av_textblock_section \"  itemscope=\"itemscope\" itemtype=\"https:\/\/schema.org\/BlogPosting\" itemprop=\"blogPost\" ><div class='avia_textblock  '   itemprop=\"text\" ><p style=\"text-align: justify;\">Relevar el compromiso y el trabajo de los estudiantes del liceo Ra\u00fal Broussain Campino de Puerto Ays\u00e9n, quienes actualmente forman parte de la Escuela de Desarrollo de Talentos de la Universidad de Chile, fue el objetivo de la ceremonia efectuada recientemente y que tuvo lugar en dependencias del Sal\u00f3n Auditorio del municipio aysenino.<\/p>\n<p style=\"text-align: justify;\">En la instancia, a la que asisti\u00f3 la primera autoridad comunal y la directora de Educaci\u00f3n, adem\u00e1s de comunidad educativa del establecimiento municipalizado, y padres y apoderados de los cinco alumnos y alumnas destacados, se reconoci\u00f3 el esfuerzo de estos estudiantes, quienes durante diez horas semanales han puesto lo mejor de s\u00ed para cumplir, tanto con sus estudios en la educaci\u00f3n media, as\u00ed como de forma paralela con el desaf\u00edo que implica esta instancia, la cual a trav\u00e9s de una admisi\u00f3n especial que se realza a nivel pa\u00eds, busca identificar a j\u00f3venes sobresalientes de liceos t\u00e9cnico-profesionales o cient\u00edfico humanista para brindarles una formaci\u00f3n integral que les permita ingresar, mantenerse y graduarse de la Educaci\u00f3n Superior.<\/p>\n<p style=\"text-align: justify;\">Es as\u00ed que quienes resultan seleccionados, durante dos a\u00f1os reciben apoyo curricular y orientaci\u00f3n vocacional, adem\u00e1s de diez horas de clases semanales de Lenguaje, Matem\u00e1ticas y Desarrollo de Talentos, entre otros.<\/p>\n<p style=\"text-align: justify;\">Lizbeth Huichapill\u00e1b y Vivian Navarro, de tercero medio fueron reconocidos por su participaci\u00f3n durante este 2021 en la escuela de Talentos. Asimismo, Angye Andrade, Efra\u00edn Andrade y Cristian Hauffman, alumnos de cuarto medio, quienes iniciaron su participaci\u00f3n en la EDT -dependiente de la Facultad de Negocios de la instituci\u00f3n de educaci\u00f3n superior-, en 2020 y contin\u00faan durante todo este a\u00f1o, para completar este proceso que apunta hacia el importante salto desde educaci\u00f3n media a la universitaria.<\/p>\n<p style=\"text-align: justify;\">\u201cEn mi caso hemos estado dos a\u00f1os trabajando. Ha sido un esfuerzo bastante grande por el tema de las clases online, los tiempos, pero ha sido muy provechoso por todo lo que hemos construido como estudiantes. Esta ceremonia representa much\u00edsimo todo lo que hemos hecho como alumnos y en representaci\u00f3n del liceo\u201d, manifest\u00f3 Cristian Hauffman, quien dio cuenta de los sue\u00f1os que tiene para su futuro pr\u00f3ximo. \u201cQuiero ser parte de la salud en Chile, creo que es una hermosa \u00e1rea, tanto desde el \u00e1mbito cient\u00edfico como humano. Una profesi\u00f3n muy digna, la cual me apasionar\u00eda mucho poder integrar\u201d.<\/p>\n<p style=\"text-align: justify;\">Mar\u00eda Vargas, la madre y apoderada del estudiante Efra\u00edn Andrade, reconocido en la jornada, tuvo s\u00f3lo palabras de agradecimiento hacia la comunidad estudiantil. \u201cDe verdad muy contenta, veo a mi hijo muy motivado, feliz con sus profesores, y siempre estuvo en contacto a trav\u00e9s de internet, nunca fall\u00f3 cuando le ha tocado estudiar y eso me tiene feliz porque es un ni\u00f1o muy responsable, s\u00f3lo desearle que le vaya muy bien. Ser parte de la escuela le ha servido much\u00edsimo. Para \u00e9l esto es un desaf\u00edo del cual ha aprendido mucho y que, sin duda, le servir\u00e1 para todo lo que viene por delante\u201d.<\/p>\n<p style=\"text-align: justify;\">Para el director del establecimiento educacional, Eduardo Obando, instancias de este tipo dan cuenta del potencial de los alumnos y alumnas que forman parte del establecimiento educacional.<\/p>\n<p style=\"text-align: justify;\">\u201cCreo que este es el momento c\u00falmine de dos a\u00f1os de trabajo continuados, sistematizados y guiados por la universidad de Chile, en que a nivel nacional se detectan los talentos de los diferentes establecimientos educacionales, y para nosotros, naturalmente, es un orgullo haber participado en esta escuela de talentos de esta universidad tan prestigiosa y sobre todo que fuimos los \u00fanicos a nivel regional que participamos teniendo espl\u00e9ndidos resultados. Para nosotros es muy estimulante porque pensamos que estamos considerando lo que se\u00f1alan los acad\u00e9micos y las autoridades, que la diversidad tiene que ser atendida. A partir de la diversidad podemos ver alumnos que se escapan de los promedios y ayudarlos a que desarrollen sus potencialidades. S\u00f3lo me resta felicitar a los alumnos y a los pap\u00e1s por la motivaci\u00f3n. Por supuesto a la municipalidad, a trav\u00e9s de su departamento de Educaci\u00f3n, por creer en nosotros y este proyecto. Creemos que estamos cumpliendo a cabalidad con las directrices del ministerio de Educaci\u00f3n de atender todos los intereses y las diferencias individuales\u201d, indic\u00f3.<\/p>\n<p style=\"text-align: justify;\">Finalmente, la primera autoridad comunal, alcalde Julio Uribe, felicit\u00f3 a todos quienes son parte de esta Escuela de Desarrollo de Talentos, y cada una de sus familias, quienes han sido fundamentales para la permanencia de estos j\u00f3venes formando parte de la Universidad de Chile. \u201cPara esta administraci\u00f3n uno de los hitos m\u00e1s importantes ha sido la educaci\u00f3n, hoy estamos condecorando a estos alumnos, es el \u00fanico liceo de la regi\u00f3n que est\u00e1 participando por tanto es m\u00e1s destacable. Nos comentaba la profesora gu\u00eda que estos alumnos han permanecido, no ha emigrado de la actividad y eso los ha llevado a un primer nivel en la universidad, est\u00e1n motivados la mil por ciento. Por tanto, este reconocimiento es muy merecido y esperamos que sea el inicio de una carrera que van a tener a futuro, en que ser\u00e1n muy bueno estudiantes y luego profesionales. Por ello, felicitaciones a los alumnos, sus familias y a todos quienes son parte del liceo Ra\u00fal Broussain Campino\u201d.<\/p>\n<\/div><\/section><\/div><div  style='height:50px' class='hr hr-invisible   avia-builder-el-6  el_after_av_one_full  el_before_av_social_share '><span class='hr-inner ' ><span class='hr-inner-style'><\/span><\/span><\/div><\/p>\n<div  class='av-social-sharing-box  avia-builder-el-7  el_after_av_hr  el_before_av_hr  '><div class='av-share-box'><h5 class='av-share-link-description av-no-toc '>Compartir esta noticia<\/h5><ul class='av-share-box-list noLightbox'><li class='av-share-link av-social-link-facebook' ><a target=\"_blank\" aria-label=\"Compartir en Facebook\" href='https:\/\/www.facebook.com\/sharer.php?u=https:\/\/radiorevelacionfm.cl\/?p=10545&#038;t=Reconocen%20a%20estudiantes%20del%20liceo%20Ra%C3%BAl%20Broussain%20Campino%20integrantes%20de%20la%20escuela%20de%20talentos%20de%20la%20Universidad%20de%20Chile' aria-hidden='false' data-av_icon='\ue8f3' data-av_iconfont='entypo-fontello' title='' data-avia-related-tooltip='Compartir en Facebook' rel=\"noopener\"><span class='avia_hidden_link_text'>Compartir en Facebook<\/span><\/a><\/li><li class='av-share-link av-social-link-twitter' ><a target=\"_blank\" aria-label=\"Compartir en Twitter\" href='https:\/\/twitter.com\/share?text=Reconocen%20a%20estudiantes%20del%20liceo%20Ra%C3%BAl%20Broussain%20Campino%20integrantes%20de%20la%20escuela%20de%20talentos%20de%20la%20Universidad%20de%20Chile&#038;url=https:\/\/radiorevelacionfm.cl\/?p=10545' aria-hidden='false' data-av_icon='\ue8f1' data-av_iconfont='entypo-fontello' title='' data-avia-related-tooltip='Compartir en Twitter' rel=\"noopener\"><span class='avia_hidden_link_text'>Compartir en Twitter<\/span><\/a><\/li><li class='av-share-link av-social-link-whatsapp' ><a target=\"_blank\" aria-label=\"Compartir en Whatsapp\" href='https:\/\/api.whatsapp.com\/send?text=https:\/\/radiorevelacionfm.cl\/?p=10545' aria-hidden='false' data-av_icon='\uf232' data-av_iconfont='entypo-fontello' title='' data-avia-related-tooltip='Compartir en Whatsapp' rel=\"noopener\"><span class='avia_hidden_link_text'>Compartir en Whatsapp<\/span><\/a><\/li><li class='av-share-link av-social-link-linkedin' ><a target=\"_blank\" aria-label=\"Compartir en LinkedIn\" href='https:\/\/linkedin.com\/shareArticle?mini=true&#038;title=Reconocen%20a%20estudiantes%20del%20liceo%20Ra%C3%BAl%20Broussain%20Campino%20integrantes%20de%20la%20escuela%20de%20talentos%20de%20la%20Universidad%20de%20Chile&#038;url=https:\/\/radiorevelacionfm.cl\/?p=10545' aria-hidden='false' data-av_icon='\ue8fc' data-av_iconfont='entypo-fontello' title='' data-avia-related-tooltip='Compartir en LinkedIn' rel=\"noopener\"><span class='avia_hidden_link_text'>Compartir en LinkedIn<\/span><\/a><\/li><li class='av-share-link av-social-link-mail' ><a  aria-label=\"Compartir por correo\" href='mailto:?subject=Reconocen%20a%20estudiantes%20del%20liceo%20Ra%C3%BAl%20Broussain%20Campino%20integrantes%20de%20la%20escuela%20de%20talentos%20de%20la%20Universidad%20de%20Chile&#038;body=https:\/\/radiorevelacionfm.cl\/?p=10545' aria-hidden='false' data-av_icon='\ue805' data-av_iconfont='entypo-fontello' title='' data-avia-related-tooltip='Compartir por correo'><span class='avia_hidden_link_text'>Compartir por correo<\/span><\/a><\/li><\/ul><\/div><\/div>\n<div  style='height:50px' class='hr hr-invisible   avia-builder-el-8  el_after_av_social_share  el_before_av_comments_list '><span class='hr-inner ' ><span class='hr-inner-style'><\/span><\/span><\/div>\n<div  class='av-buildercomment  av-blog-meta-html-info-disabled av-blog-meta-tag-disabled  '><\/div>\n","protected":false},"excerpt":{"rendered":"","protected":false},"author":1,"featured_media":10546,"comment_status":"open","ping_status":"open","sticky":false,"template":"","format":"standard","meta":{"footnotes":""},"categories":[49],"tags":[],"class_list":["post-10545","post","type-post","status-publish","format-standard","has-post-thumbnail","hentry","category-educacion"],"jetpack_featured_media_url":"https:\/\/radiorevelacionfm.cl\/wp-content\/uploads\/2021\/11\/Ceremonia_1-1-1.jpg","_links":{"self":[{"href":"https:\/\/radiorevelacionfm.cl\/index.php?rest_route=\/wp\/v2\/posts\/10545","targetHints":{"allow":["GET"]}}],"collection":[{"href":"https:\/\/radiorevelacionfm.cl\/index.php?rest_route=\/wp\/v2\/posts"}],"about":[{"href":"https:\/\/radiorevelacionfm.cl\/index.php?rest_route=\/wp\/v2\/types\/post"}],"author":[{"embeddable":true,"href":"https:\/\/radiorevelacionfm.cl\/index.php?rest_route=\/wp\/v2\/users\/1"}],"replies":[{"embeddable":true,"href":"https:\/\/radiorevelacionfm.cl\/index.php?rest_route=%2Fwp%2Fv2%2Fcomments&post=10545"}],"version-history":[{"count":2,"href":"https:\/\/radiorevelacionfm.cl\/index.php?rest_route=\/wp\/v2\/posts\/10545\/revisions"}],"predecessor-version":[{"id":10556,"href":"https:\/\/radiorevelacionfm.cl\/index.php?rest_route=\/wp\/v2\/posts\/10545\/revisions\/10556"}],"wp:featuredmedia":[{"embeddable":true,"href":"https:\/\/radiorevelacionfm.cl\/index.php?rest_route=\/wp\/v2\/media\/10546"}],"wp:attachment":[{"href":"https:\/\/radiorevelacionfm.cl\/index.php?rest_route=%2Fwp%2Fv2%2Fmedia&parent=10545"}],"wp:term":[{"taxonomy":"category","embeddable":true,"href":"https:\/\/radiorevelacionfm.cl\/index.php?rest_route=%2Fwp%2Fv2%2Fcategories&post=10545"},{"taxonomy":"post_tag","embeddable":true,"href":"https:\/\/radiorevelacionfm.cl\/index.php?rest_route=%2Fwp%2Fv2%2Ftags&post=10545"}],"curies":[{"name":"wp","href":"https:\/\/api.w.org\/{rel}","templated":true}]}}