{"id":10540,"date":"2021-11-09T09:53:55","date_gmt":"2021-11-09T12:53:55","guid":{"rendered":"https:\/\/radiorevelacionfm.cl\/?p=10540"},"modified":"2021-11-09T09:53:55","modified_gmt":"2021-11-09T12:53:55","slug":"desarrollo-economico-local-fue-el-tema-central-del-2do-encuentro-nacional-de-gobernadores-y-gobernadoras-regionales","status":"publish","type":"post","link":"https:\/\/radiorevelacionfm.cl\/?p=10540","title":{"rendered":"Desarrollo econ\u00f3mico local fue el tema central del 2do Encuentro Nacional de Gobernadores y Gobernadoras Regionales"},"content":{"rendered":"<div class=\"flex_column av_one_full  flex_column_div av-zero-column-padding first  avia-builder-el-0  el_before_av_one_full  avia-builder-el-first  \" style='border-radius:0px; '><div  class='avia-image-container  av-styling-    avia-builder-el-1  avia-builder-el-no-sibling  avia-align-center '  itemprop=\"image\" itemscope=\"itemscope\" itemtype=\"https:\/\/schema.org\/ImageObject\"  ><div class='avia-image-container-inner'><div class='avia-image-overlay-wrap'><img decoding=\"async\" class='wp-image-10542 avia-img-lazy-loading-not-10542 avia_image' src=\"https:\/\/radiorevelacionfm.cl\/wp-content\/uploads\/2021\/11\/Foto-2-6-1.jpeg\" alt='' title='Foto 2 (6) (1)' height=\"600\" width=\"900\"  itemprop=\"thumbnailUrl\" srcset=\"https:\/\/radiorevelacionfm.cl\/wp-content\/uploads\/2021\/11\/Foto-2-6-1.jpeg 900w, https:\/\/radiorevelacionfm.cl\/wp-content\/uploads\/2021\/11\/Foto-2-6-1-300x200.jpeg 300w, https:\/\/radiorevelacionfm.cl\/wp-content\/uploads\/2021\/11\/Foto-2-6-1-768x512.jpeg 768w, https:\/\/radiorevelacionfm.cl\/wp-content\/uploads\/2021\/11\/Foto-2-6-1-705x470.jpeg 705w, https:\/\/radiorevelacionfm.cl\/wp-content\/uploads\/2021\/11\/Foto-2-6-1-600x400.jpeg 600w\" sizes=\"(max-width: 900px) 100vw, 900px\" \/><\/div><\/div><\/div><\/div><div class=\"flex_column av_one_full  flex_column_div av-zero-column-padding first  avia-builder-el-2  el_after_av_one_full  el_before_av_one_full  column-top-margin\" style='border-radius:0px; '><section class=\"av_textblock_section \"  itemscope=\"itemscope\" itemtype=\"https:\/\/schema.org\/BlogPosting\" itemprop=\"blogPost\" ><div class='avia_textblock  '   itemprop=\"text\" ><p style=\"text-align: center;\"><span style=\"font-size: 18pt;\"><b>Desarrollo econ\u00f3mico local fue el tema central del 2do Encuentro Nacional de Gobernadores y Gobernadoras Regionales<\/b><\/span><\/p>\n<div id=\"gtx-trans\" style=\"position: absolute; left: -50px; top: 4.31534px;\">\n<div class=\"gtx-trans-icon\"><\/div>\n<\/div>\n<\/div><\/section><\/div><div class=\"flex_column av_one_full  flex_column_div av-zero-column-padding first  avia-builder-el-4  el_after_av_one_full  el_before_av_hr  column-top-margin\" style='border-radius:0px; '><section class=\"av_textblock_section \"  itemscope=\"itemscope\" itemtype=\"https:\/\/schema.org\/BlogPosting\" itemprop=\"blogPost\" ><div class='avia_textblock  '   itemprop=\"text\" ><p style=\"text-align: justify;\">Hasta la regi\u00f3n vecina de Magallanes llegaron los Gobiernos Regionales de todo Chile, con el objetivo de intercambiar experiencias para el avance en innovaci\u00f3n de los distintos territorios.<\/p>\n<p style=\"text-align: justify;\">\u00abEstamos muy contentos de esta nueva oportunidad de poder estar juntos los Gobernadores y Gobernadoras Regionales de nuestro pa\u00eds, en un contexto es absolutamente importante, hoy d\u00eda en pleno proceso de discusi\u00f3n presupuestaria, pero tambi\u00e9n abordando otros temas\u00bb, afirm\u00f3 la Gobernadora Andrea Mac\u00edas sobre el 2do Encuentro Nacional de Gobiernos Regionales.<\/p>\n<p style=\"text-align: justify;\">El encuentro, que se realiz\u00f3 en su totalidad el viernes 5 de noviembre en Punta Arenas, es la segunda ocasi\u00f3n donde se re\u00fanen las m\u00e1ximas autoridades regionales tras el encuentro realizado en Concepci\u00f3n en septiembre pasado.<\/p>\n<p style=\"text-align: justify;\">\u00abComo desde los territorios somos capaces de atraer inversi\u00f3n extranjera que venga a acompa\u00f1ar el proceso de desarrollo que estamos viviendo, y por otra parte, poder generar propuestas conjuntas y colaborativas de los 16 Gobiernos Regionales, para poder aportar a la discusi\u00f3n presupuestaria con solicitudes que son claras y que son todas tendientes a poder avanzar en mayor nivel de autonom\u00eda y de desarrollo para nuestras regiones\u00bb fue uno de los \u00e9nfasis puestos por la m\u00e1xima autoridad de la regi\u00f3n de Ays\u00e9n Gobernadora Mac\u00edas.<\/p>\n<p style=\"text-align: justify;\">Durante la primera parte de la jornada la Presidenta del Senado, la Senadora Ximena Rinc\u00f3n, hizo una presentaci\u00f3n de manera telem\u00e1tica que tuvo \u00e9nfasis en la Ley de Presupuestos. Adem\u00e1s, tambi\u00e9n se presentaron Jorge O`Ryan, director de Pro Chile y Andr\u00e9s Rodr\u00edguez, director de Invest Chile.<\/p>\n<p style=\"text-align: justify;\">\u00abHacemos un balance positivo de la jornada, sin duda los espacios de di\u00e1logo, entre las distintas instituciones, por una parte, el gobierno central, el sector privado, y hoy d\u00eda los Gobiernos Regionales, resultan fundamentales para poder avanzar en todas las iniciativas que desde los territorios se quieren fomentar, as\u00ed que, felicitar y agradecer tambi\u00e9n la recepci\u00f3n del Gobernador Flies. No podemos no tener presente que si queremos avanzar en niveles de desarrollo, solo lo vamos a conseguir desarrollando las regiones, y desde ah\u00ed es donde nuestro pa\u00eds va a poder levantarse y va a poder surgir y va a poder \u00a0seguir avanzando y llegar a ser efectivamente un pa\u00eds desarrollado\u00bb, finaliz\u00f3 la Gobernadora Regional en el cierre de la jornada.<\/p>\n<\/div><\/section><\/div><div  style='height:50px' class='hr hr-invisible   avia-builder-el-6  el_after_av_one_full  el_before_av_social_share '><span class='hr-inner ' ><span class='hr-inner-style'><\/span><\/span><\/div><\/p>\n<div  class='av-social-sharing-box  avia-builder-el-7  el_after_av_hr  el_before_av_hr  '><div class='av-share-box'><h5 class='av-share-link-description av-no-toc '>Compartir esta noticia<\/h5><ul class='av-share-box-list noLightbox'><li class='av-share-link av-social-link-facebook' ><a target=\"_blank\" aria-label=\"Compartir en Facebook\" href='https:\/\/www.facebook.com\/sharer.php?u=https:\/\/radiorevelacionfm.cl\/?p=10540&#038;t=Desarrollo%20econ%C3%B3mico%20local%20fue%20el%20tema%20central%20del%202do%20Encuentro%20Nacional%20de%20Gobernadores%20y%20Gobernadoras%20Regionales' aria-hidden='false' data-av_icon='\ue8f3' data-av_iconfont='entypo-fontello' title='' data-avia-related-tooltip='Compartir en Facebook' rel=\"noopener\"><span class='avia_hidden_link_text'>Compartir en Facebook<\/span><\/a><\/li><li class='av-share-link av-social-link-twitter' ><a target=\"_blank\" aria-label=\"Compartir en Twitter\" href='https:\/\/twitter.com\/share?text=Desarrollo%20econ%C3%B3mico%20local%20fue%20el%20tema%20central%20del%202do%20Encuentro%20Nacional%20de%20Gobernadores%20y%20Gobernadoras%20Regionales&#038;url=https:\/\/radiorevelacionfm.cl\/?p=10540' aria-hidden='false' data-av_icon='\ue8f1' data-av_iconfont='entypo-fontello' title='' data-avia-related-tooltip='Compartir en Twitter' rel=\"noopener\"><span class='avia_hidden_link_text'>Compartir en Twitter<\/span><\/a><\/li><li class='av-share-link av-social-link-whatsapp' ><a target=\"_blank\" aria-label=\"Compartir en Whatsapp\" href='https:\/\/api.whatsapp.com\/send?text=https:\/\/radiorevelacionfm.cl\/?p=10540' aria-hidden='false' data-av_icon='\uf232' data-av_iconfont='entypo-fontello' title='' data-avia-related-tooltip='Compartir en Whatsapp' rel=\"noopener\"><span class='avia_hidden_link_text'>Compartir en Whatsapp<\/span><\/a><\/li><li class='av-share-link av-social-link-linkedin' ><a target=\"_blank\" aria-label=\"Compartir en LinkedIn\" href='https:\/\/linkedin.com\/shareArticle?mini=true&#038;title=Desarrollo%20econ%C3%B3mico%20local%20fue%20el%20tema%20central%20del%202do%20Encuentro%20Nacional%20de%20Gobernadores%20y%20Gobernadoras%20Regionales&#038;url=https:\/\/radiorevelacionfm.cl\/?p=10540' aria-hidden='false' data-av_icon='\ue8fc' data-av_iconfont='entypo-fontello' title='' data-avia-related-tooltip='Compartir en LinkedIn' rel=\"noopener\"><span class='avia_hidden_link_text'>Compartir en LinkedIn<\/span><\/a><\/li><li class='av-share-link av-social-link-mail' ><a  aria-label=\"Compartir por correo\" href='mailto:?subject=Desarrollo%20econ%C3%B3mico%20local%20fue%20el%20tema%20central%20del%202do%20Encuentro%20Nacional%20de%20Gobernadores%20y%20Gobernadoras%20Regionales&#038;body=https:\/\/radiorevelacionfm.cl\/?p=10540' aria-hidden='false' data-av_icon='\ue805' data-av_iconfont='entypo-fontello' title='' data-avia-related-tooltip='Compartir por correo'><span class='avia_hidden_link_text'>Compartir por correo<\/span><\/a><\/li><\/ul><\/div><\/div>\n<div  style='height:50px' class='hr hr-invisible   avia-builder-el-8  el_after_av_social_share  el_before_av_comments_list '><span class='hr-inner ' ><span class='hr-inner-style'><\/span><\/span><\/div>\n<div  class='av-buildercomment  av-blog-meta-html-info-disabled av-blog-meta-tag-disabled  '><\/div>\n","protected":false},"excerpt":{"rendered":"","protected":false},"author":1,"featured_media":10542,"comment_status":"open","ping_status":"open","sticky":false,"template":"","format":"standard","meta":{"footnotes":""},"categories":[38],"tags":[],"class_list":["post-10540","post","type-post","status-publish","format-standard","has-post-thumbnail","hentry","category-regional"],"jetpack_featured_media_url":"https:\/\/radiorevelacionfm.cl\/wp-content\/uploads\/2021\/11\/Foto-2-6-1.jpeg","_links":{"self":[{"href":"https:\/\/radiorevelacionfm.cl\/index.php?rest_route=\/wp\/v2\/posts\/10540","targetHints":{"allow":["GET"]}}],"collection":[{"href":"https:\/\/radiorevelacionfm.cl\/index.php?rest_route=\/wp\/v2\/posts"}],"about":[{"href":"https:\/\/radiorevelacionfm.cl\/index.php?rest_route=\/wp\/v2\/types\/post"}],"author":[{"embeddable":true,"href":"https:\/\/radiorevelacionfm.cl\/index.php?rest_route=\/wp\/v2\/users\/1"}],"replies":[{"embeddable":true,"href":"https:\/\/radiorevelacionfm.cl\/index.php?rest_route=%2Fwp%2Fv2%2Fcomments&post=10540"}],"version-history":[{"count":2,"href":"https:\/\/radiorevelacionfm.cl\/index.php?rest_route=\/wp\/v2\/posts\/10540\/revisions"}],"predecessor-version":[{"id":10550,"href":"https:\/\/radiorevelacionfm.cl\/index.php?rest_route=\/wp\/v2\/posts\/10540\/revisions\/10550"}],"wp:featuredmedia":[{"embeddable":true,"href":"https:\/\/radiorevelacionfm.cl\/index.php?rest_route=\/wp\/v2\/media\/10542"}],"wp:attachment":[{"href":"https:\/\/radiorevelacionfm.cl\/index.php?rest_route=%2Fwp%2Fv2%2Fmedia&parent=10540"}],"wp:term":[{"taxonomy":"category","embeddable":true,"href":"https:\/\/radiorevelacionfm.cl\/index.php?rest_route=%2Fwp%2Fv2%2Fcategories&post=10540"},{"taxonomy":"post_tag","embeddable":true,"href":"https:\/\/radiorevelacionfm.cl\/index.php?rest_route=%2Fwp%2Fv2%2Ftags&post=10540"}],"curies":[{"name":"wp","href":"https:\/\/api.w.org\/{rel}","templated":true}]}}