{"id":10535,"date":"2021-11-08T20:05:22","date_gmt":"2021-11-08T23:05:22","guid":{"rendered":"https:\/\/radiorevelacionfm.cl\/?p=10535"},"modified":"2021-11-08T20:05:22","modified_gmt":"2021-11-08T23:05:22","slug":"seccion-os-7-48-anos-de-investigacion-y-prevencion-del-consumo-de-drogas-en-chile","status":"publish","type":"post","link":"https:\/\/radiorevelacionfm.cl\/?p=10535","title":{"rendered":"Secci\u00f3n OS-7: 48 a\u00f1os de investigaci\u00f3n y prevenci\u00f3n del consumo de drogas en Chile"},"content":{"rendered":"<div class=\"flex_column av_one_full  flex_column_div av-zero-column-padding first  avia-builder-el-0  el_before_av_one_full  avia-builder-el-first  \" style='border-radius:0px; '><div  class='avia-image-container  av-styling-    avia-builder-el-1  avia-builder-el-no-sibling  avia-align-center '  itemprop=\"image\" itemscope=\"itemscope\" itemtype=\"https:\/\/schema.org\/ImageObject\"  ><div class='avia-image-container-inner'><div class='avia-image-overlay-wrap'><img decoding=\"async\" class='wp-image-10536 avia-img-lazy-loading-not-10536 avia_image' src=\"https:\/\/radiorevelacionfm.cl\/wp-content\/uploads\/2021\/11\/os7-1-1_optimized.jpg\" alt='' title='os7-1-(1)_optimized' height=\"600\" width=\"1078\"  itemprop=\"thumbnailUrl\" srcset=\"https:\/\/radiorevelacionfm.cl\/wp-content\/uploads\/2021\/11\/os7-1-1_optimized.jpg 1078w, https:\/\/radiorevelacionfm.cl\/wp-content\/uploads\/2021\/11\/os7-1-1_optimized-300x167.jpg 300w, https:\/\/radiorevelacionfm.cl\/wp-content\/uploads\/2021\/11\/os7-1-1_optimized-1030x573.jpg 1030w, https:\/\/radiorevelacionfm.cl\/wp-content\/uploads\/2021\/11\/os7-1-1_optimized-768x427.jpg 768w, https:\/\/radiorevelacionfm.cl\/wp-content\/uploads\/2021\/11\/os7-1-1_optimized-705x392.jpg 705w, https:\/\/radiorevelacionfm.cl\/wp-content\/uploads\/2021\/11\/os7-1-1_optimized-600x334.jpg 600w\" sizes=\"(max-width: 1078px) 100vw, 1078px\" \/><\/div><\/div><\/div><\/div><div class=\"flex_column av_one_full  flex_column_div av-zero-column-padding first  avia-builder-el-2  el_after_av_one_full  el_before_av_one_full  column-top-margin\" style='border-radius:0px; '><section class=\"av_textblock_section \"  itemscope=\"itemscope\" itemtype=\"https:\/\/schema.org\/BlogPosting\" itemprop=\"blogPost\" ><div class='avia_textblock  '   itemprop=\"text\" ><p style=\"text-align: center;\"><span style=\"font-size: 18pt;\"><b><span lang=\"ES-CL\">Secci\u00f3n OS-7: 48 a\u00f1os de investigaci\u00f3n y prevenci\u00f3n del consumo de drogas en Chile<\/span><\/b><\/span><\/p>\n<div id=\"gtx-trans\" style=\"position: absolute; left: -50px; top: 4.31534px;\">\n<div class=\"gtx-trans-icon\"><\/div>\n<\/div>\n<\/div><\/section><\/div><div class=\"flex_column av_one_full  flex_column_div av-zero-column-padding first  avia-builder-el-4  el_after_av_one_full  el_before_av_hr  column-top-margin\" style='border-radius:0px; '><section class=\"av_textblock_section \"  itemscope=\"itemscope\" itemtype=\"https:\/\/schema.org\/BlogPosting\" itemprop=\"blogPost\" ><div class='avia_textblock  '   itemprop=\"text\" ><p class=\"v1MsoNormal\" style=\"text-align: justify;\"><span lang=\"ES-CL\">Integrada por personal altamente especializado y distribuidos a lo largo de todo el pa\u00eds, la Secci\u00f3n OS-7 es un organismo de car\u00e1cter t\u00e9cnico \u2013con presencia a nivel nacional- dependiente de la Direcci\u00f3n Control Drogas e Investigaci\u00f3n Criminal.<\/span><\/p>\n<p class=\"v1MsoNormal\" style=\"text-align: justify;\"><span lang=\"ES-CL\">Dicha Unidad tiene por misi\u00f3n investigar y neutralizar organizaciones y personas relacionadas con la producci\u00f3n, elaboraci\u00f3n, tr\u00e1fico, consumo de drogas, estupefacientes, sustancias sicotr\u00f3picas y lavado de dinero, dando cumplimento a \u00f3rdenes judiciales emanadas desde los Tribunales de Justicia, efectuar capacitaciones al personal y a docentes, junto con realizar investigaciones que disponga la Jefatura Institucional.<\/span><\/p>\n<p class=\"v1MsoNormal\" style=\"text-align: justify;\"><b><span lang=\"ES-CL\">Los inicios<\/span><\/b><\/p>\n<p class=\"v1MsoNormal\" style=\"text-align: justify;\"><span lang=\"ES-CL\">Hacia fines de la d\u00e9cada del &#8217;60 y principios de los &#8217;70, Chile aparec\u00eda en el contexto internacional como un lugar de procesamiento de coca\u00edna, sumado a la existencia de laboratorios en diversos puntos del pa\u00eds y asentamiento de organizaciones dedicadas a esta actividad il\u00edcita, transformando el territorio en un corredor de droga hacia Estados Unidos.<\/span><\/p>\n<p class=\"v1MsoNormal\" style=\"text-align: justify;\"><span lang=\"ES-CL\">A fines de 1973, Washington solicit\u00f3 a Chile la extradici\u00f3n de ciertos traficantes que se encontraban radicados en nuestro pa\u00eds, petici\u00f3n a la que accedi\u00f3 la Corte Suprema, siendo encomendada a Carabineros la ubicaci\u00f3n y detenci\u00f3n de aproximadamente veinte personas dedicadas a esta actividad il\u00edcita. \u00a0<\/span><\/p>\n<p class=\"v1MsoNormal\" style=\"text-align: justify;\"><span lang=\"ES-CL\">Hasta aquel entonces, el tema drogas no formaba parte de las \u00e1reas de trabajo de Carabineros, motivo por el cual el Mando de la \u00e9poca resolvi\u00f3 crear el 8 de noviembre de 1973 la S\u00e9ptima Secci\u00f3n Investigaciones Especiales (OS-7) del Departamento de Orden y Seguridad con jurisdicci\u00f3n nacional, jefatura que qued\u00f3 a cargo del entonces Mayor Luis Fontaine Manr\u00edquez.<\/span><\/p>\n<p class=\"v1MsoNormal\" style=\"text-align: justify;\"><span lang=\"ES-CL\">En sus primeros a\u00f1os, el OS-7 se dedic\u00f3 a la desarticulaci\u00f3n de organizaciones il\u00edcitas, sumado a la b\u00fasqueda y detenci\u00f3n de los principales traficantes que se hab\u00edan establecido en nuestro pa\u00eds.<\/span><\/p>\n<p class=\"v1MsoNormal\" style=\"text-align: justify;\"><b><span lang=\"ES-CL\">Reconocimiento internacional<\/span><\/b><\/p>\n<p class=\"v1MsoNormal\" style=\"text-align: justify;\"><span lang=\"ES-CL\">Hacia 1975, el trabajo silencioso realizado por esta Secci\u00f3n, permiti\u00f3 reducir de manera significativa el delito de tr\u00e1fico, logro que fue reconocido por la Drug Enforcement Administration (D.E.A.) de Estados Unidos que brind\u00f3 el apoyo a Carabineros \u2013a trav\u00e9s del OS-7- en su lucha contra el narcotr\u00e1fico y la corrupci\u00f3n, en tanto que el personal inici\u00f3 su capacitaci\u00f3n internacional en la materia.<\/span><\/p>\n<p class=\"v1MsoNormal\" style=\"text-align: justify;\"><span lang=\"ES-CL\">En este sentido, la Organizaci\u00f3n de las Naciones Unidas (O.N.U.) efectu\u00f3 en 1976 un reconocimiento a Chile por su eficiencia en la lucha contra el flagelo de las drogas, involucrando directamente a Carabineros de Chile.<\/span><\/p>\n<p class=\"v1MsoNormal\" style=\"text-align: justify;\"><span lang=\"ES-CL\">La Instituci\u00f3n se aboc\u00f3 al desarrollo de una estrategia preventivo &#8211; educativa desde las perspectivas de la oferta y la demanda, que permitan controlar esta problem\u00e1tica. En este sentido, se suscribi\u00f3 un convenio con el Ministerio de Educaci\u00f3n, posibilitando la formaci\u00f3n de profesores monitores en prevenci\u00f3n sobre el consumo de drogas.<\/span><\/p>\n<p class=\"v1MsoNormal\" style=\"text-align: justify;\"><span lang=\"ES-CL\">Fue en la ciudad de Iquique donde se cre\u00f3 la primera Secci\u00f3n Control Drogas y Estupefacientes, para luego extender la presencia f\u00edsica a la totalidad del territorio nacional, contando con 23 secciones integradas por personal altamente especializado.<\/span><\/p>\n<p class=\"v1MsoNormal\" style=\"text-align: justify;\"><b><span lang=\"ES-CL\">Presencia en Ays\u00e9n\u00a0\u00a0<\/span><\/b><\/p>\n<p class=\"v1MsoNormal\" style=\"text-align: justify;\"><span lang=\"ES-CL\">Consciente de los desaf\u00edos planteados y de la funci\u00f3n que debe asumir frente a la comunidad de la XI Zona, Carabineros cre\u00f3 el 20 de diciembre de 2002, la Secci\u00f3n OS-7. Ays\u00e9n, con asiento en la ciudad de Coyhaique, cuyo sector de operaciones es la jurisdicci\u00f3n de la XI Regi\u00f3n del General Carlos Ib\u00e1\u00f1ez del Campo.<\/span><\/p>\n<p class=\"v1MsoNormal\" style=\"text-align: justify;\"><span lang=\"ES-CL\">Hoy, la Secci\u00f3n OS-7 Ays\u00e9n cuenta con equipos de trabajo orientados a la b\u00fasqueda de informaci\u00f3n, al control de ingreso de drogas y a la prevenci\u00f3n, los cuales cumplen funciones espec\u00edficas en \u00e1reas de investigaci\u00f3n, detecci\u00f3n y control de los delitos contemplados en la Ley N\u00ba 20.000 de drogas.<\/span><\/p>\n<p class=\"v1MsoNormal\" style=\"text-align: justify;\"><span lang=\"ES-CL\">El eficiente trabajo y logros profesionales obtenidos, han sido reconocido tanto a nivel nacional como en el extranjero, a los que se suma la alta credibilidad y confianza de parte de los Tribunales de Justicia, lo que se ha traducido en un constante requerimiento de \u00e9stos en casos sensibles y de trascendencia nacional, misma valoraci\u00f3n que ha provenido de parte de la comunidad, como un organismo incorruptible, que da garant\u00edas de legalidad y transparencia.<\/span><\/p>\n<\/div><\/section><\/div><div  style='height:50px' class='hr hr-invisible   avia-builder-el-6  el_after_av_one_full  el_before_av_social_share '><span class='hr-inner ' ><span class='hr-inner-style'><\/span><\/span><\/div><\/p>\n<div  class='av-social-sharing-box  avia-builder-el-7  el_after_av_hr  el_before_av_hr  '><div class='av-share-box'><h5 class='av-share-link-description av-no-toc '>Compartir esta noticia<\/h5><ul class='av-share-box-list noLightbox'><li class='av-share-link av-social-link-facebook' ><a target=\"_blank\" aria-label=\"Compartir en Facebook\" href='https:\/\/www.facebook.com\/sharer.php?u=https:\/\/radiorevelacionfm.cl\/?p=10535&#038;t=Secci%C3%B3n%20OS-7%3A%2048%20a%C3%B1os%20de%20investigaci%C3%B3n%20y%20prevenci%C3%B3n%20del%20consumo%20de%20drogas%20en%20Chile' aria-hidden='false' data-av_icon='\ue8f3' data-av_iconfont='entypo-fontello' title='' data-avia-related-tooltip='Compartir en Facebook' rel=\"noopener\"><span class='avia_hidden_link_text'>Compartir en Facebook<\/span><\/a><\/li><li class='av-share-link av-social-link-twitter' ><a target=\"_blank\" aria-label=\"Compartir en Twitter\" href='https:\/\/twitter.com\/share?text=Secci%C3%B3n%20OS-7%3A%2048%20a%C3%B1os%20de%20investigaci%C3%B3n%20y%20prevenci%C3%B3n%20del%20consumo%20de%20drogas%20en%20Chile&#038;url=https:\/\/radiorevelacionfm.cl\/?p=10535' aria-hidden='false' data-av_icon='\ue8f1' data-av_iconfont='entypo-fontello' title='' data-avia-related-tooltip='Compartir en Twitter' rel=\"noopener\"><span class='avia_hidden_link_text'>Compartir en Twitter<\/span><\/a><\/li><li class='av-share-link av-social-link-whatsapp' ><a target=\"_blank\" aria-label=\"Compartir en Whatsapp\" href='https:\/\/api.whatsapp.com\/send?text=https:\/\/radiorevelacionfm.cl\/?p=10535' aria-hidden='false' data-av_icon='\uf232' data-av_iconfont='entypo-fontello' title='' data-avia-related-tooltip='Compartir en Whatsapp' rel=\"noopener\"><span class='avia_hidden_link_text'>Compartir en Whatsapp<\/span><\/a><\/li><li class='av-share-link av-social-link-linkedin' ><a target=\"_blank\" aria-label=\"Compartir en LinkedIn\" href='https:\/\/linkedin.com\/shareArticle?mini=true&#038;title=Secci%C3%B3n%20OS-7%3A%2048%20a%C3%B1os%20de%20investigaci%C3%B3n%20y%20prevenci%C3%B3n%20del%20consumo%20de%20drogas%20en%20Chile&#038;url=https:\/\/radiorevelacionfm.cl\/?p=10535' aria-hidden='false' data-av_icon='\ue8fc' data-av_iconfont='entypo-fontello' title='' data-avia-related-tooltip='Compartir en LinkedIn' rel=\"noopener\"><span class='avia_hidden_link_text'>Compartir en LinkedIn<\/span><\/a><\/li><li class='av-share-link av-social-link-mail' ><a  aria-label=\"Compartir por correo\" href='mailto:?subject=Secci%C3%B3n%20OS-7%3A%2048%20a%C3%B1os%20de%20investigaci%C3%B3n%20y%20prevenci%C3%B3n%20del%20consumo%20de%20drogas%20en%20Chile&#038;body=https:\/\/radiorevelacionfm.cl\/?p=10535' aria-hidden='false' data-av_icon='\ue805' data-av_iconfont='entypo-fontello' title='' data-avia-related-tooltip='Compartir por correo'><span class='avia_hidden_link_text'>Compartir por correo<\/span><\/a><\/li><\/ul><\/div><\/div>\n<div  style='height:50px' class='hr hr-invisible   avia-builder-el-8  el_after_av_social_share  el_before_av_comments_list '><span class='hr-inner ' ><span class='hr-inner-style'><\/span><\/span><\/div>\n<div  class='av-buildercomment  av-blog-meta-html-info-disabled av-blog-meta-tag-disabled  '><\/div>\n","protected":false},"excerpt":{"rendered":"","protected":false},"author":1,"featured_media":10536,"comment_status":"open","ping_status":"open","sticky":false,"template":"","format":"standard","meta":{"footnotes":""},"categories":[36],"tags":[],"class_list":["post-10535","post","type-post","status-publish","format-standard","has-post-thumbnail","hentry","category-policial"],"jetpack_featured_media_url":"https:\/\/radiorevelacionfm.cl\/wp-content\/uploads\/2021\/11\/os7-1-1_optimized.jpg","_links":{"self":[{"href":"https:\/\/radiorevelacionfm.cl\/index.php?rest_route=\/wp\/v2\/posts\/10535","targetHints":{"allow":["GET"]}}],"collection":[{"href":"https:\/\/radiorevelacionfm.cl\/index.php?rest_route=\/wp\/v2\/posts"}],"about":[{"href":"https:\/\/radiorevelacionfm.cl\/index.php?rest_route=\/wp\/v2\/types\/post"}],"author":[{"embeddable":true,"href":"https:\/\/radiorevelacionfm.cl\/index.php?rest_route=\/wp\/v2\/users\/1"}],"replies":[{"embeddable":true,"href":"https:\/\/radiorevelacionfm.cl\/index.php?rest_route=%2Fwp%2Fv2%2Fcomments&post=10535"}],"version-history":[{"count":2,"href":"https:\/\/radiorevelacionfm.cl\/index.php?rest_route=\/wp\/v2\/posts\/10535\/revisions"}],"predecessor-version":[{"id":10538,"href":"https:\/\/radiorevelacionfm.cl\/index.php?rest_route=\/wp\/v2\/posts\/10535\/revisions\/10538"}],"wp:featuredmedia":[{"embeddable":true,"href":"https:\/\/radiorevelacionfm.cl\/index.php?rest_route=\/wp\/v2\/media\/10536"}],"wp:attachment":[{"href":"https:\/\/radiorevelacionfm.cl\/index.php?rest_route=%2Fwp%2Fv2%2Fmedia&parent=10535"}],"wp:term":[{"taxonomy":"category","embeddable":true,"href":"https:\/\/radiorevelacionfm.cl\/index.php?rest_route=%2Fwp%2Fv2%2Fcategories&post=10535"},{"taxonomy":"post_tag","embeddable":true,"href":"https:\/\/radiorevelacionfm.cl\/index.php?rest_route=%2Fwp%2Fv2%2Ftags&post=10535"}],"curies":[{"name":"wp","href":"https:\/\/api.w.org\/{rel}","templated":true}]}}