{"id":10531,"date":"2021-11-08T19:43:23","date_gmt":"2021-11-08T22:43:23","guid":{"rendered":"https:\/\/radiorevelacionfm.cl\/?p=10531"},"modified":"2021-11-08T19:43:23","modified_gmt":"2021-11-08T22:43:23","slug":"vacunacion-testeo-y-autocuidado-en-la-region-de-aysen-medidas-clave-para-frenar-el-aumento-de-casos-de-covid-19","status":"publish","type":"post","link":"https:\/\/radiorevelacionfm.cl\/?p=10531","title":{"rendered":"Vacunaci\u00f3n, testeo y autocuidado en la regi\u00f3n de Ays\u00e9n: medidas clave para frenar el aumento de casos de COVID-19"},"content":{"rendered":"<div class=\"flex_column av_one_full  flex_column_div av-zero-column-padding first  avia-builder-el-0  el_before_av_one_full  avia-builder-el-first  \" style='border-radius:0px; '><div  class='avia-image-container  av-styling-    avia-builder-el-1  avia-builder-el-no-sibling  avia-align-center '  itemprop=\"image\" itemscope=\"itemscope\" itemtype=\"https:\/\/schema.org\/ImageObject\"  ><div class='avia-image-container-inner'><div class='avia-image-overlay-wrap'><img decoding=\"async\" class='wp-image-10532 avia-img-lazy-loading-not-10532 avia_image' src=\"https:\/\/radiorevelacionfm.cl\/wp-content\/uploads\/2021\/11\/dosis-refuerzo-1i-1-1.jpg\" alt='' title='dosis refuerzo (1)i (1) (1)' height=\"600\" width=\"805\"  itemprop=\"thumbnailUrl\" srcset=\"https:\/\/radiorevelacionfm.cl\/wp-content\/uploads\/2021\/11\/dosis-refuerzo-1i-1-1.jpg 805w, https:\/\/radiorevelacionfm.cl\/wp-content\/uploads\/2021\/11\/dosis-refuerzo-1i-1-1-300x224.jpg 300w, https:\/\/radiorevelacionfm.cl\/wp-content\/uploads\/2021\/11\/dosis-refuerzo-1i-1-1-768x572.jpg 768w, https:\/\/radiorevelacionfm.cl\/wp-content\/uploads\/2021\/11\/dosis-refuerzo-1i-1-1-705x525.jpg 705w, https:\/\/radiorevelacionfm.cl\/wp-content\/uploads\/2021\/11\/dosis-refuerzo-1i-1-1-600x447.jpg 600w\" sizes=\"(max-width: 805px) 100vw, 805px\" \/><\/div><\/div><\/div><\/div><div class=\"flex_column av_one_full  flex_column_div av-zero-column-padding first  avia-builder-el-2  el_after_av_one_full  el_before_av_one_full  column-top-margin\" style='border-radius:0px; '><section class=\"av_textblock_section \"  itemscope=\"itemscope\" itemtype=\"https:\/\/schema.org\/BlogPosting\" itemprop=\"blogPost\" ><div class='avia_textblock  '   itemprop=\"text\" ><p style=\"text-align: center;\"><span style=\"font-size: 18pt;\"><strong>Vacunaci\u00f3n, testeo y autocuidado en la regi\u00f3n de Ays\u00e9n: medidas clave para frenar el aumento de casos de COVID-19<\/strong><\/span><\/p>\n<div id=\"gtx-trans\" style=\"position: absolute; left: -50px; top: 4.31534px;\">\n<div class=\"gtx-trans-icon\"><\/div>\n<\/div>\n<\/div><\/section><\/div><div class=\"flex_column av_one_full  flex_column_div av-zero-column-padding first  avia-builder-el-4  el_after_av_one_full  el_before_av_hr  column-top-margin\" style='border-radius:0px; '><section class=\"av_textblock_section \"  itemscope=\"itemscope\" itemtype=\"https:\/\/schema.org\/BlogPosting\" itemprop=\"blogPost\" ><div class='avia_textblock  '   itemprop=\"text\" ><p style=\"text-align: justify;\">Hoy, la regi\u00f3n de Ays\u00e9n presenta un total de 203 casos activos, adem\u00e1s de 53 nuevos casos confirmados por COVID-19, lo que representa un aumento sostenido de pacientes afectados por esta enfermedad; situaci\u00f3n que mantiene en alerta a los equipos de salud de toda la regi\u00f3n, donde los procesos de vacunaci\u00f3n, testeo y autocuidado, ser\u00e1n determinantes en la evaluaci\u00f3n epidemiol\u00f3gica de esta semana.<\/p>\n<p style=\"text-align: justify;\">Tal como lo manifest\u00f3 Marco Acu\u00f1a, Epidemi\u00f3logo de la Seremi de Salud Ays\u00e9n, quien recalc\u00f3 la importancia del proceso de vacunaci\u00f3n para hacer frente al COVID-19. \u201cNuestra regi\u00f3n se encuentra en una situaci\u00f3n muy cr\u00edtica desde el punto de vista de aumento de casos nuevos. Hoy estamos con 203 personas haciendo su aislamiento por ser casos confirmados, solo el fin de semana tuvimos 107 casos nuevos, y esto habla que lamentablemente nuestra comunidad se esta relajando en las medidas de prevenci\u00f3n. Adem\u00e1s, uno de los elementos esenciales para que podamos mantener la epidemia bajo control es la vacuna, pero hay un n\u00famero importante de poblaci\u00f3n que a\u00fan no acude a recibir su dosis de refuerzo, el aumento de incidencia esta asociado a personas sin vacunas. Hoy tenemos seis personas hospitalizadas, cuatro en medicina y dos en UCI, donde las personas internadas en la unidad cr\u00edtica no tienen vacunas o tienen un esquema incompleto\u201d.<\/p>\n<p style=\"text-align: justify;\">Proceso de vacunaci\u00f3n, sobretodo en lo que respecta a la dosis de refuerzo, a\u00fan presenta porcentajes bajos de inmunizaci\u00f3n. Antecedentes que fueron confirmados por Sany Ojeda, Encargada PNI Seremi de Salud Ays\u00e9n.\u00a0 \u201cEstamos un poco preocupados por la vacunaci\u00f3n de refuerzo de nuestra poblaci\u00f3n, ya que a la fecha todav\u00eda no alcanzamos el 70% de vacunaci\u00f3n en este segmento, y eso es importante modificarlo porque las vacunas COVID van perdiendo su protecci\u00f3n en la medida que pasan los meses, por lo tanto, una persona que ya recibi\u00f3 su esquema primario hace cuatro meses atr\u00e1s, hoy d\u00eda va a tener una baja protecci\u00f3n contra el COVID-19. Esta semana deben acudir a vacunarse con refuerzo, todas las personas desde los 55 a\u00f1os de edad que hayan completado su esquema hasta el 11 de julio, lo mismo para las personas menores de 55 a\u00f1os\u201d.<\/p>\n<p style=\"text-align: justify;\">Finalmente, Nelson Ulloa, Encargado Vacunaci\u00f3n CESFAM Alejandro Guti\u00e9rrez, indic\u00f3 que a partir de esta semana se ampliaron los horarios de vacunaci\u00f3n. \u201cSe ha implementado una extensi\u00f3n horaria para que en los CESFAM (Alejandro Guti\u00e9rrez y V\u00edctor Domingo Silva) podamos vacunar desde las 17:30 a 19:30hrs. por si hay algunas personas que pudiesen estar complicados con horario, ac\u00e1 en el gimnasio municipal estamos en horario continuado desde 09:30 hasta las 16 horas queremos hacer un llamado a la comunidad para que, producto del aumento de casos por COVID-19 en la regi\u00f3n, puedan acudir a los centros de vacunaci\u00f3n y recibir sus dosis de refuerzo; incluso los fines de semana donde se estar\u00e1 vacunando en la Asociaci\u00f3n Chilena de Seguridad (ACHS)\u201d.<\/p>\n<p style=\"text-align: justify;\">Es en ese contexto, de preocupaci\u00f3n, que los expertos de la autoridad sanitaria recuerdan a la comunidad aysenina de continuar en la necesidad de tomar los resguardos frente a la pandemia, haciendo un ferviente llamado a completar sus esquemas de inmunizaci\u00f3n y a inocularse con las dosis de refuerzo contra la enfermedad, adem\u00e1s de las conocidas medidas de prevenci\u00f3n, esto es, manteniendo el distanciamiento social, el uso de mascarillas y el lavado constante de manos, entre otras.<\/p>\n<\/div><\/section><\/div><div  style='height:50px' class='hr hr-invisible   avia-builder-el-6  el_after_av_one_full  el_before_av_social_share '><span class='hr-inner ' ><span class='hr-inner-style'><\/span><\/span><\/div><\/p>\n<div  class='av-social-sharing-box  avia-builder-el-7  el_after_av_hr  el_before_av_hr  '><div class='av-share-box'><h5 class='av-share-link-description av-no-toc '>Compartir esta noticia<\/h5><ul class='av-share-box-list noLightbox'><li class='av-share-link av-social-link-facebook' ><a target=\"_blank\" aria-label=\"Compartir en Facebook\" href='https:\/\/www.facebook.com\/sharer.php?u=https:\/\/radiorevelacionfm.cl\/?p=10531&#038;t=Vacunaci%C3%B3n%2C%20testeo%20y%20autocuidado%20en%20la%20regi%C3%B3n%20de%20Ays%C3%A9n%3A%20medidas%20clave%20para%20frenar%20el%20aumento%20de%20casos%20de%20COVID-19' aria-hidden='false' data-av_icon='\ue8f3' data-av_iconfont='entypo-fontello' title='' data-avia-related-tooltip='Compartir en Facebook' rel=\"noopener\"><span class='avia_hidden_link_text'>Compartir en Facebook<\/span><\/a><\/li><li class='av-share-link av-social-link-twitter' ><a target=\"_blank\" aria-label=\"Compartir en Twitter\" href='https:\/\/twitter.com\/share?text=Vacunaci%C3%B3n%2C%20testeo%20y%20autocuidado%20en%20la%20regi%C3%B3n%20de%20Ays%C3%A9n%3A%20medidas%20clave%20para%20frenar%20el%20aumento%20de%20casos%20de%20COVID-19&#038;url=https:\/\/radiorevelacionfm.cl\/?p=10531' aria-hidden='false' data-av_icon='\ue8f1' data-av_iconfont='entypo-fontello' title='' data-avia-related-tooltip='Compartir en Twitter' rel=\"noopener\"><span class='avia_hidden_link_text'>Compartir en Twitter<\/span><\/a><\/li><li class='av-share-link av-social-link-whatsapp' ><a target=\"_blank\" aria-label=\"Compartir en Whatsapp\" href='https:\/\/api.whatsapp.com\/send?text=https:\/\/radiorevelacionfm.cl\/?p=10531' aria-hidden='false' data-av_icon='\uf232' data-av_iconfont='entypo-fontello' title='' data-avia-related-tooltip='Compartir en Whatsapp' rel=\"noopener\"><span class='avia_hidden_link_text'>Compartir en Whatsapp<\/span><\/a><\/li><li class='av-share-link av-social-link-linkedin' ><a target=\"_blank\" aria-label=\"Compartir en LinkedIn\" href='https:\/\/linkedin.com\/shareArticle?mini=true&#038;title=Vacunaci%C3%B3n%2C%20testeo%20y%20autocuidado%20en%20la%20regi%C3%B3n%20de%20Ays%C3%A9n%3A%20medidas%20clave%20para%20frenar%20el%20aumento%20de%20casos%20de%20COVID-19&#038;url=https:\/\/radiorevelacionfm.cl\/?p=10531' aria-hidden='false' data-av_icon='\ue8fc' data-av_iconfont='entypo-fontello' title='' data-avia-related-tooltip='Compartir en LinkedIn' rel=\"noopener\"><span class='avia_hidden_link_text'>Compartir en LinkedIn<\/span><\/a><\/li><li class='av-share-link av-social-link-mail' ><a  aria-label=\"Compartir por correo\" href='mailto:?subject=Vacunaci%C3%B3n%2C%20testeo%20y%20autocuidado%20en%20la%20regi%C3%B3n%20de%20Ays%C3%A9n%3A%20medidas%20clave%20para%20frenar%20el%20aumento%20de%20casos%20de%20COVID-19&#038;body=https:\/\/radiorevelacionfm.cl\/?p=10531' aria-hidden='false' data-av_icon='\ue805' data-av_iconfont='entypo-fontello' title='' data-avia-related-tooltip='Compartir por correo'><span class='avia_hidden_link_text'>Compartir por correo<\/span><\/a><\/li><\/ul><\/div><\/div>\n<div  style='height:50px' class='hr hr-invisible   avia-builder-el-8  el_after_av_social_share  el_before_av_comments_list '><span class='hr-inner ' ><span class='hr-inner-style'><\/span><\/span><\/div>\n<div  class='av-buildercomment  av-blog-meta-html-info-disabled av-blog-meta-tag-disabled  '><\/div>\n","protected":false},"excerpt":{"rendered":"","protected":false},"author":1,"featured_media":10532,"comment_status":"open","ping_status":"open","sticky":false,"template":"","format":"standard","meta":{"footnotes":""},"categories":[46],"tags":[],"class_list":["post-10531","post","type-post","status-publish","format-standard","has-post-thumbnail","hentry","category-salud"],"jetpack_featured_media_url":"https:\/\/radiorevelacionfm.cl\/wp-content\/uploads\/2021\/11\/dosis-refuerzo-1i-1-1.jpg","_links":{"self":[{"href":"https:\/\/radiorevelacionfm.cl\/index.php?rest_route=\/wp\/v2\/posts\/10531","targetHints":{"allow":["GET"]}}],"collection":[{"href":"https:\/\/radiorevelacionfm.cl\/index.php?rest_route=\/wp\/v2\/posts"}],"about":[{"href":"https:\/\/radiorevelacionfm.cl\/index.php?rest_route=\/wp\/v2\/types\/post"}],"author":[{"embeddable":true,"href":"https:\/\/radiorevelacionfm.cl\/index.php?rest_route=\/wp\/v2\/users\/1"}],"replies":[{"embeddable":true,"href":"https:\/\/radiorevelacionfm.cl\/index.php?rest_route=%2Fwp%2Fv2%2Fcomments&post=10531"}],"version-history":[{"count":2,"href":"https:\/\/radiorevelacionfm.cl\/index.php?rest_route=\/wp\/v2\/posts\/10531\/revisions"}],"predecessor-version":[{"id":10534,"href":"https:\/\/radiorevelacionfm.cl\/index.php?rest_route=\/wp\/v2\/posts\/10531\/revisions\/10534"}],"wp:featuredmedia":[{"embeddable":true,"href":"https:\/\/radiorevelacionfm.cl\/index.php?rest_route=\/wp\/v2\/media\/10532"}],"wp:attachment":[{"href":"https:\/\/radiorevelacionfm.cl\/index.php?rest_route=%2Fwp%2Fv2%2Fmedia&parent=10531"}],"wp:term":[{"taxonomy":"category","embeddable":true,"href":"https:\/\/radiorevelacionfm.cl\/index.php?rest_route=%2Fwp%2Fv2%2Fcategories&post=10531"},{"taxonomy":"post_tag","embeddable":true,"href":"https:\/\/radiorevelacionfm.cl\/index.php?rest_route=%2Fwp%2Fv2%2Ftags&post=10531"}],"curies":[{"name":"wp","href":"https:\/\/api.w.org\/{rel}","templated":true}]}}