{"id":10523,"date":"2021-11-08T17:16:33","date_gmt":"2021-11-08T20:16:33","guid":{"rendered":"https:\/\/radiorevelacionfm.cl\/?p=10523"},"modified":"2021-11-08T17:16:33","modified_gmt":"2021-11-08T20:16:33","slug":"el-5-de-diciembre-se-realizara-eleccion-de-consejeros-nacionales-indigenas-para-integrar-el-consejo-de-conadi","status":"publish","type":"post","link":"https:\/\/radiorevelacionfm.cl\/?p=10523","title":{"rendered":"El 5 de diciembre se realizar\u00e1 elecci\u00f3n de consejeros nacionales ind\u00edgenas para integrar el consejo de CONADI"},"content":{"rendered":"<div class=\"flex_column av_one_full  flex_column_div av-zero-column-padding first  avia-builder-el-0  el_before_av_one_full  avia-builder-el-first  \" style='border-radius:0px; '><div  class='avia-image-container  av-styling-    avia-builder-el-1  avia-builder-el-no-sibling  avia-align-center '  itemprop=\"image\" itemscope=\"itemscope\" itemtype=\"https:\/\/schema.org\/ImageObject\"  ><div class='avia-image-container-inner'><div class='avia-image-overlay-wrap'><img decoding=\"async\" class='wp-image-10524 avia-img-lazy-loading-not-10524 avia_image' src=\"https:\/\/radiorevelacionfm.cl\/wp-content\/uploads\/2021\/11\/Foto-3-1-1.jpg\" alt='' title='Foto (3) (1) (1)' height=\"600\" width=\"800\"  itemprop=\"thumbnailUrl\" srcset=\"https:\/\/radiorevelacionfm.cl\/wp-content\/uploads\/2021\/11\/Foto-3-1-1.jpg 800w, https:\/\/radiorevelacionfm.cl\/wp-content\/uploads\/2021\/11\/Foto-3-1-1-300x225.jpg 300w, https:\/\/radiorevelacionfm.cl\/wp-content\/uploads\/2021\/11\/Foto-3-1-1-768x576.jpg 768w, https:\/\/radiorevelacionfm.cl\/wp-content\/uploads\/2021\/11\/Foto-3-1-1-705x529.jpg 705w, https:\/\/radiorevelacionfm.cl\/wp-content\/uploads\/2021\/11\/Foto-3-1-1-600x450.jpg 600w\" sizes=\"(max-width: 800px) 100vw, 800px\" \/><\/div><\/div><\/div><\/div><div class=\"flex_column av_one_full  flex_column_div av-zero-column-padding first  avia-builder-el-2  el_after_av_one_full  el_before_av_one_full  column-top-margin\" style='border-radius:0px; '><section class=\"av_textblock_section \"  itemscope=\"itemscope\" itemtype=\"https:\/\/schema.org\/BlogPosting\" itemprop=\"blogPost\" ><div class='avia_textblock  '   itemprop=\"text\" ><p style=\"text-align: center;\"><strong><span style=\"font-size: 18pt;\">El 5 de diciembre se realizar\u00e1 elecci\u00f3n de consejeros nacionales ind\u00edgenas para integrar el consejo de CONADI<\/span><\/strong><\/p>\n<div id=\"gtx-trans\" style=\"position: absolute; left: -50px; top: 4.31534px;\">\n<div class=\"gtx-trans-icon\"><\/div>\n<\/div>\n<\/div><\/section><\/div><div class=\"flex_column av_one_full  flex_column_div av-zero-column-padding first  avia-builder-el-4  el_after_av_one_full  el_before_av_hr  column-top-margin\" style='border-radius:0px; '><section class=\"av_textblock_section \"  itemscope=\"itemscope\" itemtype=\"https:\/\/schema.org\/BlogPosting\" itemprop=\"blogPost\" ><div class='avia_textblock  '   itemprop=\"text\" ><p style=\"text-align: justify;\">Tras haber sido suspendido en marzo de 2020, debido a la pandemia del Coronavirus, el Director Nacional de CONADI, Ignacio Malig Meza, anunci\u00f3 la reanudaci\u00f3n del proceso de consulta para proponer consejeros ind\u00edgenas ante CONADI, cuya fecha de votaci\u00f3n fue fijada para el domingo 5 de diciembre en todo el pa\u00eds, en la que pueden participar personas integrantes de comunidades y asociaciones ind\u00edgenas, y personas con calidad ind\u00edgena inscritas en el Registro Especial Ind\u00edgena (REI).<\/p>\n<p style=\"text-align: justify;\">\u201cEstamos dando inicio al proceso de consulta para proponer los consejeros ind\u00edgenas que integrar\u00e1n el Consejo Nacional de CONADI, un proceso que estaba programado para el 29 de marzo de 2020 y debimos suspender debido a la pandemia\u201d, se\u00f1al\u00f3 Ignacio Malig Meza, Director Nacional de CONADI, agregando que \u201cEsta elecci\u00f3n se realizar\u00e1 el domingo 5 de diciembre de 2021 y para esto hacemos un llamado a las personas ind\u00edgenas que no est\u00e9n inscritas en el Registro Especial Ind\u00edgena para esta elecci\u00f3n a que, desde hoy <strong>hasta el viernes 12 de noviembre<\/strong>, puedan a trav\u00e9s de la p\u00e1gina www.conadi.gob.cl sumarse para participar de este proceso\u201d.<\/p>\n<p style=\"text-align: justify;\"><strong>250 mil posibles electores<\/strong><\/p>\n<p style=\"text-align: justify;\">El proceso de votaci\u00f3n para esta consulta tiene un padr\u00f3n de posibles electores cercano a las 250 mil personas para elegir a los 8 consejeros (cuatro Mapuche, un Aymara, un Atacame\u00f1o o Likan Antai, un Rapa Nui y uno con domicilio en un \u00e1rea urbana del territorio nacional). De este padr\u00f3n ind\u00edgena, un 86,4% corresponde al pueblo mapuche, siguiendo en cantidad el pueblo aymara y el pueblo rapa nui.<\/p>\n<p style=\"text-align: justify;\">Para quienes necesiten realizar cambio de domicilio o inscribirse para votar, se encuentra habilitado un link en la p\u00e1gina web de CONADI www.conadi.gob.cl tr\u00e1mite que se puede realizar entre <strong>el lunes 8 y el viernes 12 de noviembre<\/strong>, mientras que los locales y mesas de votaci\u00f3n en todo Chile ser\u00e1n anunciados durante la semana que se inicia el 22 de noviembre.<\/p>\n<p style=\"text-align: justify;\">Los nuevos integrantes ind\u00edgenas del Consejo Nacional de CONADI se mantendr\u00e1n en este cargo durante 4 a\u00f1os desde la publicaci\u00f3n del decreto que los nombra.<\/p>\n<p style=\"text-align: justify;\">Finalmente, cabe mencionar que el Consejo Nacional de la CONADI es el organismo que define la pol\u00edtica de la instituci\u00f3n y vela por su cumplimiento. Asimismo, propone el proyecto de presupuesto anual del servicio, aprueba los diferentes programas que tiendan al cumplimiento de los objetivos de la Corporaci\u00f3n, los eval\u00faa y asegura su ejecuci\u00f3n.<\/p>\n<\/div><\/section><\/div><div  style='height:50px' class='hr hr-invisible   avia-builder-el-6  el_after_av_one_full  el_before_av_social_share '><span class='hr-inner ' ><span class='hr-inner-style'><\/span><\/span><\/div><\/p>\n<div  class='av-social-sharing-box  avia-builder-el-7  el_after_av_hr  el_before_av_hr  '><div class='av-share-box'><h5 class='av-share-link-description av-no-toc '>Compartir esta noticia<\/h5><ul class='av-share-box-list noLightbox'><li class='av-share-link av-social-link-facebook' ><a target=\"_blank\" aria-label=\"Compartir en Facebook\" href='https:\/\/www.facebook.com\/sharer.php?u=https:\/\/radiorevelacionfm.cl\/?p=10523&#038;t=El%205%20de%20diciembre%20se%20realizar%C3%A1%20elecci%C3%B3n%20de%20consejeros%20nacionales%20ind%C3%ADgenas%20para%20integrar%20el%20consejo%20de%20CONADI' aria-hidden='false' data-av_icon='\ue8f3' data-av_iconfont='entypo-fontello' title='' data-avia-related-tooltip='Compartir en Facebook' rel=\"noopener\"><span class='avia_hidden_link_text'>Compartir en Facebook<\/span><\/a><\/li><li class='av-share-link av-social-link-twitter' ><a target=\"_blank\" aria-label=\"Compartir en Twitter\" href='https:\/\/twitter.com\/share?text=El%205%20de%20diciembre%20se%20realizar%C3%A1%20elecci%C3%B3n%20de%20consejeros%20nacionales%20ind%C3%ADgenas%20para%20integrar%20el%20consejo%20de%20CONADI&#038;url=https:\/\/radiorevelacionfm.cl\/?p=10523' aria-hidden='false' data-av_icon='\ue8f1' data-av_iconfont='entypo-fontello' title='' data-avia-related-tooltip='Compartir en Twitter' rel=\"noopener\"><span class='avia_hidden_link_text'>Compartir en Twitter<\/span><\/a><\/li><li class='av-share-link av-social-link-whatsapp' ><a target=\"_blank\" aria-label=\"Compartir en Whatsapp\" href='https:\/\/api.whatsapp.com\/send?text=https:\/\/radiorevelacionfm.cl\/?p=10523' aria-hidden='false' data-av_icon='\uf232' data-av_iconfont='entypo-fontello' title='' data-avia-related-tooltip='Compartir en Whatsapp' rel=\"noopener\"><span class='avia_hidden_link_text'>Compartir en Whatsapp<\/span><\/a><\/li><li class='av-share-link av-social-link-linkedin' ><a target=\"_blank\" aria-label=\"Compartir en LinkedIn\" href='https:\/\/linkedin.com\/shareArticle?mini=true&#038;title=El%205%20de%20diciembre%20se%20realizar%C3%A1%20elecci%C3%B3n%20de%20consejeros%20nacionales%20ind%C3%ADgenas%20para%20integrar%20el%20consejo%20de%20CONADI&#038;url=https:\/\/radiorevelacionfm.cl\/?p=10523' aria-hidden='false' data-av_icon='\ue8fc' data-av_iconfont='entypo-fontello' title='' data-avia-related-tooltip='Compartir en LinkedIn' rel=\"noopener\"><span class='avia_hidden_link_text'>Compartir en LinkedIn<\/span><\/a><\/li><li class='av-share-link av-social-link-mail' ><a  aria-label=\"Compartir por correo\" href='mailto:?subject=El%205%20de%20diciembre%20se%20realizar%C3%A1%20elecci%C3%B3n%20de%20consejeros%20nacionales%20ind%C3%ADgenas%20para%20integrar%20el%20consejo%20de%20CONADI&#038;body=https:\/\/radiorevelacionfm.cl\/?p=10523' aria-hidden='false' data-av_icon='\ue805' data-av_iconfont='entypo-fontello' title='' data-avia-related-tooltip='Compartir por correo'><span class='avia_hidden_link_text'>Compartir por correo<\/span><\/a><\/li><\/ul><\/div><\/div>\n<div  style='height:50px' class='hr hr-invisible   avia-builder-el-8  el_after_av_social_share  el_before_av_comments_list '><span class='hr-inner ' ><span class='hr-inner-style'><\/span><\/span><\/div>\n<div  class='av-buildercomment  av-blog-meta-html-info-disabled av-blog-meta-tag-disabled  '><\/div>\n","protected":false},"excerpt":{"rendered":"","protected":false},"author":1,"featured_media":10524,"comment_status":"open","ping_status":"open","sticky":false,"template":"","format":"standard","meta":{"footnotes":""},"categories":[38],"tags":[],"class_list":["post-10523","post","type-post","status-publish","format-standard","has-post-thumbnail","hentry","category-regional"],"jetpack_featured_media_url":"https:\/\/radiorevelacionfm.cl\/wp-content\/uploads\/2021\/11\/Foto-3-1-1.jpg","_links":{"self":[{"href":"https:\/\/radiorevelacionfm.cl\/index.php?rest_route=\/wp\/v2\/posts\/10523","targetHints":{"allow":["GET"]}}],"collection":[{"href":"https:\/\/radiorevelacionfm.cl\/index.php?rest_route=\/wp\/v2\/posts"}],"about":[{"href":"https:\/\/radiorevelacionfm.cl\/index.php?rest_route=\/wp\/v2\/types\/post"}],"author":[{"embeddable":true,"href":"https:\/\/radiorevelacionfm.cl\/index.php?rest_route=\/wp\/v2\/users\/1"}],"replies":[{"embeddable":true,"href":"https:\/\/radiorevelacionfm.cl\/index.php?rest_route=%2Fwp%2Fv2%2Fcomments&post=10523"}],"version-history":[{"count":2,"href":"https:\/\/radiorevelacionfm.cl\/index.php?rest_route=\/wp\/v2\/posts\/10523\/revisions"}],"predecessor-version":[{"id":10526,"href":"https:\/\/radiorevelacionfm.cl\/index.php?rest_route=\/wp\/v2\/posts\/10523\/revisions\/10526"}],"wp:featuredmedia":[{"embeddable":true,"href":"https:\/\/radiorevelacionfm.cl\/index.php?rest_route=\/wp\/v2\/media\/10524"}],"wp:attachment":[{"href":"https:\/\/radiorevelacionfm.cl\/index.php?rest_route=%2Fwp%2Fv2%2Fmedia&parent=10523"}],"wp:term":[{"taxonomy":"category","embeddable":true,"href":"https:\/\/radiorevelacionfm.cl\/index.php?rest_route=%2Fwp%2Fv2%2Fcategories&post=10523"},{"taxonomy":"post_tag","embeddable":true,"href":"https:\/\/radiorevelacionfm.cl\/index.php?rest_route=%2Fwp%2Fv2%2Ftags&post=10523"}],"curies":[{"name":"wp","href":"https:\/\/api.w.org\/{rel}","templated":true}]}}