{"id":10520,"date":"2021-11-09T09:37:35","date_gmt":"2021-11-09T12:37:35","guid":{"rendered":"https:\/\/radiorevelacionfm.cl\/?p=10520"},"modified":"2021-11-09T09:37:35","modified_gmt":"2021-11-09T12:37:35","slug":"estudiantes-secundarios-de-aysen-exploran-el-microbosque-como-alternativa-turistica","status":"publish","type":"post","link":"https:\/\/radiorevelacionfm.cl\/?p=10520","title":{"rendered":"Estudiantes secundarios de Ays\u00e9n exploran el microbosque como alternativa tur\u00edstica"},"content":{"rendered":"<div class=\"flex_column av_one_full  flex_column_div av-zero-column-padding first  avia-builder-el-0  el_before_av_one_full  avia-builder-el-first  \" style='border-radius:0px; '><div  class='avia-image-container  av-styling-    avia-builder-el-1  avia-builder-el-no-sibling  avia-align-center '  itemprop=\"image\" itemscope=\"itemscope\" itemtype=\"https:\/\/schema.org\/ImageObject\"  ><div class='avia-image-container-inner'><div class='avia-image-overlay-wrap'><img decoding=\"async\" class='wp-image-10521 avia-img-lazy-loading-not-10521 avia_image' src=\"https:\/\/radiorevelacionfm.cl\/wp-content\/uploads\/2021\/11\/2_Salida-a-Terreno-Capacitacioin-Bosque-con-lupa.-Fotografa_-Moinica-Mora-1-1.jpg\" alt='' title='2_Salida a Terreno, Capacitacio\u00ecn Bosque con lupa. Fotografa_ Mo\u00ecnica Mora (1) (1)' height=\"600\" width=\"900\"  itemprop=\"thumbnailUrl\" srcset=\"https:\/\/radiorevelacionfm.cl\/wp-content\/uploads\/2021\/11\/2_Salida-a-Terreno-Capacitacioin-Bosque-con-lupa.-Fotografa_-Moinica-Mora-1-1.jpg 900w, https:\/\/radiorevelacionfm.cl\/wp-content\/uploads\/2021\/11\/2_Salida-a-Terreno-Capacitacioin-Bosque-con-lupa.-Fotografa_-Moinica-Mora-1-1-300x200.jpg 300w, https:\/\/radiorevelacionfm.cl\/wp-content\/uploads\/2021\/11\/2_Salida-a-Terreno-Capacitacioin-Bosque-con-lupa.-Fotografa_-Moinica-Mora-1-1-768x512.jpg 768w, https:\/\/radiorevelacionfm.cl\/wp-content\/uploads\/2021\/11\/2_Salida-a-Terreno-Capacitacioin-Bosque-con-lupa.-Fotografa_-Moinica-Mora-1-1-705x470.jpg 705w, https:\/\/radiorevelacionfm.cl\/wp-content\/uploads\/2021\/11\/2_Salida-a-Terreno-Capacitacioin-Bosque-con-lupa.-Fotografa_-Moinica-Mora-1-1-600x400.jpg 600w\" sizes=\"(max-width: 900px) 100vw, 900px\" \/><\/div><\/div><\/div><\/div><div class=\"flex_column av_one_full  flex_column_div av-zero-column-padding first  avia-builder-el-2  el_after_av_one_full  el_before_av_one_full  column-top-margin\" style='border-radius:0px; '><section class=\"av_textblock_section \"  itemscope=\"itemscope\" itemtype=\"https:\/\/schema.org\/BlogPosting\" itemprop=\"blogPost\" ><div class='avia_textblock  '   itemprop=\"text\" ><p style=\"text-align: center;\"><span style=\"font-size: 18pt;\"><strong>Estudiantes secundarios de Ays\u00e9n exploran el microbosque como alternativa tur\u00edstica<\/strong><\/span><\/p>\n<div id=\"gtx-trans\" style=\"position: absolute; left: -50px; top: 4.31534px;\">\n<div class=\"gtx-trans-icon\"><\/div>\n<\/div>\n<\/div><\/section><\/div><div class=\"flex_column av_one_full  flex_column_div av-zero-column-padding first  avia-builder-el-4  el_after_av_one_full  el_before_av_hr  column-top-margin\" style='border-radius:0px; '><section class=\"av_textblock_section \"  itemscope=\"itemscope\" itemtype=\"https:\/\/schema.org\/BlogPosting\" itemprop=\"blogPost\" ><div class='avia_textblock  '   itemprop=\"text\" ><p style=\"text-align: justify;\">Entregar conocimientos te\u00f3ricos y pr\u00e1cticos sobre el microbosque y el ecoturismo con lupa es uno de los objetivos del Curso de Formaci\u00f3n Inicial del Proyecto Bosque con lupa, que finaliz\u00f3 con una salida a terreno el viernes 29 de octubre en la localidad de Villa Cerro Castillo junto a estudiantes del Liceo Bicentenario Rural Cerro Castillo.<\/p>\n<p style=\"text-align: justify;\"><strong>Explora el microbosque de Ays\u00e9n<\/strong><\/p>\n<p style=\"text-align: justify;\">El microbosque es un concepto an\u00e1logo al de bosque en miniatura, acu\u00f1ado por el bi\u00f3logo y fil\u00f3sofo Ricardo Rozzi, y refiere al ecosistema conformado por la coexistencia y cohabitaci\u00f3n de l\u00edquenes, bri\u00f3fitos y macroinvertebrados de agua dulce.<\/p>\n<p style=\"text-align: justify;\">Un producto tur\u00edstico innovador que busca quebrar la estacionalidad del ciclo tur\u00edstico de la regi\u00f3n de Ays\u00e9n a trav\u00e9s del ecoturismo con lupa, adem\u00e1s de dar a conocer el microbosque para su conservaci\u00f3n, es el objetivo del proyecto Bosque con lupa, ejecutado desde el Campus Patagonia de la Universidad Austral de Chile, y financiado por el Gobierno Regional de Ays\u00e9n a trav\u00e9s del Fondo de Innovaci\u00f3n para la Competitividad.<\/p>\n<p style=\"text-align: justify;\"><strong>Curso de Formaci\u00f3n Inicial en Ecoturismo con lupa<\/strong><\/p>\n<p style=\"text-align: justify;\">Durante la jornada final del Curso de Formaci\u00f3n Inicial, las y los estudiantes del Liceo Bicentenario Rural Cerro Castillo pudieron observar de cerca macroinvertebrados de agua dulce presentes en el Arroyo El Bosque, adem\u00e1s de l\u00edquenes y bri\u00f3fitos a trav\u00e9s de utilizaci\u00f3n de lupas electr\u00f3nicas.<\/p>\n<p style=\"text-align: justify;\">Sobre la capacitaci\u00f3n a estudiantes secundarios, Viviana Pizarro, directora del Proyecto comenta: \u201cEs importante que las nuevas generaciones de gu\u00edas conozcan alternativas de turismo que inviten a la observaci\u00f3n y conocimiento de las micro especies con las que cohabitamos y que son fundamentales para el sustento de la vida en el planeta. Cambiar el foco de observaci\u00f3n hacia lo micro, permite descubrir un mundo que asombra por su belleza y diversidad y que otorga m\u00faltiples opciones de experiencias adaptables a todo tipo de p\u00fablico\u201d.<\/p>\n<p style=\"text-align: justify;\">Gu\u00edas de turismo, guardaparques de todas las \u00c1reas Silvestres Protegidas de la regi\u00f3n, estudiantes de educaci\u00f3n superior en \u00e1reas afines al turismo y estudiantes de liceos t\u00e9cnicos profesionales de turismo en Ays\u00e9n han sido las personas capacitadas en Ecoturismo con Lupa a trav\u00e9s del Curso de Formaci\u00f3n Inicial del Proyecto Bosque con lupa.<\/p>\n<\/div><\/section><\/div><div  style='height:50px' class='hr hr-invisible   avia-builder-el-6  el_after_av_one_full  el_before_av_social_share '><span class='hr-inner ' ><span class='hr-inner-style'><\/span><\/span><\/div><\/p>\n<div  class='av-social-sharing-box  avia-builder-el-7  el_after_av_hr  el_before_av_hr  '><div class='av-share-box'><h5 class='av-share-link-description av-no-toc '>Compartir esta noticia<\/h5><ul class='av-share-box-list noLightbox'><li class='av-share-link av-social-link-facebook' ><a target=\"_blank\" aria-label=\"Compartir en Facebook\" href='https:\/\/www.facebook.com\/sharer.php?u=https:\/\/radiorevelacionfm.cl\/?p=10520&#038;t=Estudiantes%20secundarios%20de%20Ays%C3%A9n%20exploran%20el%20microbosque%20como%20alternativa%20tur%C3%ADstica' aria-hidden='false' data-av_icon='\ue8f3' data-av_iconfont='entypo-fontello' title='' data-avia-related-tooltip='Compartir en Facebook' rel=\"noopener\"><span class='avia_hidden_link_text'>Compartir en Facebook<\/span><\/a><\/li><li class='av-share-link av-social-link-twitter' ><a target=\"_blank\" aria-label=\"Compartir en Twitter\" href='https:\/\/twitter.com\/share?text=Estudiantes%20secundarios%20de%20Ays%C3%A9n%20exploran%20el%20microbosque%20como%20alternativa%20tur%C3%ADstica&#038;url=https:\/\/radiorevelacionfm.cl\/?p=10520' aria-hidden='false' data-av_icon='\ue8f1' data-av_iconfont='entypo-fontello' title='' data-avia-related-tooltip='Compartir en Twitter' rel=\"noopener\"><span class='avia_hidden_link_text'>Compartir en Twitter<\/span><\/a><\/li><li class='av-share-link av-social-link-whatsapp' ><a target=\"_blank\" aria-label=\"Compartir en Whatsapp\" href='https:\/\/api.whatsapp.com\/send?text=https:\/\/radiorevelacionfm.cl\/?p=10520' aria-hidden='false' data-av_icon='\uf232' data-av_iconfont='entypo-fontello' title='' data-avia-related-tooltip='Compartir en Whatsapp' rel=\"noopener\"><span class='avia_hidden_link_text'>Compartir en Whatsapp<\/span><\/a><\/li><li class='av-share-link av-social-link-linkedin' ><a target=\"_blank\" aria-label=\"Compartir en LinkedIn\" href='https:\/\/linkedin.com\/shareArticle?mini=true&#038;title=Estudiantes%20secundarios%20de%20Ays%C3%A9n%20exploran%20el%20microbosque%20como%20alternativa%20tur%C3%ADstica&#038;url=https:\/\/radiorevelacionfm.cl\/?p=10520' aria-hidden='false' data-av_icon='\ue8fc' data-av_iconfont='entypo-fontello' title='' data-avia-related-tooltip='Compartir en LinkedIn' rel=\"noopener\"><span class='avia_hidden_link_text'>Compartir en LinkedIn<\/span><\/a><\/li><li class='av-share-link av-social-link-mail' ><a  aria-label=\"Compartir por correo\" href='mailto:?subject=Estudiantes%20secundarios%20de%20Ays%C3%A9n%20exploran%20el%20microbosque%20como%20alternativa%20tur%C3%ADstica&#038;body=https:\/\/radiorevelacionfm.cl\/?p=10520' aria-hidden='false' data-av_icon='\ue805' data-av_iconfont='entypo-fontello' title='' data-avia-related-tooltip='Compartir por correo'><span class='avia_hidden_link_text'>Compartir por correo<\/span><\/a><\/li><\/ul><\/div><\/div>\n<div  style='height:50px' class='hr hr-invisible   avia-builder-el-8  el_after_av_social_share  el_before_av_comments_list '><span class='hr-inner ' ><span class='hr-inner-style'><\/span><\/span><\/div>\n<div  class='av-buildercomment  av-blog-meta-html-info-disabled av-blog-meta-tag-disabled  '><\/div>\n","protected":false},"excerpt":{"rendered":"","protected":false},"author":1,"featured_media":10521,"comment_status":"open","ping_status":"open","sticky":false,"template":"","format":"standard","meta":{"footnotes":""},"categories":[49],"tags":[],"class_list":["post-10520","post","type-post","status-publish","format-standard","has-post-thumbnail","hentry","category-educacion"],"jetpack_featured_media_url":"https:\/\/radiorevelacionfm.cl\/wp-content\/uploads\/2021\/11\/2_Salida-a-Terreno-Capacitacioin-Bosque-con-lupa.-Fotografa_-Moinica-Mora-1-1.jpg","_links":{"self":[{"href":"https:\/\/radiorevelacionfm.cl\/index.php?rest_route=\/wp\/v2\/posts\/10520","targetHints":{"allow":["GET"]}}],"collection":[{"href":"https:\/\/radiorevelacionfm.cl\/index.php?rest_route=\/wp\/v2\/posts"}],"about":[{"href":"https:\/\/radiorevelacionfm.cl\/index.php?rest_route=\/wp\/v2\/types\/post"}],"author":[{"embeddable":true,"href":"https:\/\/radiorevelacionfm.cl\/index.php?rest_route=\/wp\/v2\/users\/1"}],"replies":[{"embeddable":true,"href":"https:\/\/radiorevelacionfm.cl\/index.php?rest_route=%2Fwp%2Fv2%2Fcomments&post=10520"}],"version-history":[{"count":2,"href":"https:\/\/radiorevelacionfm.cl\/index.php?rest_route=\/wp\/v2\/posts\/10520\/revisions"}],"predecessor-version":[{"id":10539,"href":"https:\/\/radiorevelacionfm.cl\/index.php?rest_route=\/wp\/v2\/posts\/10520\/revisions\/10539"}],"wp:featuredmedia":[{"embeddable":true,"href":"https:\/\/radiorevelacionfm.cl\/index.php?rest_route=\/wp\/v2\/media\/10521"}],"wp:attachment":[{"href":"https:\/\/radiorevelacionfm.cl\/index.php?rest_route=%2Fwp%2Fv2%2Fmedia&parent=10520"}],"wp:term":[{"taxonomy":"category","embeddable":true,"href":"https:\/\/radiorevelacionfm.cl\/index.php?rest_route=%2Fwp%2Fv2%2Fcategories&post=10520"},{"taxonomy":"post_tag","embeddable":true,"href":"https:\/\/radiorevelacionfm.cl\/index.php?rest_route=%2Fwp%2Fv2%2Ftags&post=10520"}],"curies":[{"name":"wp","href":"https:\/\/api.w.org\/{rel}","templated":true}]}}