{"id":10516,"date":"2021-11-08T16:35:40","date_gmt":"2021-11-08T19:35:40","guid":{"rendered":"https:\/\/radiorevelacionfm.cl\/?p=10516"},"modified":"2021-11-08T16:35:40","modified_gmt":"2021-11-08T19:35:40","slug":"estudiantes-de-aysen-ganan-feria-de-emprendimiento-de-la-macrozona-sur","status":"publish","type":"post","link":"https:\/\/radiorevelacionfm.cl\/?p=10516","title":{"rendered":"Estudiantes de Ays\u00e9n ganan Feria de Emprendimiento de la macrozona sur"},"content":{"rendered":"<div class=\"flex_column av_one_full  flex_column_div av-zero-column-padding first  avia-builder-el-0  el_before_av_one_full  avia-builder-el-first  \" style='border-radius:0px; '><div  class='avia-image-container  av-styling-    avia-builder-el-1  avia-builder-el-no-sibling  avia-align-center '  itemprop=\"image\" itemscope=\"itemscope\" itemtype=\"https:\/\/schema.org\/ImageObject\"  ><div class='avia-image-container-inner'><div class='avia-image-overlay-wrap'><img decoding=\"async\" class='wp-image-10517 avia-img-lazy-loading-not-10517 avia_image' src=\"https:\/\/radiorevelacionfm.cl\/wp-content\/uploads\/2021\/11\/Estudiantes-de-Aysen-ganan-Feria-de-Emprendimiento-de-la-macrozona-sur-1-1-1.jpg\" alt='' title='Estudiantes de Ays\u00e9n ganan Feria de Emprendimiento de la macrozona sur (1) (1) (1)' height=\"600\" width=\"1063\"  itemprop=\"thumbnailUrl\" srcset=\"https:\/\/radiorevelacionfm.cl\/wp-content\/uploads\/2021\/11\/Estudiantes-de-Aysen-ganan-Feria-de-Emprendimiento-de-la-macrozona-sur-1-1-1.jpg 1063w, https:\/\/radiorevelacionfm.cl\/wp-content\/uploads\/2021\/11\/Estudiantes-de-Aysen-ganan-Feria-de-Emprendimiento-de-la-macrozona-sur-1-1-1-300x169.jpg 300w, https:\/\/radiorevelacionfm.cl\/wp-content\/uploads\/2021\/11\/Estudiantes-de-Aysen-ganan-Feria-de-Emprendimiento-de-la-macrozona-sur-1-1-1-1030x581.jpg 1030w, https:\/\/radiorevelacionfm.cl\/wp-content\/uploads\/2021\/11\/Estudiantes-de-Aysen-ganan-Feria-de-Emprendimiento-de-la-macrozona-sur-1-1-1-768x433.jpg 768w, https:\/\/radiorevelacionfm.cl\/wp-content\/uploads\/2021\/11\/Estudiantes-de-Aysen-ganan-Feria-de-Emprendimiento-de-la-macrozona-sur-1-1-1-705x398.jpg 705w, https:\/\/radiorevelacionfm.cl\/wp-content\/uploads\/2021\/11\/Estudiantes-de-Aysen-ganan-Feria-de-Emprendimiento-de-la-macrozona-sur-1-1-1-600x339.jpg 600w\" sizes=\"(max-width: 1063px) 100vw, 1063px\" \/><\/div><\/div><\/div><\/div><div class=\"flex_column av_one_full  flex_column_div av-zero-column-padding first  avia-builder-el-2  el_after_av_one_full  el_before_av_one_full  column-top-margin\" style='border-radius:0px; '><section class=\"av_textblock_section \"  itemscope=\"itemscope\" itemtype=\"https:\/\/schema.org\/BlogPosting\" itemprop=\"blogPost\" ><div class='avia_textblock  '   itemprop=\"text\" ><p style=\"text-align: center;\"><span style=\"font-size: 18pt;\"><b><span lang=\"ES-TRAD\">Estudiantes de Ays\u00e9n ganan Feria de Emprendimiento de la macrozona sur<\/span><\/b><\/span><\/p>\n<div id=\"gtx-trans\" style=\"position: absolute; left: -50px; top: 4.31534px;\">\n<div class=\"gtx-trans-icon\"><\/div>\n<\/div>\n<\/div><\/section><\/div><div class=\"flex_column av_one_full  flex_column_div av-zero-column-padding first  avia-builder-el-4  el_after_av_one_full  el_before_av_hr  column-top-margin\" style='border-radius:0px; '><section class=\"av_textblock_section \"  itemscope=\"itemscope\" itemtype=\"https:\/\/schema.org\/BlogPosting\" itemprop=\"blogPost\" ><div class='avia_textblock  '   itemprop=\"text\" ><p class=\"v1MsoNormal\" style=\"text-align: justify;\"><span lang=\"ES-TRAD\">La Feria \u201cJ\u00f3venes TP en Acci\u00f3n\u201d, organizada todos los a\u00f1os por ONG Canales, debi\u00f3 realizarse de manera virtual por las condiciones sanitarias, a trav\u00e9s de la red social Instagram. Su ceremonia de premiaci\u00f3n se transmiti\u00f3 en vivo por Facebook Live y Youtube, pudiendo conectar a las distintas comunidades educativas de la macrozona sur del pa\u00eds. Con videos producidos por ellos mismos, los j\u00f3venes estudiantes presentaron sus proyectos trabajados durante el a\u00f1o en los diferentes m\u00f3dulos de Emprendimiento e Innovaci\u00f3n en sus respectivos establecimientos.\u00a0<\/span><\/p>\n<p class=\"v1MsoNormal\" style=\"text-align: justify;\"><span lang=\"ES-TRAD\">Andr\u00e9s P\u00e9rez, secretario ejecutivo de Educaci\u00f3n T\u00e9cnico Profesional del Mineduc felicit\u00f3 a los m\u00e1s de 100 estudiantes que participaron en las diferentes Ferias y explic\u00f3 que la pol\u00edtica Futuro T\u00e9cnico busca ser un punto de encuentro para los establecimientos t\u00e9cnicos que permita la articulaci\u00f3n de las trayectorias de los estudiantes con en la Educaci\u00f3n Superior y con el mundo laboral.\u00a0\u201cSabemos que cada vez m\u00e1s, los estudiantes aspiran a ir por m\u00e1s a\u00f1os de estudio y en esta pandemia hemos aprendido que trabajar juntos es esencial para que estas trayectorias de verdad se consoliden\u201d, explic\u00f3.<\/span><\/p>\n<p class=\"v1MsoNormal\" style=\"text-align: justify;\"><span lang=\"ES-TRAD\">Previamente, la autoridad presenci\u00f3 varias de las Ferias en las diferentes regiones. \u201cRecorr\u00ed algunas Ferias y pude ver el entusiasmo de los j\u00f3venes y sus docentes. Quiero destacar que no puede haber una trayectoria exitosa si los estudiantes no son protagonistas de sus propios proyectos de vida\u201d,\u00a0manifest\u00f3.<\/span><\/p>\n<p class=\"v1MsoNormal\" style=\"text-align: justify;\"><span lang=\"ES-TRAD\">Claudia Paredes, directora Ejecutiva de ONG Canales, felicit\u00f3 a los ganadores y tambi\u00e9n a todos los participantes.\u00a0\u201cTodos los proyectos estuvieron muy buenos. Los que llegaron a la \u00faltima etapa y los que fueron parte de cada feria interna de los colegios. Vaya un gran abrazo a todos los profesores y profesoras que acompa\u00f1an este proceso y motivan a los j\u00f3venes, haciendo posible que ellos puedan so\u00f1ar y lograr el desarrollo de sus proyectos.\u00a0<\/span><\/p>\n<p class=\"v1MsoNormal\" style=\"text-align: justify;\"><span lang=\"ES-TRAD\">El Concurso<\/span><\/p>\n<p class=\"v1MsoNormal\" style=\"text-align: justify;\"><span lang=\"ES-TRAD\">El encuentro \u201cJ\u00f3venes TP en Acci\u00f3n\u201d premia dos categor\u00edas: \u201cInstAwards\u201d y \u201cSoyTP\u201d. Para la primera, el emprendimiento que obtuvo la m\u00e1xima puntuaci\u00f3n fue \u201cAlfombras Otra Vida\u201d, de tres alumnas del Colegio Salesiano Padre Jos\u00e9 Fern\u00e1ndez de Puerto Montt, con 633 likes, quienes buscaron reutilizar retazos de tela.<\/span><\/p>\n<p class=\"v1MsoNormal\" style=\"text-align: justify;\"><span lang=\"ES-TRAD\">En tanto el premio \u201cSoyTP\u201d estuvo a cargo de un jurado compuesto por Marcela Ortega de la empresa Brainamics; Isabel Weber de Baquedano 400; Claudia Paredes de ONG Canales; Alejandra Tironi de Methanex; Rodrigo Bauz\u00e1 de Multiworks SPA y Rodrigo Aguayo del INJUV.<\/span><\/p>\n<p class=\"v1MsoNormal\" style=\"text-align: justify;\"><span lang=\"ES-TRAD\">Los profesionales seleccionaron al emprendimiento m\u00e1s innovador y aquel que resolv\u00eda de mejor manera una necesidad de nuestra sociedad, reconociendo como ganador a \u201cMi recetario saludable\u201d de las estudiantes Silvia Nahuelhuen y Norma Soto de la especialidad T\u00e9cnico en P\u00e1rvulos del liceo Polit\u00e9cnico de Puerto Ays\u00e9n. El proyecto busca educar a la primera infancia en alimentaci\u00f3n saludable.<\/span><\/p>\n<p class=\"v1MsoNormal\" style=\"text-align: justify;\"><span lang=\"ES-TRAD\">Erzia Canuman, docente del m\u00f3dulo de Emprendimiento del liceo Polit\u00e9cnico de Puerto Ays\u00e9n felicit\u00f3 a sus alumnas y explic\u00f3 que\u00a0\u201cesto demuestra el trabajo de las chiquillas y de todo el liceo. Es muy emocionante motivar a las estudiantes y quisiera agradecer a ONG Canales ya que su programa Puro Power ha sido una herramienta incre\u00edble para trabajar emprendimiento con los estudiantes. Entrega una forma muy did\u00e1ctica para hacer la clase, con metodolog\u00eda activa y participativa, donde los chicos son constructores de su propio aprendizaje y ellos mismos se van evaluando\u201d,\u00a0agreg\u00f3.<\/span><\/p>\n<\/div><\/section><\/div><div  style='height:50px' class='hr hr-invisible   avia-builder-el-6  el_after_av_one_full  el_before_av_social_share '><span class='hr-inner ' ><span class='hr-inner-style'><\/span><\/span><\/div><\/p>\n<div  class='av-social-sharing-box  avia-builder-el-7  el_after_av_hr  el_before_av_hr  '><div class='av-share-box'><h5 class='av-share-link-description av-no-toc '>Compartir esta noticia<\/h5><ul class='av-share-box-list noLightbox'><li class='av-share-link av-social-link-facebook' ><a target=\"_blank\" aria-label=\"Compartir en Facebook\" href='https:\/\/www.facebook.com\/sharer.php?u=https:\/\/radiorevelacionfm.cl\/?p=10516&#038;t=Estudiantes%20de%20Ays%C3%A9n%20ganan%20Feria%20de%20Emprendimiento%20de%20la%20macrozona%20sur' aria-hidden='false' data-av_icon='\ue8f3' data-av_iconfont='entypo-fontello' title='' data-avia-related-tooltip='Compartir en Facebook' rel=\"noopener\"><span class='avia_hidden_link_text'>Compartir en Facebook<\/span><\/a><\/li><li class='av-share-link av-social-link-twitter' ><a target=\"_blank\" aria-label=\"Compartir en Twitter\" href='https:\/\/twitter.com\/share?text=Estudiantes%20de%20Ays%C3%A9n%20ganan%20Feria%20de%20Emprendimiento%20de%20la%20macrozona%20sur&#038;url=https:\/\/radiorevelacionfm.cl\/?p=10516' aria-hidden='false' data-av_icon='\ue8f1' data-av_iconfont='entypo-fontello' title='' data-avia-related-tooltip='Compartir en Twitter' rel=\"noopener\"><span class='avia_hidden_link_text'>Compartir en Twitter<\/span><\/a><\/li><li class='av-share-link av-social-link-whatsapp' ><a target=\"_blank\" aria-label=\"Compartir en Whatsapp\" href='https:\/\/api.whatsapp.com\/send?text=https:\/\/radiorevelacionfm.cl\/?p=10516' aria-hidden='false' data-av_icon='\uf232' data-av_iconfont='entypo-fontello' title='' data-avia-related-tooltip='Compartir en Whatsapp' rel=\"noopener\"><span class='avia_hidden_link_text'>Compartir en Whatsapp<\/span><\/a><\/li><li class='av-share-link av-social-link-linkedin' ><a target=\"_blank\" aria-label=\"Compartir en LinkedIn\" href='https:\/\/linkedin.com\/shareArticle?mini=true&#038;title=Estudiantes%20de%20Ays%C3%A9n%20ganan%20Feria%20de%20Emprendimiento%20de%20la%20macrozona%20sur&#038;url=https:\/\/radiorevelacionfm.cl\/?p=10516' aria-hidden='false' data-av_icon='\ue8fc' data-av_iconfont='entypo-fontello' title='' data-avia-related-tooltip='Compartir en LinkedIn' rel=\"noopener\"><span class='avia_hidden_link_text'>Compartir en LinkedIn<\/span><\/a><\/li><li class='av-share-link av-social-link-mail' ><a  aria-label=\"Compartir por correo\" href='mailto:?subject=Estudiantes%20de%20Ays%C3%A9n%20ganan%20Feria%20de%20Emprendimiento%20de%20la%20macrozona%20sur&#038;body=https:\/\/radiorevelacionfm.cl\/?p=10516' aria-hidden='false' data-av_icon='\ue805' data-av_iconfont='entypo-fontello' title='' data-avia-related-tooltip='Compartir por correo'><span class='avia_hidden_link_text'>Compartir por correo<\/span><\/a><\/li><\/ul><\/div><\/div>\n<div  style='height:50px' class='hr hr-invisible   avia-builder-el-8  el_after_av_social_share  el_before_av_comments_list '><span class='hr-inner ' ><span class='hr-inner-style'><\/span><\/span><\/div>\n<div  class='av-buildercomment  av-blog-meta-html-info-disabled av-blog-meta-tag-disabled  '><\/div>\n","protected":false},"excerpt":{"rendered":"","protected":false},"author":1,"featured_media":10517,"comment_status":"open","ping_status":"open","sticky":false,"template":"","format":"standard","meta":{"footnotes":""},"categories":[49],"tags":[],"class_list":["post-10516","post","type-post","status-publish","format-standard","has-post-thumbnail","hentry","category-educacion"],"jetpack_featured_media_url":"https:\/\/radiorevelacionfm.cl\/wp-content\/uploads\/2021\/11\/Estudiantes-de-Aysen-ganan-Feria-de-Emprendimiento-de-la-macrozona-sur-1-1-1.jpg","_links":{"self":[{"href":"https:\/\/radiorevelacionfm.cl\/index.php?rest_route=\/wp\/v2\/posts\/10516","targetHints":{"allow":["GET"]}}],"collection":[{"href":"https:\/\/radiorevelacionfm.cl\/index.php?rest_route=\/wp\/v2\/posts"}],"about":[{"href":"https:\/\/radiorevelacionfm.cl\/index.php?rest_route=\/wp\/v2\/types\/post"}],"author":[{"embeddable":true,"href":"https:\/\/radiorevelacionfm.cl\/index.php?rest_route=\/wp\/v2\/users\/1"}],"replies":[{"embeddable":true,"href":"https:\/\/radiorevelacionfm.cl\/index.php?rest_route=%2Fwp%2Fv2%2Fcomments&post=10516"}],"version-history":[{"count":2,"href":"https:\/\/radiorevelacionfm.cl\/index.php?rest_route=\/wp\/v2\/posts\/10516\/revisions"}],"predecessor-version":[{"id":10519,"href":"https:\/\/radiorevelacionfm.cl\/index.php?rest_route=\/wp\/v2\/posts\/10516\/revisions\/10519"}],"wp:featuredmedia":[{"embeddable":true,"href":"https:\/\/radiorevelacionfm.cl\/index.php?rest_route=\/wp\/v2\/media\/10517"}],"wp:attachment":[{"href":"https:\/\/radiorevelacionfm.cl\/index.php?rest_route=%2Fwp%2Fv2%2Fmedia&parent=10516"}],"wp:term":[{"taxonomy":"category","embeddable":true,"href":"https:\/\/radiorevelacionfm.cl\/index.php?rest_route=%2Fwp%2Fv2%2Fcategories&post=10516"},{"taxonomy":"post_tag","embeddable":true,"href":"https:\/\/radiorevelacionfm.cl\/index.php?rest_route=%2Fwp%2Fv2%2Ftags&post=10516"}],"curies":[{"name":"wp","href":"https:\/\/api.w.org\/{rel}","templated":true}]}}