{"id":10512,"date":"2021-11-08T12:10:56","date_gmt":"2021-11-08T15:10:56","guid":{"rendered":"https:\/\/radiorevelacionfm.cl\/?p=10512"},"modified":"2021-11-08T12:10:56","modified_gmt":"2021-11-08T15:10:56","slug":"seremi-del-trabajo-andrea-ponce-capacitacion-a-medianos-y-pequenos-emprendedores-debe-ser-continua","status":"publish","type":"post","link":"https:\/\/radiorevelacionfm.cl\/?p=10512","title":{"rendered":"Seremi del Trabajo, Andrea Ponce: Capacitaci\u00f3n a medianos y peque\u00f1os emprendedores debe ser contin\u00faa"},"content":{"rendered":"<div class=\"flex_column av_one_full  flex_column_div av-zero-column-padding first  avia-builder-el-0  el_before_av_one_full  avia-builder-el-first  \" style='border-radius:0px; '><div  class='avia-image-container  av-styling-    avia-builder-el-1  avia-builder-el-no-sibling  avia-align-center '  itemprop=\"image\" itemscope=\"itemscope\" itemtype=\"https:\/\/schema.org\/ImageObject\"  ><div class='avia-image-container-inner'><div class='avia-image-overlay-wrap'><img decoding=\"async\" class='wp-image-10513 avia-img-lazy-loading-not-10513 avia_image' src=\"https:\/\/radiorevelacionfm.cl\/wp-content\/uploads\/2021\/11\/Captura-de-pantalla-1695-1.jpg\" alt='' title='Captura de pantalla (1695) (1)' height=\"600\" width=\"1067\"  itemprop=\"thumbnailUrl\" srcset=\"https:\/\/radiorevelacionfm.cl\/wp-content\/uploads\/2021\/11\/Captura-de-pantalla-1695-1.jpg 1067w, https:\/\/radiorevelacionfm.cl\/wp-content\/uploads\/2021\/11\/Captura-de-pantalla-1695-1-300x169.jpg 300w, https:\/\/radiorevelacionfm.cl\/wp-content\/uploads\/2021\/11\/Captura-de-pantalla-1695-1-1030x579.jpg 1030w, https:\/\/radiorevelacionfm.cl\/wp-content\/uploads\/2021\/11\/Captura-de-pantalla-1695-1-768x432.jpg 768w, https:\/\/radiorevelacionfm.cl\/wp-content\/uploads\/2021\/11\/Captura-de-pantalla-1695-1-705x396.jpg 705w, https:\/\/radiorevelacionfm.cl\/wp-content\/uploads\/2021\/11\/Captura-de-pantalla-1695-1-600x337.jpg 600w\" sizes=\"(max-width: 1067px) 100vw, 1067px\" \/><\/div><\/div><\/div><\/div><div class=\"flex_column av_one_full  flex_column_div av-zero-column-padding first  avia-builder-el-2  el_after_av_one_full  el_before_av_one_full  column-top-margin\" style='border-radius:0px; '><section class=\"av_textblock_section \"  itemscope=\"itemscope\" itemtype=\"https:\/\/schema.org\/BlogPosting\" itemprop=\"blogPost\" ><div class='avia_textblock  '   itemprop=\"text\" ><p style=\"text-align: center;\"><strong><span style=\"font-size: 18pt;\">Seremi del Trabajo, Andrea Ponce: Capacitaci\u00f3n a medianos y peque\u00f1os emprendedores debe ser contin\u00faa<\/span><\/strong><\/p>\n<div id=\"gtx-trans\" style=\"position: absolute; left: -50px; top: 4.31534px;\">\n<div class=\"gtx-trans-icon\"><\/div>\n<\/div>\n<\/div><\/section><\/div><div class=\"flex_column av_one_full  flex_column_div av-zero-column-padding first  avia-builder-el-4  el_after_av_one_full  el_before_av_hr  column-top-margin\" style='border-radius:0px; '><section class=\"av_textblock_section \"  itemscope=\"itemscope\" itemtype=\"https:\/\/schema.org\/BlogPosting\" itemprop=\"blogPost\" ><div class='avia_textblock  '   itemprop=\"text\" ><p style=\"font-weight: 400; text-align: justify;\">Una invitaci\u00f3n a seguir aprendiendo, capacitarse y conocer los cambios regulatorios y tecnol\u00f3gicos, extendi\u00f3 la Seremi del Trabajo y Previsi\u00f3n Social, Andrea Ponce, durante la clausura de los cursos para la micro y peque\u00f1a empresa (MIPE), ejecutados por Consultor\u00edas y Desarrollos CICAL, con el financiamiento del Departamento de Di\u00e1logo Social de la Subsecretar\u00eda del Trabajo.<\/p>\n<p style=\"font-weight: 400; text-align: justify;\">En la oportunidad, la autoridad laboral aprovech\u00f3 de contar su experiencia como emprendedora y de aprendizaje. En esa \u00e9poca, cuando ten\u00eda un local de fotocopias, tom\u00f3 un curso Sence (Servicio Nacional de Capacitaci\u00f3n y Empleo) de contabilidad para microempresarios, y se dio cuenta que la formaci\u00f3n debe ser contin\u00faa. Por esa raz\u00f3n \u201cllamo a los emprendedores a estar actualiz\u00e1ndose constantemente, ya que cambian las tecnolog\u00edas y las regulaciones\u201d.<\/p>\n<p style=\"font-weight: 400; text-align: justify;\">Al respecto, inform\u00f3 que la\u00a0Direcci\u00f3n del Trabajo cuenta actualmente con una Ley de Modernizaci\u00f3n\u00a0que permite que documentos como finiquitos o los libros de registro ya no se hagan en papel y se puedan declarar directamente por la p\u00e1gina web del servicio, utilizando la Clave \u00danica del emprendedor y de sus trabajadores.<\/p>\n<p style=\"font-weight: 400; text-align: justify;\">\u201cAlgo importante: ustedes son tratados igual que las grandes empresas, pero hoy d\u00eda\u00a0en cada Inspecci\u00f3n del Trabajo va a haber una unidad especial para peque\u00f1os y medianos emprendedores, lo que redundar\u00e1 en un trato diferenciado\u00a0y evitar\u00e1 que los emprendedores sean multados o sancionados como si fueran grandes empresarios\u201d, explic\u00f3.<\/p>\n<p style=\"font-weight: 400; text-align: justify;\">Puntualiz\u00f3 que \u201clos peque\u00f1os, los medianos y los micro emprendedores son los que entregan mayor cantidad de trabajos en nuestro pa\u00eds. No son las grandes empresas, eso es algo que est\u00e1 confirmado\u201d. En tal sentido, \u201csigan buscando cursos gratuitos en las distintas reparticiones. Sence, el ISL (Instituto de Seguridad Laboral), tienen programas de capacitaci\u00f3n gratuitos y online. Aprovechen lo que nos entrega el sistema\u201d.<\/p>\n<p style=\"font-weight: 400; text-align: justify;\">Los Cursos MIPEs Ays\u00e9n 2021, programa formativo de 32 horas pedag\u00f3gicas, fue aprobado por 36 alumnos, certificados tras abordar materias sobre subsidios en pandemia, legislaci\u00f3n laboral, fondos p\u00fablicos, contabilidad b\u00e1sica, formulaci\u00f3n de proyectos, entre otros.<\/p>\n<p style=\"font-weight: 400; text-align: justify;\">El acto de cierre, realizado de manera telem\u00e1tica, culmin\u00f3 con un saludo de alumnos beneficiados y la relatora Rossana Valderas, donde agradecen al equipo t\u00e9cnico y docente de Cical, y prodigan muestras de apoyo y \u00e9xito para todos los participantes de este plan de formaci\u00f3n, financiado por la Subsecretar\u00eda del Trabajo, a trav\u00e9s del Departamento de Di\u00e1logo Social.<\/p>\n<\/div><\/section><\/div><div  style='height:50px' class='hr hr-invisible   avia-builder-el-6  el_after_av_one_full  el_before_av_social_share '><span class='hr-inner ' ><span class='hr-inner-style'><\/span><\/span><\/div><\/p>\n<div  class='av-social-sharing-box  avia-builder-el-7  el_after_av_hr  el_before_av_hr  '><div class='av-share-box'><h5 class='av-share-link-description av-no-toc '>Compartir esta noticia<\/h5><ul class='av-share-box-list noLightbox'><li class='av-share-link av-social-link-facebook' ><a target=\"_blank\" aria-label=\"Compartir en Facebook\" href='https:\/\/www.facebook.com\/sharer.php?u=https:\/\/radiorevelacionfm.cl\/?p=10512&#038;t=Seremi%20del%20Trabajo%2C%20Andrea%20Ponce%3A%20Capacitaci%C3%B3n%20a%20medianos%20y%20peque%C3%B1os%20emprendedores%20debe%20ser%20contin%C3%BAa' aria-hidden='false' data-av_icon='\ue8f3' data-av_iconfont='entypo-fontello' title='' data-avia-related-tooltip='Compartir en Facebook' rel=\"noopener\"><span class='avia_hidden_link_text'>Compartir en Facebook<\/span><\/a><\/li><li class='av-share-link av-social-link-twitter' ><a target=\"_blank\" aria-label=\"Compartir en Twitter\" href='https:\/\/twitter.com\/share?text=Seremi%20del%20Trabajo%2C%20Andrea%20Ponce%3A%20Capacitaci%C3%B3n%20a%20medianos%20y%20peque%C3%B1os%20emprendedores%20debe%20ser%20contin%C3%BAa&#038;url=https:\/\/radiorevelacionfm.cl\/?p=10512' aria-hidden='false' data-av_icon='\ue8f1' data-av_iconfont='entypo-fontello' title='' data-avia-related-tooltip='Compartir en Twitter' rel=\"noopener\"><span class='avia_hidden_link_text'>Compartir en Twitter<\/span><\/a><\/li><li class='av-share-link av-social-link-whatsapp' ><a target=\"_blank\" aria-label=\"Compartir en Whatsapp\" href='https:\/\/api.whatsapp.com\/send?text=https:\/\/radiorevelacionfm.cl\/?p=10512' aria-hidden='false' data-av_icon='\uf232' data-av_iconfont='entypo-fontello' title='' data-avia-related-tooltip='Compartir en Whatsapp' rel=\"noopener\"><span class='avia_hidden_link_text'>Compartir en Whatsapp<\/span><\/a><\/li><li class='av-share-link av-social-link-linkedin' ><a target=\"_blank\" aria-label=\"Compartir en LinkedIn\" href='https:\/\/linkedin.com\/shareArticle?mini=true&#038;title=Seremi%20del%20Trabajo%2C%20Andrea%20Ponce%3A%20Capacitaci%C3%B3n%20a%20medianos%20y%20peque%C3%B1os%20emprendedores%20debe%20ser%20contin%C3%BAa&#038;url=https:\/\/radiorevelacionfm.cl\/?p=10512' aria-hidden='false' data-av_icon='\ue8fc' data-av_iconfont='entypo-fontello' title='' data-avia-related-tooltip='Compartir en LinkedIn' rel=\"noopener\"><span class='avia_hidden_link_text'>Compartir en LinkedIn<\/span><\/a><\/li><li class='av-share-link av-social-link-mail' ><a  aria-label=\"Compartir por correo\" href='mailto:?subject=Seremi%20del%20Trabajo%2C%20Andrea%20Ponce%3A%20Capacitaci%C3%B3n%20a%20medianos%20y%20peque%C3%B1os%20emprendedores%20debe%20ser%20contin%C3%BAa&#038;body=https:\/\/radiorevelacionfm.cl\/?p=10512' aria-hidden='false' data-av_icon='\ue805' data-av_iconfont='entypo-fontello' title='' data-avia-related-tooltip='Compartir por correo'><span class='avia_hidden_link_text'>Compartir por correo<\/span><\/a><\/li><\/ul><\/div><\/div>\n<div  style='height:50px' class='hr hr-invisible   avia-builder-el-8  el_after_av_social_share  el_before_av_comments_list '><span class='hr-inner ' ><span class='hr-inner-style'><\/span><\/span><\/div>\n<div  class='av-buildercomment  av-blog-meta-html-info-disabled av-blog-meta-tag-disabled  '><\/div>\n","protected":false},"excerpt":{"rendered":"","protected":false},"author":1,"featured_media":10513,"comment_status":"open","ping_status":"open","sticky":false,"template":"","format":"standard","meta":{"footnotes":""},"categories":[56],"tags":[],"class_list":["post-10512","post","type-post","status-publish","format-standard","has-post-thumbnail","hentry","category-trabajo"],"jetpack_featured_media_url":"https:\/\/radiorevelacionfm.cl\/wp-content\/uploads\/2021\/11\/Captura-de-pantalla-1695-1.jpg","_links":{"self":[{"href":"https:\/\/radiorevelacionfm.cl\/index.php?rest_route=\/wp\/v2\/posts\/10512","targetHints":{"allow":["GET"]}}],"collection":[{"href":"https:\/\/radiorevelacionfm.cl\/index.php?rest_route=\/wp\/v2\/posts"}],"about":[{"href":"https:\/\/radiorevelacionfm.cl\/index.php?rest_route=\/wp\/v2\/types\/post"}],"author":[{"embeddable":true,"href":"https:\/\/radiorevelacionfm.cl\/index.php?rest_route=\/wp\/v2\/users\/1"}],"replies":[{"embeddable":true,"href":"https:\/\/radiorevelacionfm.cl\/index.php?rest_route=%2Fwp%2Fv2%2Fcomments&post=10512"}],"version-history":[{"count":2,"href":"https:\/\/radiorevelacionfm.cl\/index.php?rest_route=\/wp\/v2\/posts\/10512\/revisions"}],"predecessor-version":[{"id":10515,"href":"https:\/\/radiorevelacionfm.cl\/index.php?rest_route=\/wp\/v2\/posts\/10512\/revisions\/10515"}],"wp:featuredmedia":[{"embeddable":true,"href":"https:\/\/radiorevelacionfm.cl\/index.php?rest_route=\/wp\/v2\/media\/10513"}],"wp:attachment":[{"href":"https:\/\/radiorevelacionfm.cl\/index.php?rest_route=%2Fwp%2Fv2%2Fmedia&parent=10512"}],"wp:term":[{"taxonomy":"category","embeddable":true,"href":"https:\/\/radiorevelacionfm.cl\/index.php?rest_route=%2Fwp%2Fv2%2Fcategories&post=10512"},{"taxonomy":"post_tag","embeddable":true,"href":"https:\/\/radiorevelacionfm.cl\/index.php?rest_route=%2Fwp%2Fv2%2Ftags&post=10512"}],"curies":[{"name":"wp","href":"https:\/\/api.w.org\/{rel}","templated":true}]}}