{"id":10507,"date":"2021-11-08T10:34:00","date_gmt":"2021-11-08T13:34:00","guid":{"rendered":"https:\/\/radiorevelacionfm.cl\/?p=10507"},"modified":"2021-11-08T10:34:00","modified_gmt":"2021-11-08T13:34:00","slug":"a-56-anos-de-los-tragicos-sucesos-de-laguna-del-desierto-conmemoran-al-heroe-del-siglo-xx-teniente-hernan-merino-correa","status":"publish","type":"post","link":"https:\/\/radiorevelacionfm.cl\/?p=10507","title":{"rendered":"A 56 a\u00f1os de los tr\u00e1gicos sucesos de Laguna del Desierto conmemoran al H\u00e9roe del Siglo XX Teniente Hern\u00e1n Merino Correa"},"content":{"rendered":"<div class=\"flex_column av_one_full  flex_column_div av-zero-column-padding first  avia-builder-el-0  el_before_av_one_full  avia-builder-el-first  \" style='border-radius:0px; '><div  class='avia-image-container  av-styling-    avia-builder-el-1  avia-builder-el-no-sibling  avia-align-center '  itemprop=\"image\" itemscope=\"itemscope\" itemtype=\"https:\/\/schema.org\/ImageObject\"  ><div class='avia-image-container-inner'><div class='avia-image-overlay-wrap'><img decoding=\"async\" class='wp-image-10508 avia-img-lazy-loading-not-10508 avia_image' src=\"https:\/\/radiorevelacionfm.cl\/wp-content\/uploads\/2021\/11\/tcia-Herman-merino-Correa-1-1.jpg\" alt='' title='tcia Herm\u00e1n merino Correa (1) (1)' height=\"600\" width=\"800\"  itemprop=\"thumbnailUrl\" srcset=\"https:\/\/radiorevelacionfm.cl\/wp-content\/uploads\/2021\/11\/tcia-Herman-merino-Correa-1-1.jpg 800w, https:\/\/radiorevelacionfm.cl\/wp-content\/uploads\/2021\/11\/tcia-Herman-merino-Correa-1-1-300x225.jpg 300w, https:\/\/radiorevelacionfm.cl\/wp-content\/uploads\/2021\/11\/tcia-Herman-merino-Correa-1-1-768x576.jpg 768w, https:\/\/radiorevelacionfm.cl\/wp-content\/uploads\/2021\/11\/tcia-Herman-merino-Correa-1-1-705x529.jpg 705w, https:\/\/radiorevelacionfm.cl\/wp-content\/uploads\/2021\/11\/tcia-Herman-merino-Correa-1-1-600x450.jpg 600w\" sizes=\"(max-width: 800px) 100vw, 800px\" \/><\/div><\/div><\/div><\/div><div class=\"flex_column av_one_full  flex_column_div av-zero-column-padding first  avia-builder-el-2  el_after_av_one_full  el_before_av_one_full  column-top-margin\" style='border-radius:0px; '><section class=\"av_textblock_section \"  itemscope=\"itemscope\" itemtype=\"https:\/\/schema.org\/BlogPosting\" itemprop=\"blogPost\" ><div class='avia_textblock  '   itemprop=\"text\" ><p style=\"text-align: center;\"><strong><span style=\"font-size: 18pt;\">A 56 a\u00f1os de los tr\u00e1gicos sucesos de Laguna del Desierto conmemoran al H\u00e9roe del Siglo XX Teniente Hern\u00e1n Merino Correa<\/span><\/strong><\/p>\n<div id=\"gtx-trans\" style=\"position: absolute; left: -50px; top: 4.31534px;\">\n<div class=\"gtx-trans-icon\"><\/div>\n<\/div>\n<\/div><\/section><\/div><div class=\"flex_column av_one_full  flex_column_div av-zero-column-padding first  avia-builder-el-4  el_after_av_one_full  el_before_av_hr  column-top-margin\" style='border-radius:0px; '><section class=\"av_textblock_section \"  itemscope=\"itemscope\" itemtype=\"https:\/\/schema.org\/BlogPosting\" itemprop=\"blogPost\" ><div class='avia_textblock  '   itemprop=\"text\" ><p class=\"v1MsoNormal\" style=\"text-align: justify;\">A 56 a\u00f1os, el sector Laguna del Desierto, ser\u00eda el lugar donde se escribi\u00f3 un soplo de nuestra historia magna, en el cual el Teniente de Carabineros Hern\u00e1n Merino Correa, el 6 de noviembre de 1965 ofrend\u00f3 su vida en defensa de la soberan\u00eda de nuestro pa\u00eds.<\/p>\n<p class=\"v1MsoNormal\" style=\"text-align: justify;\">Con ocasi\u00f3n de esta fecha, independiente de las distancias y a pesar de las complejidades producto de la pandemia, el General Hugo Zenteno V\u00e1squez, Jefe de la XI Zona de Carabineros Ays\u00e9n, dispuso \u2013tras adoptar los resguardos en materia de bioseguridad- el izamiento del pabell\u00f3n nacional y ceremonias en unidades y destacamentos del territorio especialmente en la Subcomisar\u00eda de Villa O&#8217;Higgins (F) y la Tenencia Hern\u00e1n Merino Correa (F) \u2013el cuartel m\u00e1s austral de nuestra regi\u00f3n- con la finalidad de honrar la memoria de quien es el \u00abH\u00e9roe del Siglo XX\u00bb.<\/p>\n<p class=\"v1MsoNormal\" style=\"text-align: justify;\">El General Zenteno destac\u00f3 que el Teniente Hern\u00e1n Merino Correa -un joven Oficial de 29 a\u00f1os de edad- encarna los m\u00e1s profundos y nobles valores de amor a la patria, entrega, firme vocaci\u00f3n de servicio en el desempe\u00f1o de sus funciones, due\u00f1o de una s\u00f3lida voluntad, valores que se han convertido en fuente de inspiraci\u00f3n para las nuevas generaciones de Carabineros.<\/p>\n<p class=\"v1MsoNormal\" style=\"text-align: justify;\">Asimismo, el Oficial General, destac\u00f3 que Merino posee los valores doctrinarios, permitiendo conservar un sello de identidad y uniformidad necesarios para trascender en el cumplimiento de la misi\u00f3n constitucional cual es velar por el orden y la seguridad en el territorio nacional.<\/p>\n<p class=\"v1MsoNormal\" style=\"text-align: justify;\"><b>Generosidad y arrojo<\/b><\/p>\n<p class=\"v1MsoNormal\" style=\"text-align: justify;\">Hern\u00e1n Merino fue el segundo de cuatro hermanos, hijo del Capit\u00e1n de Carabineros Carlos Merino Carpentier y Ana Correa de La Fuente. Aficionado al f\u00fatbol y tras estudiar mec\u00e1nica industrial en la Universidad T\u00e9cnica del Estado, carrera que congel\u00f3 para preparar los ex\u00e1menes de ingreso a la Escuela de Carabineros, a la que se incorpor\u00f3 en marzo de 1965 como aspirante a Oficial y egres\u00f3 un a\u00f1o m\u00e1s tarde con uno de los primeros lugares de su promoci\u00f3n.<\/p>\n<p class=\"v1MsoNormal\" style=\"text-align: justify;\">Tras algunas destinaciones dentro de Santiago, en 1960 fue destinado a Santa B\u00e1rbara, regi\u00f3n del Bio Bio, donde comenz\u00f3 a destacar por su generosidad y arrojo, esto luego que un cami\u00f3n cay\u00f3 al r\u00edo Mininco; entre los desaparecidos estaba una madre y su hijo. Merino inici\u00f3 la b\u00fasqueda logrando divisar a los sobrevivientes aferrados a un tronco, lugar desde donde fueron rescatados por este Oficial.<\/p>\n<p class=\"v1MsoNormal\" style=\"text-align: justify;\">En 1962 fue trasladado a la Prefectura Ays\u00e9n, desempe\u00f1ando funciones en Coyhaique y Puerto Ays\u00e9n. Un a\u00f1o m\u00e1s tarde tras la ca\u00edda de un avi\u00f3n de la Fuerza A\u00e9rea, organiz\u00f3 patrullas de rescate y junto al polito Ernesto Hein, lograron rescatar al \u00fanico sobreviviente.<\/p>\n<p class=\"v1MsoNormal\" style=\"text-align: justify;\">En 1964 asumi\u00f3 un nuevo desaf\u00edo en Chile Chico y al a\u00f1o siguiente se hizo cargo de la Tenencia Cochrane, comuna en la que conform\u00f3 un club de cueca e hizo soberan\u00eda.<\/p>\n<p class=\"v1MsoNormal\" style=\"text-align: justify;\"><b>Controversia<\/b><\/p>\n<p class=\"v1MsoNormal\" style=\"text-align: justify;\">El 4 de octubre de 1965, gendarmes argentinos notificaron al colono Domingo Sep\u00falveda C\u00e1rdenas, con domicilio en Laguna del Desierto, para presentarse en R\u00edo Gallegos y le informaron el inter\u00e9s de instalar un puesto de avanzada en su predio. El 8 de este mismo mes, Sep\u00falveda concurri\u00f3 al Ret\u00e9n lago O&#8217;Higgins dando a conocer la situaci\u00f3n, tras lo cual Carabineros envi\u00f3 una patrulla a la zona para verificar la denuncia y patrullar el sector.<\/p>\n<p class=\"v1MsoNormal\" style=\"text-align: justify;\">Junto a un reducido grupo de personal, el Teniente Merino recibi\u00f3 la orden de constituirse en la zona del problema, lugar hasta donde lleg\u00f3 junto al Jefe de la 1ra. Comisar\u00eda de Coyhaique, Mayor Miguel Torres Fern\u00e1ndez, avanzada que se estableci\u00f3 en Laguna del Desierto, en el predio de la ciudadana chilena, Juana Sep\u00falveda C\u00e1rdenas.<\/p>\n<p class=\"v1MsoNormal\" style=\"text-align: justify;\">La situaci\u00f3n fue abordada por los presidentes Eduardo Frei Montalva de Chile y Arturo Umberto Illia de Argentina -tras una reuni\u00f3n en Mendoza- acordaron intensificar los trabajos de la Comisi\u00f3n Mixta de L\u00edmites en la zona. Ambos pa\u00edses acordaron el regreso de Carabineros al Ret\u00e9n Lago O&#8217;Higgins y la reducci\u00f3n de Gendarmes a su dotaci\u00f3n normal en el puesto La Florida.<\/p>\n<p class=\"v1MsoNormal\" style=\"text-align: justify;\"><b>Deceso<\/b><\/p>\n<p class=\"v1MsoNormal\" style=\"text-align: justify;\">En momentos en que estaba siendo levantado el campamento, cerca de las 16:30 horas del 6 de noviembre de 1965, un grupo de ni\u00f1os avisaron que ven\u00edan gendarmes argentinos, momento en que el Mayor Torres, estando desarmado, se encontraba en el bosque y avanz\u00f3 hacia ellos con las manos en alto haciendo saber su intenci\u00f3n de dialogar.<\/p>\n<p class=\"v1MsoNormal\" style=\"text-align: justify;\">Al percatarse que su jefe estaba desarmado, el Teniente Merino tom\u00f3 un arma y orden\u00f3 al Sargento 2do. Manr\u00edquez hacer lo propio, solicitando a los argentinos que salieran porque no hab\u00eda intenci\u00f3n de disparar, instante en que un disparo hiri\u00f3 de muerte al Teniente Merino en tanto que el Sargento 2do. Manr\u00edquez, result\u00f3 igualmente lesionado.<\/p>\n<p class=\"v1MsoNormal\" style=\"text-align: justify;\">El heroico actuar del Teniente Merino trascendi\u00f3 a todo Chile, siendo ascendido en 1966 al grado de General, siendo conferida la condecoraci\u00f3n Premio al Valor.<\/p>\n<p class=\"v1MsoNormal\" style=\"text-align: justify;\">Desde abril de 1997 sus restos descansan en la cripta ubicada en el monumento Gloria y Victoria construido por la Instituci\u00f3n en honor a los ca\u00eddos en el cumplimiento del deber.<\/p>\n<p class=\"v1MsoNormal\" style=\"text-align: justify;\">Hoy la memoria del Teniente de Carabineros Hern\u00e1n Merino Correa es perpetuada en Unidades, escuelas, calles, bustos, placas y clubes, entre otros, que llevan el nombre del \u00abH\u00e9roe del Siglo XX\u00bb.<\/p>\n<\/div><\/section><\/div><div  style='height:50px' class='hr hr-invisible   avia-builder-el-6  el_after_av_one_full  el_before_av_social_share '><span class='hr-inner ' ><span class='hr-inner-style'><\/span><\/span><\/div><\/p>\n<div  class='av-social-sharing-box  avia-builder-el-7  el_after_av_hr  el_before_av_hr  '><div class='av-share-box'><h5 class='av-share-link-description av-no-toc '>Compartir esta noticia<\/h5><ul class='av-share-box-list noLightbox'><li class='av-share-link av-social-link-facebook' ><a target=\"_blank\" aria-label=\"Compartir en Facebook\" href='https:\/\/www.facebook.com\/sharer.php?u=https:\/\/radiorevelacionfm.cl\/?p=10507&#038;t=A%2056%20a%C3%B1os%20de%20los%20tr%C3%A1gicos%20sucesos%20de%20Laguna%20del%20Desierto%20conmemoran%20al%20H%C3%A9roe%20del%20Siglo%20XX%20Teniente%20Hern%C3%A1n%20Merino%20Correa' aria-hidden='false' data-av_icon='\ue8f3' data-av_iconfont='entypo-fontello' title='' data-avia-related-tooltip='Compartir en Facebook' rel=\"noopener\"><span class='avia_hidden_link_text'>Compartir en Facebook<\/span><\/a><\/li><li class='av-share-link av-social-link-twitter' ><a target=\"_blank\" aria-label=\"Compartir en Twitter\" href='https:\/\/twitter.com\/share?text=A%2056%20a%C3%B1os%20de%20los%20tr%C3%A1gicos%20sucesos%20de%20Laguna%20del%20Desierto%20conmemoran%20al%20H%C3%A9roe%20del%20Siglo%20XX%20Teniente%20Hern%C3%A1n%20Merino%20Correa&#038;url=https:\/\/radiorevelacionfm.cl\/?p=10507' aria-hidden='false' data-av_icon='\ue8f1' data-av_iconfont='entypo-fontello' title='' data-avia-related-tooltip='Compartir en Twitter' rel=\"noopener\"><span class='avia_hidden_link_text'>Compartir en Twitter<\/span><\/a><\/li><li class='av-share-link av-social-link-whatsapp' ><a target=\"_blank\" aria-label=\"Compartir en Whatsapp\" href='https:\/\/api.whatsapp.com\/send?text=https:\/\/radiorevelacionfm.cl\/?p=10507' aria-hidden='false' data-av_icon='\uf232' data-av_iconfont='entypo-fontello' title='' data-avia-related-tooltip='Compartir en Whatsapp' rel=\"noopener\"><span class='avia_hidden_link_text'>Compartir en Whatsapp<\/span><\/a><\/li><li class='av-share-link av-social-link-linkedin' ><a target=\"_blank\" aria-label=\"Compartir en LinkedIn\" href='https:\/\/linkedin.com\/shareArticle?mini=true&#038;title=A%2056%20a%C3%B1os%20de%20los%20tr%C3%A1gicos%20sucesos%20de%20Laguna%20del%20Desierto%20conmemoran%20al%20H%C3%A9roe%20del%20Siglo%20XX%20Teniente%20Hern%C3%A1n%20Merino%20Correa&#038;url=https:\/\/radiorevelacionfm.cl\/?p=10507' aria-hidden='false' data-av_icon='\ue8fc' data-av_iconfont='entypo-fontello' title='' data-avia-related-tooltip='Compartir en LinkedIn' rel=\"noopener\"><span class='avia_hidden_link_text'>Compartir en LinkedIn<\/span><\/a><\/li><li class='av-share-link av-social-link-mail' ><a  aria-label=\"Compartir por correo\" href='mailto:?subject=A%2056%20a%C3%B1os%20de%20los%20tr%C3%A1gicos%20sucesos%20de%20Laguna%20del%20Desierto%20conmemoran%20al%20H%C3%A9roe%20del%20Siglo%20XX%20Teniente%20Hern%C3%A1n%20Merino%20Correa&#038;body=https:\/\/radiorevelacionfm.cl\/?p=10507' aria-hidden='false' data-av_icon='\ue805' data-av_iconfont='entypo-fontello' title='' data-avia-related-tooltip='Compartir por correo'><span class='avia_hidden_link_text'>Compartir por correo<\/span><\/a><\/li><\/ul><\/div><\/div>\n<div  style='height:50px' class='hr hr-invisible   avia-builder-el-8  el_after_av_social_share  el_before_av_comments_list '><span class='hr-inner ' ><span class='hr-inner-style'><\/span><\/span><\/div>\n<div  class='av-buildercomment  av-blog-meta-html-info-disabled av-blog-meta-tag-disabled  '><\/div>\n","protected":false},"excerpt":{"rendered":"","protected":false},"author":1,"featured_media":10508,"comment_status":"open","ping_status":"open","sticky":false,"template":"","format":"standard","meta":{"footnotes":""},"categories":[36],"tags":[],"class_list":["post-10507","post","type-post","status-publish","format-standard","has-post-thumbnail","hentry","category-policial"],"jetpack_featured_media_url":"https:\/\/radiorevelacionfm.cl\/wp-content\/uploads\/2021\/11\/tcia-Herman-merino-Correa-1-1.jpg","_links":{"self":[{"href":"https:\/\/radiorevelacionfm.cl\/index.php?rest_route=\/wp\/v2\/posts\/10507","targetHints":{"allow":["GET"]}}],"collection":[{"href":"https:\/\/radiorevelacionfm.cl\/index.php?rest_route=\/wp\/v2\/posts"}],"about":[{"href":"https:\/\/radiorevelacionfm.cl\/index.php?rest_route=\/wp\/v2\/types\/post"}],"author":[{"embeddable":true,"href":"https:\/\/radiorevelacionfm.cl\/index.php?rest_route=\/wp\/v2\/users\/1"}],"replies":[{"embeddable":true,"href":"https:\/\/radiorevelacionfm.cl\/index.php?rest_route=%2Fwp%2Fv2%2Fcomments&post=10507"}],"version-history":[{"count":2,"href":"https:\/\/radiorevelacionfm.cl\/index.php?rest_route=\/wp\/v2\/posts\/10507\/revisions"}],"predecessor-version":[{"id":10510,"href":"https:\/\/radiorevelacionfm.cl\/index.php?rest_route=\/wp\/v2\/posts\/10507\/revisions\/10510"}],"wp:featuredmedia":[{"embeddable":true,"href":"https:\/\/radiorevelacionfm.cl\/index.php?rest_route=\/wp\/v2\/media\/10508"}],"wp:attachment":[{"href":"https:\/\/radiorevelacionfm.cl\/index.php?rest_route=%2Fwp%2Fv2%2Fmedia&parent=10507"}],"wp:term":[{"taxonomy":"category","embeddable":true,"href":"https:\/\/radiorevelacionfm.cl\/index.php?rest_route=%2Fwp%2Fv2%2Fcategories&post=10507"},{"taxonomy":"post_tag","embeddable":true,"href":"https:\/\/radiorevelacionfm.cl\/index.php?rest_route=%2Fwp%2Fv2%2Ftags&post=10507"}],"curies":[{"name":"wp","href":"https:\/\/api.w.org\/{rel}","templated":true}]}}