{"id":10502,"date":"2021-11-08T09:47:39","date_gmt":"2021-11-08T12:47:39","guid":{"rendered":"https:\/\/radiorevelacionfm.cl\/?p=10502"},"modified":"2021-11-08T09:53:50","modified_gmt":"2021-11-08T12:53:50","slug":"dronesaustral-la-tecnologia-e-innovacion-al-servicio-de-la-agricultura-en-aysen","status":"publish","type":"post","link":"https:\/\/radiorevelacionfm.cl\/?p=10502","title":{"rendered":"DronesAustral: La tecnolog\u00eda e innovaci\u00f3n al servicio de la agricultura en Ays\u00e9n"},"content":{"rendered":"<div class=\"flex_column av_one_full  flex_column_div av-zero-column-padding first  avia-builder-el-0  el_before_av_one_full  avia-builder-el-first  \" style='border-radius:0px; '><div  class='avia-image-container  av-styling-    avia-builder-el-1  avia-builder-el-no-sibling  avia-align-center '  itemprop=\"image\" itemscope=\"itemscope\" itemtype=\"https:\/\/schema.org\/ImageObject\"  ><div class='avia-image-container-inner'><div class='avia-image-overlay-wrap'><img decoding=\"async\" class='wp-image-10503 avia-img-lazy-loading-not-10503 avia_image' src=\"https:\/\/radiorevelacionfm.cl\/wp-content\/uploads\/2021\/11\/01-drones1-1-1.jpg\" alt='' title='01 drones1 (1) (1)' height=\"600\" width=\"627\"  itemprop=\"thumbnailUrl\" srcset=\"https:\/\/radiorevelacionfm.cl\/wp-content\/uploads\/2021\/11\/01-drones1-1-1.jpg 627w, https:\/\/radiorevelacionfm.cl\/wp-content\/uploads\/2021\/11\/01-drones1-1-1-300x287.jpg 300w, https:\/\/radiorevelacionfm.cl\/wp-content\/uploads\/2021\/11\/01-drones1-1-1-600x574.jpg 600w\" sizes=\"(max-width: 627px) 100vw, 627px\" \/><\/div><\/div><\/div><\/div><div class=\"flex_column av_one_full  flex_column_div av-zero-column-padding first  avia-builder-el-2  el_after_av_one_full  el_before_av_one_full  column-top-margin\" style='border-radius:0px; '><section class=\"av_textblock_section \"  itemscope=\"itemscope\" itemtype=\"https:\/\/schema.org\/BlogPosting\" itemprop=\"blogPost\" ><div class='avia_textblock  '   itemprop=\"text\" ><p style=\"text-align: center;\"><span style=\"font-size: 18pt;\"><b><span lang=\"es-419\">DronesAustral: La tecnolog\u00eda e innovaci\u00f3n al servicio de la agricultura en Ays\u00e9n<\/span><\/b><\/span><\/p>\n<div id=\"gtx-trans\" style=\"position: absolute; left: -50px; top: 4.31534px;\">\n<div class=\"gtx-trans-icon\"><\/div>\n<\/div>\n<\/div><\/section><\/div><div class=\"flex_column av_one_full  flex_column_div av-zero-column-padding first  avia-builder-el-4  el_after_av_one_full  el_before_av_hr  column-top-margin\" style='border-radius:0px; '><section class=\"av_textblock_section \"  itemscope=\"itemscope\" itemtype=\"https:\/\/schema.org\/BlogPosting\" itemprop=\"blogPost\" ><div class='avia_textblock  '   itemprop=\"text\" ><p style=\"font-weight: 400; text-align: justify;\">Desde sus inicios, la humanidad ha pensado distintas formas de facilitar el trabajo en el campo y hacer m\u00e1s eficiente su labor. Desde los primeros arados a las \u00faltimas herramientas manejadas a trav\u00e9s de tel\u00e9fonos m\u00f3viles, la tecnolog\u00eda y la innovaci\u00f3n se ha hecho presente provocando avances constantes.<\/p>\n<p style=\"font-weight: 400; text-align: justify;\">En el caso de la Regi\u00f3n de Ays\u00e9n, la mayor parte de su superficie corresponde a \u00c1reas Silvestres Protegidas, que conviven con territorios que se destinan a praderas pastoriles que posibilitan una importante actividad agropecuaria. Sin embargo, algunas de ellas tienen problemas de baja producci\u00f3n y valor nutricional, las cuales en su mayor\u00eda son terrenos de dif\u00edcil acceso y que no se pueden manejar agron\u00f3micamente con los equipos terrestres convencionales.<\/p>\n<p style=\"font-weight: 400; text-align: justify;\">Observando esta problem\u00e1tica, la empresa Servicios y Actividades Silvoagropecuarias y Tur\u00edsticas Austral, a trav\u00e9s del programa Innova Regi\u00f3n de Corfo, con el proyecto \u201cTecnologizaci\u00f3n de 4\u00aa generaci\u00f3n para manejo agron\u00f3mico de praderas pastoriles de la Regi\u00f3n de Ays\u00e9n\u201d, busca validar el uso de veh\u00edculos a\u00e9reos no tripulados con el prop\u00f3sito tecnificar el manejo agron\u00f3mico de praderas pastoriles de dif\u00edcil acceso utilizando drones equipados para cuantificar su estado y optimizar la fertilizaci\u00f3n, fumigaci\u00f3n y siembra a\u00e9rea, generando adem\u00e1s los protocolos para su operaci\u00f3n.<\/p>\n<p style=\"font-weight: 400; text-align: justify;\">Eduardo Pradenas Hern\u00e1ndez, director de esta iniciativa, se\u00f1al\u00f3 que esta idea surge de un inter\u00e9s personal por la tecnolog\u00eda y el amor por el agro \u201cy qu\u00e9 mejor que ocupar las nuevas tecnolog\u00edas para generar una agricultura de precisi\u00f3n, eficiente, sustentable y amigable con el medio ambiente. El proyecto busca darle un plus a este sector incorporando, en este caso, el uso de drones. Estas herramientas no son muy conocidas y se sabe poco sobre las fortalezas de su uso, sobre todo si lo que se busca es ser m\u00e1s eficiente en los terrenos productivos disponibles\u201d.<\/p>\n<p style=\"font-weight: 400; text-align: justify;\">Agreg\u00f3 Pradenas que el uso de veh\u00edculos a\u00e9reos no tripulados,\u00a0drones, representa una innovaci\u00f3n en la agricultura, ya que son herramientas tecnol\u00f3gicas de alta gama que permiten alcanzar la mayor eficiencia en an\u00e1lisis de granjas, monitoreo, toma de muestras, fertilizaci\u00f3n, fumigaci\u00f3n y siembra a\u00e9rea, sobre todo porque pueden adaptarse de mejor forma a la adversidad clim\u00e1tica.<\/p>\n<p style=\"font-weight: 400; text-align: justify;\">Fernando Johnson Dur\u00e1n, director (S) de Corfo Ays\u00e9n relev\u00f3 esta iniciativa. \u201cPara Corfo es de inter\u00e9s instalar, en los distintos sectores productivos del territorio, innovaci\u00f3n que les permita ser m\u00e1s eficientes en sus procesos. Y aqu\u00ed estamos en presencia de un proyecto que, junto con ser pensado y desarrollado por un joven\u00a0aysenino, incorpora elementos que permitir\u00e1n mejorar de manera sustantiva los cultivos, ya que asegura precisi\u00f3n, rapidez, efectividad y uniformidad en el diagn\u00f3stico, la fertilizaci\u00f3n, la fumigaci\u00f3n y la siembra a\u00e9rea de las praderas pastoriles de dif\u00edcil acceso\u201d. Explic\u00f3 que esta iniciativa est\u00e1 en l\u00ednea con el desarrollo de una agricultura que evita la utilizaci\u00f3n intensiva y exposici\u00f3n de mano de obra, permitiendo trabajar en terrenos de dif\u00edcil acceso que son inalcanzables bajo los m\u00e9todos terrestres tradicionales, y siendo adem\u00e1s m\u00e1s eficiente, econ\u00f3mico y sustentable que los m\u00e9todos a\u00e9reos convencionales.<\/p>\n<p style=\"font-weight: 400; text-align: justify;\"><strong>SEMINARIO Y D\u00cdA DE CAMPO<\/strong><\/p>\n<p style=\"font-weight: 400; text-align: justify;\">Para poner en contexto la utilizaci\u00f3n de esta tecnolog\u00eda, INIA TAMEL AIKE en conjunto con\u00a0DronesAustral\u00a0y apoyados por Corfo Ays\u00e9n, realizar\u00e1n el seminario web y d\u00eda de campo \u201cConceptos te\u00f3ricos y pr\u00e1cticos para las aplicaciones a\u00e9reas eficientes de agroqu\u00edmicos con el uso de Drones en la Regi\u00f3n de Ays\u00e9n\u201d, en el que se abordar\u00e1 los beneficios de esta nueva herramienta tecnol\u00f3gica y los alcances en el territorio.<\/p>\n<p style=\"font-weight: 400; text-align: justify;\">Osvaldo\u00a0Teuber\u00a0Winkler, investigador de INIA TAMEL AIKE, detall\u00f3 que ha sido interesante conocer esta experiencia, la que han apoyado desde el principio, en particular por Rodrigo Quintana de INIA\u00a0Quilamapu\u00a0de Chill\u00e1n qui\u00e9n trabaja fuertemente en el uso drones en agricultura y ha sido un aporte significativo para el desarrollo de esta iniciativa. \u201cEn este contexto, nosotros como INIA TAMEL AIKE estamos apoyando a Eduardo y hemos dispuesto espacios de INIA para realizar algunos ensayos en torno al uso de\u00a0este\u00a0dron, b\u00e1sicamente en el tema de fumigaci\u00f3n para la aplicaci\u00f3n de alg\u00fan pesticida como tambi\u00e9n para la siembra a\u00e9rea, pensando que \u00e9sta puede ser una buena alternativa espec\u00edficamente para productores m\u00e1s peque\u00f1o y donde la maquinaria convencional, por tema de costos no le es rentable ir a trabajar en una, dos o media hect\u00e1rea. Por lo tanto, alternativas como esta, en la que Eduardo se mueve con su camioneta y su equipo, y puede llegar a distintos lugares y a terrenos inaccesibles, hace m\u00e1s pr\u00e1ctico el uso de esta tecnolog\u00eda en ese tipo de condiciones\u201d.<\/p>\n<p style=\"font-weight: 400; text-align: justify;\">La actividad se desarrollar\u00e1 en dos jornadas. El lunes 08 de noviembre a las 19:00 horas se realizar\u00e1 el seminario online, con las exposiciones de Osvaldo\u00a0Teuber\u00a0Winkler, investigador de INIA TAMEL AIKE; Rodrigo Quintana Loyola, de INIA\u00a0Quilamapu, y Eduardo Pradenas Hern\u00e1ndez, director del proyecto de Corfo.<\/p>\n<p style=\"font-weight: 400; text-align: justify;\">Las inscripciones para participar se realizan en\u00a0<a href=\"https:\/\/cutt.ly\/qR7Bsau\" data-saferedirecturl=\"https:\/\/www.google.com\/url?q=https:\/\/cutt.ly\/qR7Bsau&amp;source=gmail&amp;ust=1636460382261000&amp;usg=AOvVaw1MGKdOzn0rg8TWL9HywGG_\">https:\/\/cutt.ly\/qR7Bsau<\/a>.<\/p>\n<p style=\"font-weight: 400; text-align: justify;\">Y el martes 09, de 09:30 a 12:00 horas, un D\u00eda de Campo en el predio El Ciruelo de INIA TAMEL AIKE. Para m\u00e1s informaci\u00f3n, escribir a\u00a0<a href=\"mailto:pradenas.eduardo@gmail.com\">pradenas.eduardo@gmail.com<\/a>\u00a0o\u00a0<a href=\"mailto:veronica.gonzalez@inia.cl\">veronica.gonzalez@inia.cl<\/a><\/p>\n<\/div><\/section><\/div><div  style='height:50px' class='hr hr-invisible   avia-builder-el-6  el_after_av_one_full  el_before_av_social_share '><span class='hr-inner ' ><span class='hr-inner-style'><\/span><\/span><\/div><\/p>\n<div  class='av-social-sharing-box  avia-builder-el-7  el_after_av_hr  el_before_av_hr  '><div class='av-share-box'><h5 class='av-share-link-description av-no-toc '>Compartir esta noticia<\/h5><ul class='av-share-box-list noLightbox'><li class='av-share-link av-social-link-facebook' ><a target=\"_blank\" aria-label=\"Compartir en Facebook\" href='https:\/\/www.facebook.com\/sharer.php?u=https:\/\/radiorevelacionfm.cl\/?p=10502&#038;t=DronesAustral%3A%20La%20tecnolog%C3%ADa%20e%20innovaci%C3%B3n%20al%20servicio%20de%20la%20agricultura%20en%20Ays%C3%A9n' aria-hidden='false' data-av_icon='\ue8f3' data-av_iconfont='entypo-fontello' title='' data-avia-related-tooltip='Compartir en Facebook' rel=\"noopener\"><span class='avia_hidden_link_text'>Compartir en Facebook<\/span><\/a><\/li><li class='av-share-link av-social-link-twitter' ><a target=\"_blank\" aria-label=\"Compartir en Twitter\" href='https:\/\/twitter.com\/share?text=DronesAustral%3A%20La%20tecnolog%C3%ADa%20e%20innovaci%C3%B3n%20al%20servicio%20de%20la%20agricultura%20en%20Ays%C3%A9n&#038;url=https:\/\/radiorevelacionfm.cl\/?p=10502' aria-hidden='false' data-av_icon='\ue8f1' data-av_iconfont='entypo-fontello' title='' data-avia-related-tooltip='Compartir en Twitter' rel=\"noopener\"><span class='avia_hidden_link_text'>Compartir en Twitter<\/span><\/a><\/li><li class='av-share-link av-social-link-whatsapp' ><a target=\"_blank\" aria-label=\"Compartir en Whatsapp\" href='https:\/\/api.whatsapp.com\/send?text=https:\/\/radiorevelacionfm.cl\/?p=10502' aria-hidden='false' data-av_icon='\uf232' data-av_iconfont='entypo-fontello' title='' data-avia-related-tooltip='Compartir en Whatsapp' rel=\"noopener\"><span class='avia_hidden_link_text'>Compartir en Whatsapp<\/span><\/a><\/li><li class='av-share-link av-social-link-linkedin' ><a target=\"_blank\" aria-label=\"Compartir en LinkedIn\" href='https:\/\/linkedin.com\/shareArticle?mini=true&#038;title=DronesAustral%3A%20La%20tecnolog%C3%ADa%20e%20innovaci%C3%B3n%20al%20servicio%20de%20la%20agricultura%20en%20Ays%C3%A9n&#038;url=https:\/\/radiorevelacionfm.cl\/?p=10502' aria-hidden='false' data-av_icon='\ue8fc' data-av_iconfont='entypo-fontello' title='' data-avia-related-tooltip='Compartir en LinkedIn' rel=\"noopener\"><span class='avia_hidden_link_text'>Compartir en LinkedIn<\/span><\/a><\/li><li class='av-share-link av-social-link-mail' ><a  aria-label=\"Compartir por correo\" href='mailto:?subject=DronesAustral%3A%20La%20tecnolog%C3%ADa%20e%20innovaci%C3%B3n%20al%20servicio%20de%20la%20agricultura%20en%20Ays%C3%A9n&#038;body=https:\/\/radiorevelacionfm.cl\/?p=10502' aria-hidden='false' data-av_icon='\ue805' data-av_iconfont='entypo-fontello' title='' data-avia-related-tooltip='Compartir por correo'><span class='avia_hidden_link_text'>Compartir por correo<\/span><\/a><\/li><\/ul><\/div><\/div>\n<div  style='height:50px' class='hr hr-invisible   avia-builder-el-8  el_after_av_social_share  el_before_av_comments_list '><span class='hr-inner ' ><span class='hr-inner-style'><\/span><\/span><\/div>\n<div  class='av-buildercomment  av-blog-meta-html-info-disabled av-blog-meta-tag-disabled  '><\/div>\n","protected":false},"excerpt":{"rendered":"","protected":false},"author":1,"featured_media":10503,"comment_status":"open","ping_status":"open","sticky":false,"template":"","format":"standard","meta":{"footnotes":""},"categories":[38],"tags":[],"class_list":["post-10502","post","type-post","status-publish","format-standard","has-post-thumbnail","hentry","category-regional"],"jetpack_featured_media_url":"https:\/\/radiorevelacionfm.cl\/wp-content\/uploads\/2021\/11\/01-drones1-1-1.jpg","_links":{"self":[{"href":"https:\/\/radiorevelacionfm.cl\/index.php?rest_route=\/wp\/v2\/posts\/10502","targetHints":{"allow":["GET"]}}],"collection":[{"href":"https:\/\/radiorevelacionfm.cl\/index.php?rest_route=\/wp\/v2\/posts"}],"about":[{"href":"https:\/\/radiorevelacionfm.cl\/index.php?rest_route=\/wp\/v2\/types\/post"}],"author":[{"embeddable":true,"href":"https:\/\/radiorevelacionfm.cl\/index.php?rest_route=\/wp\/v2\/users\/1"}],"replies":[{"embeddable":true,"href":"https:\/\/radiorevelacionfm.cl\/index.php?rest_route=%2Fwp%2Fv2%2Fcomments&post=10502"}],"version-history":[{"count":2,"href":"https:\/\/radiorevelacionfm.cl\/index.php?rest_route=\/wp\/v2\/posts\/10502\/revisions"}],"predecessor-version":[{"id":10505,"href":"https:\/\/radiorevelacionfm.cl\/index.php?rest_route=\/wp\/v2\/posts\/10502\/revisions\/10505"}],"wp:featuredmedia":[{"embeddable":true,"href":"https:\/\/radiorevelacionfm.cl\/index.php?rest_route=\/wp\/v2\/media\/10503"}],"wp:attachment":[{"href":"https:\/\/radiorevelacionfm.cl\/index.php?rest_route=%2Fwp%2Fv2%2Fmedia&parent=10502"}],"wp:term":[{"taxonomy":"category","embeddable":true,"href":"https:\/\/radiorevelacionfm.cl\/index.php?rest_route=%2Fwp%2Fv2%2Fcategories&post=10502"},{"taxonomy":"post_tag","embeddable":true,"href":"https:\/\/radiorevelacionfm.cl\/index.php?rest_route=%2Fwp%2Fv2%2Ftags&post=10502"}],"curies":[{"name":"wp","href":"https:\/\/api.w.org\/{rel}","templated":true}]}}